{"id":1020,"date":"2025-09-24T10:23:56","date_gmt":"2025-09-24T09:23:56","guid":{"rendered":"https:\/\/zde.wfosigw.zgora.pl\/?p=1020"},"modified":"2025-09-24T10:41:21","modified_gmt":"2025-09-24T09:41:21","slug":"jak-dobrze-przygotowac-sie-do-termomodernizacji-budynku-podstawy-sporzadzania-i-weryfikacji-audytow-energetycznych-oraz-swiadectw-charakterystyki-energetycznej-po","status":"publish","type":"post","link":"https:\/\/zde.wfosigw.zgora.pl\/index.php\/2025\/09\/24\/jak-dobrze-przygotowac-sie-do-termomodernizacji-budynku-podstawy-sporzadzania-i-weryfikacji-audytow-energetycznych-oraz-swiadectw-charakterystyki-energetycznej-po\/","title":{"rendered":"\u201eJak dobrze przygotowa\u0107 si\u0119 do termomodernizacji budynku \u2013 podstawy sporz\u0105dzania i weryfikacji audyt\u00f3w energetycznych oraz \u015bwiadectw charakterystyki energetycznej\u201d \u2013 podsumowanie cyklu szkole\u0144."},"content":{"rendered":"\n<h1 class=\"wp-block-heading\"><\/h1>\n\n\n\n<figure class=\"wp-block-image size-full\"><img loading=\"lazy\" decoding=\"async\" width=\"945\" height=\"87\" src=\"https:\/\/zde.wfosigw.zgora.pl\/wp-content\/uploads\/2025\/09\/image.png\" alt=\"\" class=\"wp-image-1021\" srcset=\"https:\/\/zde.wfosigw.zgora.pl\/wp-content\/uploads\/2025\/09\/image.png 945w, https:\/\/zde.wfosigw.zgora.pl\/wp-content\/uploads\/2025\/09\/image-300x28.png 300w, https:\/\/zde.wfosigw.zgora.pl\/wp-content\/uploads\/2025\/09\/image-768x71.png 768w, https:\/\/zde.wfosigw.zgora.pl\/wp-content\/uploads\/2025\/09\/image-930x87.png 930w\" sizes=\"auto, (max-width: 945px) 100vw, 945px\" \/><\/figure>\n\n\n\n<p>Wojew\u00f3dzki Fundusz Ochrony \u015arodowiska i Gospodarki Wodnej w Zielonej G\u00f3rze zorganizowa\u0142 cykl szkole\u0144 dla pracownik\u00f3w jednostek samorz\u0105du terytorialnego z Wojew\u00f3dztwa Lubuskiego. Spotkania odby\u0142y si\u0119 w sze\u015bciu lokalizacjach regionu, co umo\u017cliwi\u0142o szeroki udzia\u0142 przedstawicieli gmin. Szkolenie prowadzone by\u0142o przez Doradc\u00f3w Energetycznych.<\/p>\n\n\n\n<p>Szkolenie mia\u0142o na celu pog\u0142\u0119bienie wiedzy z zakresu termomodernizacji budynk\u00f3w, zasad sporz\u0105dzania i weryfikacji audyt\u00f3w energetycznych, a tak\u017ce przygotowywania \u015bwiadectw charakterystyki energetycznej. W trakcie zaj\u0119\u0107 om\u00f3wiono r\u00f3wnie\u017c zagadnienia zwi\u0105zane z realizacj\u0105 Programu \u201eCzyste Powietrze\u201d.<\/p>\n\n\n\n<p>Uczestnicy mieli okazj\u0119 zapozna\u0107 si\u0119 z praktycznymi wskaz\u00f3wkami dotycz\u0105cymi przygotowania dokumentacji niezb\u0119dnej przy planowaniu inwestycji termomodernizacyjnych. Eksperci wskazywali na najcz\u0119\u015bciej pope\u0142niane b\u0142\u0119dy oraz przedstawiali rozwi\u0105zania, kt\u00f3re pozwalaj\u0105 usprawni\u0107 proces przygotowania i oceny audyt\u00f3w energetycznych.<\/p>\n\n\n\n<p>Spotkania cieszy\u0142y si\u0119 du\u017cym zainteresowaniem przedstawicieli gmin, kt\u00f3rzy aktywnie uczestniczyli w dyskusjach i zadawali pytania dotycz\u0105ce bie\u017c\u0105cych wyzwa\u0144 w zakresie poprawy efektywno\u015bci energetycznej budynk\u00f3w.<\/p>\n\n\n\n<p>Cykl rozpocz\u0105\u0142 si\u0119 27 sierpnia 2025 r. w Zielonej G\u00f3rze i obejmowa\u0142 kolejne terminy w Starym Raduszcu ( gm. Krosno Odrza\u0144skie), Nowej Soli, Gorzowie Wlkp., \u015awiebodzinie oraz \u017baganiu. Dzi\u0119ki temu mo\u017cliwe by\u0142o dotarcie do szerokiego grona pracownik\u00f3w samorz\u0105dowych z r\u00f3\u017cnych cz\u0119\u015bci wojew\u00f3dztwa.<\/p>\n\n\n\n<p>Wiedza zdobyta podczas szkole\u0144 b\u0119dzie pomocna nie tylko w codziennej pracy urz\u0119dnik\u00f3w, ale tak\u017ce w skutecznej realizacji lokalnych program\u00f3w zwi\u0105zanych z popraw\u0105 jako\u015bci powietrza i zmniejszeniem zu\u017cycia energii.<\/p>\n\n\n\n<p><strong><em>Szkolenie realizowane jest w ramach Projektu Doradztwa Energetycznego finansowanego w ramach FEnIKS na lata 2021 \u2013 2027<\/em><\/strong><\/p>\n\n\n\n<p><strong><em>Og\u00f3lnopolski Projekt Doradztwa Energetycznego jest jednocze\u015bnie Operacj\u0105 o&nbsp;znaczeniu strategicznym, kt\u00f3ra wnosi znacz\u0105cy wk\u0142ad w&nbsp;osi\u0105ganie cel\u00f3w programu FEnIKS 2021-2027.<\/em><\/strong><em><\/em><\/p>\n\n\n\n<p><strong><em>Beneficjent i&nbsp;Partner Wiod\u0105cy: NFO\u015aiGW w&nbsp;Warszawie<\/em><\/strong><em><\/em><\/p>\n\n\n\n<p><strong><em>Partnerzy: WFO\u015aiGW w&nbsp;Bia\u0142ymstoku, WFO\u015aiGW w&nbsp;Gda\u0144sku, WFO\u015aiGW w&nbsp;Katowicach, WFO\u015aiGW w&nbsp;Kielcach, WFO\u015aiGW w&nbsp;Krakowie, WFO\u015aiGW w&nbsp;Lublinie, WFO\u015aiGW w&nbsp;\u0141odzi, WFO\u015aiGW w&nbsp;Olsztynie, WFO\u015aiGW w&nbsp;Opolu, WFO\u015aiGW w&nbsp;Poznaniu, WFO\u015aiGW w&nbsp;Rzeszowie, WFO\u015aiGW w&nbsp;Szczecinie, WFO\u015aiGW w&nbsp;Toruniu, WFO\u015aiGW w&nbsp;Warszawie, WFO\u015aiGW w&nbsp;Zielonej G\u00f3rze, WFO\u015aiGW we Wroc\u0142awiu.<\/em><\/strong><em><\/em><\/p>\n\n\n\n<p><em><a href=\"https:\/\/www.funduszeeuropejskie.gov.pl\/\"><strong>Fundusze Europejskie<\/strong><\/a><\/em><\/p>\n\n\n\n<p><em><a href=\"https:\/\/www.feniks.gov.pl\/\"><strong>FEnIKS 2021-2027<\/strong><\/a><\/em><\/p>\n\n\n\n<figure class=\"wp-block-gallery has-nested-images columns-default is-cropped wp-block-gallery-1 is-layout-flex wp-block-gallery-is-layout-flex\">\n<figure class=\"wp-block-image size-large\"><img loading=\"lazy\" decoding=\"async\" width=\"780\" height=\"1024\" data-id=\"1023\" src=\"https:\/\/zde.wfosigw.zgora.pl\/wp-content\/uploads\/2025\/09\/1000019251-2-780x1024.jpg\" alt=\"\" class=\"wp-image-1023\" srcset=\"https:\/\/zde.wfosigw.zgora.pl\/wp-content\/uploads\/2025\/09\/1000019251-2-780x1024.jpg 780w, https:\/\/zde.wfosigw.zgora.pl\/wp-content\/uploads\/2025\/09\/1000019251-2-229x300.jpg 229w, https:\/\/zde.wfosigw.zgora.pl\/wp-content\/uploads\/2025\/09\/1000019251-2-768x1008.jpg 768w, https:\/\/zde.wfosigw.zgora.pl\/wp-content\/uploads\/2025\/09\/1000019251-2-1170x1536.jpg 1170w, https:\/\/zde.wfosigw.zgora.pl\/wp-content\/uploads\/2025\/09\/1000019251-2-1560x2048.jpg 1560w, https:\/\/zde.wfosigw.zgora.pl\/wp-content\/uploads\/2025\/09\/1000019251-2-scaled.jpg 1951w\" sizes=\"auto, (max-width: 780px) 100vw, 780px\" \/><\/figure>\n\n\n\n<figure class=\"wp-block-image size-large\"><img loading=\"lazy\" decoding=\"async\" width=\"816\" height=\"1024\" data-id=\"1022\" src=\"https:\/\/zde.wfosigw.zgora.pl\/wp-content\/uploads\/2025\/09\/20250916_094332-816x1024.jpg\" alt=\"\" class=\"wp-image-1022\" srcset=\"https:\/\/zde.wfosigw.zgora.pl\/wp-content\/uploads\/2025\/09\/20250916_094332-816x1024.jpg 816w, https:\/\/zde.wfosigw.zgora.pl\/wp-content\/uploads\/2025\/09\/20250916_094332-239x300.jpg 239w, https:\/\/zde.wfosigw.zgora.pl\/wp-content\/uploads\/2025\/09\/20250916_094332-768x964.jpg 768w, https:\/\/zde.wfosigw.zgora.pl\/wp-content\/uploads\/2025\/09\/20250916_094332-1224x1536.jpg 1224w, https:\/\/zde.wfosigw.zgora.pl\/wp-content\/uploads\/2025\/09\/20250916_094332-1632x2048.jpg 1632w, https:\/\/zde.wfosigw.zgora.pl\/wp-content\/uploads\/2025\/09\/20250916_094332-scaled.jpg 2040w\" sizes=\"auto, (max-width: 816px) 100vw, 816px\" \/><\/figure>\n\n\n\n<figure class=\"wp-block-image size-large\"><img loading=\"lazy\" decoding=\"async\" width=\"768\" height=\"1024\" data-id=\"1024\" src=\"https:\/\/zde.wfosigw.zgora.pl\/wp-content\/uploads\/2025\/09\/1000019857-768x1024.jpg\" alt=\"\" class=\"wp-image-1024\" srcset=\"https:\/\/zde.wfosigw.zgora.pl\/wp-content\/uploads\/2025\/09\/1000019857-768x1024.jpg 768w, https:\/\/zde.wfosigw.zgora.pl\/wp-content\/uploads\/2025\/09\/1000019857-225x300.jpg 225w, https:\/\/zde.wfosigw.zgora.pl\/wp-content\/uploads\/2025\/09\/1000019857-1152x1536.jpg 1152w, https:\/\/zde.wfosigw.zgora.pl\/wp-content\/uploads\/2025\/09\/1000019857-1536x2048.jpg 1536w, https:\/\/zde.wfosigw.zgora.pl\/wp-content\/uploads\/2025\/09\/1000019857-scaled.jpg 1920w\" sizes=\"auto, (max-width: 768px) 100vw, 768px\" \/><\/figure>\n\n\n\n<figure class=\"wp-block-image size-large\"><img loading=\"lazy\" decoding=\"async\" width=\"813\" height=\"1024\" data-id=\"1025\" src=\"https:\/\/zde.wfosigw.zgora.pl\/wp-content\/uploads\/2025\/09\/foto-1-813x1024.jpg\" alt=\"\" class=\"wp-image-1025\" srcset=\"https:\/\/zde.wfosigw.zgora.pl\/wp-content\/uploads\/2025\/09\/foto-1-813x1024.jpg 813w, https:\/\/zde.wfosigw.zgora.pl\/wp-content\/uploads\/2025\/09\/foto-1-238x300.jpg 238w, https:\/\/zde.wfosigw.zgora.pl\/wp-content\/uploads\/2025\/09\/foto-1-768x967.jpg 768w, https:\/\/zde.wfosigw.zgora.pl\/wp-content\/uploads\/2025\/09\/foto-1-1219x1536.jpg 1219w, https:\/\/zde.wfosigw.zgora.pl\/wp-content\/uploads\/2025\/09\/foto-1.jpg 1471w\" sizes=\"auto, (max-width: 813px) 100vw, 813px\" \/><\/figure>\n\n\n\n<figure class=\"wp-block-image size-large\"><img loading=\"lazy\" decoding=\"async\" width=\"768\" height=\"1024\" data-id=\"1026\" src=\"https:\/\/zde.wfosigw.zgora.pl\/wp-content\/uploads\/2025\/09\/foto4-768x1024.jpg\" alt=\"\" class=\"wp-image-1026\" srcset=\"https:\/\/zde.wfosigw.zgora.pl\/wp-content\/uploads\/2025\/09\/foto4-768x1024.jpg 768w, https:\/\/zde.wfosigw.zgora.pl\/wp-content\/uploads\/2025\/09\/foto4-225x300.jpg 225w, https:\/\/zde.wfosigw.zgora.pl\/wp-content\/uploads\/2025\/09\/foto4-1152x1536.jpg 1152w, https:\/\/zde.wfosigw.zgora.pl\/wp-content\/uploads\/2025\/09\/foto4.jpg 1530w\" sizes=\"auto, (max-width: 768px) 100vw, 768px\" \/><\/figure>\n\n\n\n<figure class=\"wp-block-image size-large\"><img loading=\"lazy\" decoding=\"async\" width=\"1024\" height=\"768\" data-id=\"1027\" src=\"https:\/\/zde.wfosigw.zgora.pl\/wp-content\/uploads\/2025\/09\/IMG_20250902_101028841-1024x768.jpg\" alt=\"\" class=\"wp-image-1027\" srcset=\"https:\/\/zde.wfosigw.zgora.pl\/wp-content\/uploads\/2025\/09\/IMG_20250902_101028841-1024x768.jpg 1024w, https:\/\/zde.wfosigw.zgora.pl\/wp-content\/uploads\/2025\/09\/IMG_20250902_101028841-300x225.jpg 300w, https:\/\/zde.wfosigw.zgora.pl\/wp-content\/uploads\/2025\/09\/IMG_20250902_101028841-768x576.jpg 768w, https:\/\/zde.wfosigw.zgora.pl\/wp-content\/uploads\/2025\/09\/IMG_20250902_101028841-1536x1152.jpg 1536w, https:\/\/zde.wfosigw.zgora.pl\/wp-content\/uploads\/2025\/09\/IMG_20250902_101028841-2048x1536.jpg 2048w\" sizes=\"auto, (max-width: 1024px) 100vw, 1024px\" \/><\/figure>\n\n\n\n<figure class=\"wp-block-image size-large\"><img loading=\"lazy\" decoding=\"async\" width=\"678\" height=\"1024\" data-id=\"1028\" src=\"https:\/\/zde.wfosigw.zgora.pl\/wp-content\/uploads\/2025\/09\/IMG-20250828-WA0003-678x1024.jpg\" alt=\"\" class=\"wp-image-1028\" srcset=\"https:\/\/zde.wfosigw.zgora.pl\/wp-content\/uploads\/2025\/09\/IMG-20250828-WA0003-678x1024.jpg 678w, https:\/\/zde.wfosigw.zgora.pl\/wp-content\/uploads\/2025\/09\/IMG-20250828-WA0003-199x300.jpg 199w, https:\/\/zde.wfosigw.zgora.pl\/wp-content\/uploads\/2025\/09\/IMG-20250828-WA0003-768x1160.jpg 768w, https:\/\/zde.wfosigw.zgora.pl\/wp-content\/uploads\/2025\/09\/IMG-20250828-WA0003-1017x1536.jpg 1017w, https:\/\/zde.wfosigw.zgora.pl\/wp-content\/uploads\/2025\/09\/IMG-20250828-WA0003.jpg 1059w\" sizes=\"auto, (max-width: 678px) 100vw, 678px\" \/><\/figure>\n\n\n\n<figure class=\"wp-block-image size-large\"><img loading=\"lazy\" decoding=\"async\" width=\"768\" height=\"1024\" data-id=\"1029\" src=\"https:\/\/zde.wfosigw.zgora.pl\/wp-content\/uploads\/2025\/09\/IMG20250827140350-768x1024.jpg\" alt=\"\" class=\"wp-image-1029\" srcset=\"https:\/\/zde.wfosigw.zgora.pl\/wp-content\/uploads\/2025\/09\/IMG20250827140350-768x1024.jpg 768w, https:\/\/zde.wfosigw.zgora.pl\/wp-content\/uploads\/2025\/09\/IMG20250827140350-225x300.jpg 225w, https:\/\/zde.wfosigw.zgora.pl\/wp-content\/uploads\/2025\/09\/IMG20250827140350-1152x1536.jpg 1152w, https:\/\/zde.wfosigw.zgora.pl\/wp-content\/uploads\/2025\/09\/IMG20250827140350-1536x2048.jpg 1536w, https:\/\/zde.wfosigw.zgora.pl\/wp-content\/uploads\/2025\/09\/IMG20250827140350-scaled.jpg 1920w\" sizes=\"auto, (max-width: 768px) 100vw, 768px\" \/><figcaption class=\"wp-element-caption\">oppo_32<\/figcaption><\/figure>\n\n\n\n<figure class=\"wp-block-image size-large\"><img loading=\"lazy\" decoding=\"async\" width=\"1024\" height=\"768\" data-id=\"985\" src=\"https:\/\/zde.wfosigw.zgora.pl\/wp-content\/uploads\/2025\/09\/IMG20250904103517-1-1024x768.jpg\" alt=\"\" class=\"wp-image-985\" srcset=\"https:\/\/zde.wfosigw.zgora.pl\/wp-content\/uploads\/2025\/09\/IMG20250904103517-1-1024x768.jpg 1024w, https:\/\/zde.wfosigw.zgora.pl\/wp-content\/uploads\/2025\/09\/IMG20250904103517-1-300x225.jpg 300w, https:\/\/zde.wfosigw.zgora.pl\/wp-content\/uploads\/2025\/09\/IMG20250904103517-1-768x576.jpg 768w, https:\/\/zde.wfosigw.zgora.pl\/wp-content\/uploads\/2025\/09\/IMG20250904103517-1-1536x1152.jpg 1536w, https:\/\/zde.wfosigw.zgora.pl\/wp-content\/uploads\/2025\/09\/IMG20250904103517-1-2048x1536.jpg 2048w\" sizes=\"auto, (max-width: 1024px) 100vw, 1024px\" \/><figcaption class=\"wp-element-caption\">oppo_0<\/figcaption><\/figure>\n<\/figure>\n\n\n\n<figure class=\"wp-block-image size-large\"><img loading=\"lazy\" decoding=\"async\" width=\"1024\" height=\"768\" src=\"https:\/\/zde.wfosigw.zgora.pl\/wp-content\/uploads\/2025\/09\/20250923_102210-1024x768.jpg\" alt=\"\" class=\"wp-image-1030\" srcset=\"https:\/\/zde.wfosigw.zgora.pl\/wp-content\/uploads\/2025\/09\/20250923_102210-1024x768.jpg 1024w, https:\/\/zde.wfosigw.zgora.pl\/wp-content\/uploads\/2025\/09\/20250923_102210-300x225.jpg 300w, https:\/\/zde.wfosigw.zgora.pl\/wp-content\/uploads\/2025\/09\/20250923_102210-768x576.jpg 768w, https:\/\/zde.wfosigw.zgora.pl\/wp-content\/uploads\/2025\/09\/20250923_102210-1536x1152.jpg 1536w, https:\/\/zde.wfosigw.zgora.pl\/wp-content\/uploads\/2025\/09\/20250923_102210-2048x1536.jpg 2048w\" sizes=\"auto, (max-width: 1024px) 100vw, 1024px\" \/><\/figure>\n","protected":false},"excerpt":{"rendered":"<p>Wojew\u00f3dzki Fundusz Ochrony \u015arodowiska i Gospodarki Wodnej w Zielonej G\u00f3rze zorganizowa\u0142 cykl szkole\u0144 dla pracownik\u00f3w jednostek samorz\u0105du terytorialnego z Wojew\u00f3dztwa Lubuskiego. Spotkania odby\u0142y si\u0119 w sze\u015bciu lokalizacjach regionu, co umo\u017cliwi\u0142o szeroki udzia\u0142 przedstawicieli gmin. Szkolenie prowadzone by\u0142o przez Doradc\u00f3w Energetycznych. Szkolenie mia\u0142o na celu pog\u0142\u0119bienie wiedzy z zakresu termomodernizacji budynk\u00f3w, zasad sporz\u0105dzania i weryfikacji audyt\u00f3w&hellip;&nbsp;<a href=\"https:\/\/zde.wfosigw.zgora.pl\/index.php\/2025\/09\/24\/jak-dobrze-przygotowac-sie-do-termomodernizacji-budynku-podstawy-sporzadzania-i-weryfikacji-audytow-energetycznych-oraz-swiadectw-charakterystyki-energetycznej-po\/\" rel=\"bookmark\">Dowiedz si\u0119 wi\u0119cej &raquo;<span class=\"screen-reader-text\">\u201eJak dobrze przygotowa\u0107 si\u0119 do termomodernizacji budynku \u2013 podstawy sporz\u0105dzania i weryfikacji audyt\u00f3w energetycznych oraz \u015bwiadectw charakterystyki energetycznej\u201d \u2013 podsumowanie cyklu szkole\u0144.<\/span><\/a><\/p>\n","protected":false},"author":7,"featured_media":1022,"comment_status":"closed","ping_status":"closed","sticky":false,"template":"","format":"standard","meta":{"neve_meta_sidebar":"","neve_meta_container":"","neve_meta_enable_content_width":"","neve_meta_content_width":0,"neve_meta_title_alignment":"","neve_meta_author_avatar":"","neve_post_elements_order":"","neve_meta_disable_header":"","neve_meta_disable_footer":"","neve_meta_disable_title":"","_themeisle_gutenberg_block_has_review":false,"footnotes":""},"categories":[8],"tags":[],"class_list":["post-1020","post","type-post","status-publish","format-standard","has-post-thumbnail","hentry","category-aktualnosci"],"_links":{"self":[{"href":"https:\/\/zde.wfosigw.zgora.pl\/index.php\/wp-json\/wp\/v2\/posts\/1020","targetHints":{"allow":["GET"]}}],"collection":[{"href":"https:\/\/zde.wfosigw.zgora.pl\/index.php\/wp-json\/wp\/v2\/posts"}],"about":[{"href":"https:\/\/zde.wfosigw.zgora.pl\/index.php\/wp-json\/wp\/v2\/types\/post"}],"author":[{"embeddable":true,"href":"https:\/\/zde.wfosigw.zgora.pl\/index.php\/wp-json\/wp\/v2\/users\/7"}],"replies":[{"embeddable":true,"href":"https:\/\/zde.wfosigw.zgora.pl\/index.php\/wp-json\/wp\/v2\/comments?post=1020"}],"version-history":[{"count":2,"href":"https:\/\/zde.wfosigw.zgora.pl\/index.php\/wp-json\/wp\/v2\/posts\/1020\/revisions"}],"predecessor-version":[{"id":1032,"href":"https:\/\/zde.wfosigw.zgora.pl\/index.php\/wp-json\/wp\/v2\/posts\/1020\/revisions\/1032"}],"wp:featuredmedia":[{"embeddable":true,"href":"https:\/\/zde.wfosigw.zgora.pl\/index.php\/wp-json\/wp\/v2\/media\/1022"}],"wp:attachment":[{"href":"https:\/\/zde.wfosigw.zgora.pl\/index.php\/wp-json\/wp\/v2\/media?parent=1020"}],"wp:term":[{"taxonomy":"category","embeddable":true,"href":"https:\/\/zde.wfosigw.zgora.pl\/index.php\/wp-json\/wp\/v2\/categories?post=1020"},{"taxonomy":"post_tag","embeddable":true,"href":"https:\/\/zde.wfosigw.zgora.pl\/index.php\/wp-json\/wp\/v2\/tags?post=1020"}],"curies":[{"name":"wp","href":"https:\/\/api.w.org\/{rel}","templated":true}]}}