{"id":1050,"date":"2025-11-03T08:13:58","date_gmt":"2025-11-03T07:13:58","guid":{"rendered":"https:\/\/zde.wfosigw.zgora.pl\/?p=1050"},"modified":"2025-11-03T08:15:17","modified_gmt":"2025-11-03T07:15:17","slug":"podsumowanie-kampanii-informacyjno-promocyjnej-wspolnie-dla-klimatu-zrealizuj-inwestycje-razem-z-nami-polaczone-ze-szkoleniem-z-programu-czyste-powietrze","status":"publish","type":"post","link":"https:\/\/zde.wfosigw.zgora.pl\/index.php\/2025\/11\/03\/podsumowanie-kampanii-informacyjno-promocyjnej-wspolnie-dla-klimatu-zrealizuj-inwestycje-razem-z-nami-polaczone-ze-szkoleniem-z-programu-czyste-powietrze\/","title":{"rendered":"Podsumowanie kampanii informacyjno\u2013promocyjnej: \u201eWsp\u00f3lnie dla klimatu \u2013 zrealizuj inwestycj\u0119 razem z nami\u201d po\u0142\u0105czone ze szkoleniem z Programu \u201eCzyste Powietrze\u201d ju\u017c w najbli\u017csz\u0105 \u015brod\u0119!"},"content":{"rendered":"\n<figure class=\"wp-block-image size-full\"><img loading=\"lazy\" decoding=\"async\" width=\"945\" height=\"87\" src=\"https:\/\/zde.wfosigw.zgora.pl\/wp-content\/uploads\/2025\/09\/image.png\" alt=\"\" class=\"wp-image-1021\" srcset=\"https:\/\/zde.wfosigw.zgora.pl\/wp-content\/uploads\/2025\/09\/image.png 945w, https:\/\/zde.wfosigw.zgora.pl\/wp-content\/uploads\/2025\/09\/image-300x28.png 300w, https:\/\/zde.wfosigw.zgora.pl\/wp-content\/uploads\/2025\/09\/image-768x71.png 768w, https:\/\/zde.wfosigw.zgora.pl\/wp-content\/uploads\/2025\/09\/image-930x87.png 930w\" sizes=\"auto, (max-width: 945px) 100vw, 945px\" \/><\/figure>\n\n\n\n<figure class=\"wp-block-image size-large is-resized\"><img loading=\"lazy\" decoding=\"async\" width=\"1024\" height=\"768\" src=\"https:\/\/zde.wfosigw.zgora.pl\/wp-content\/uploads\/2025\/09\/IMG_20250902_101044078-1-1024x768.jpg\" alt=\"\" class=\"wp-image-988\" style=\"width:788px;height:auto\" srcset=\"https:\/\/zde.wfosigw.zgora.pl\/wp-content\/uploads\/2025\/09\/IMG_20250902_101044078-1-1024x768.jpg 1024w, https:\/\/zde.wfosigw.zgora.pl\/wp-content\/uploads\/2025\/09\/IMG_20250902_101044078-1-300x225.jpg 300w, https:\/\/zde.wfosigw.zgora.pl\/wp-content\/uploads\/2025\/09\/IMG_20250902_101044078-1-768x576.jpg 768w, https:\/\/zde.wfosigw.zgora.pl\/wp-content\/uploads\/2025\/09\/IMG_20250902_101044078-1-1536x1152.jpg 1536w, https:\/\/zde.wfosigw.zgora.pl\/wp-content\/uploads\/2025\/09\/IMG_20250902_101044078-1-2048x1536.jpg 2048w\" sizes=\"auto, (max-width: 1024px) 100vw, 1024px\" \/><\/figure>\n\n\n\n<p><em>Szanowni Pa\u0144stwo,<\/em><\/p>\n\n\n\n<p>Wojew\u00f3dzki Fundusz Ochrony \u015arodowiska i Gospodarki Wodnej w Zielonej G\u00f3rze serdecznie zaprasza do udzia\u0142u w <strong>spotkaniu informacyjnym podsumowuj\u0105cym Kampani\u0119 informacyjno\u2013promocyjnym:<\/strong> <strong>\u201eWsp\u00f3lnie dla klimatu \u2013 zrealizuj inwestycj\u0119 razem z nami\u201d<\/strong> oraz w <strong>szkoleniu z Programu \u201eCzyste Powietrze\u201d<\/strong>, skierowanym do pracownik\u00f3w gmin.<\/p>\n\n\n\n<p>Celem wydarzenia jest przedstawienie rezultat\u00f3w przeprowadzonej kampanii oraz om\u00f3wienie aktualnych zasad, mo\u017cliwo\u015bci i wyzwa\u0144 zwi\u0105zanych z realizacj\u0105 Programu Czyste Powietrze. Spotkanie stanowi r\u00f3wnie\u017c okazj\u0119 do wymiany do\u015bwiadcze\u0144 i dobrych praktyk pomi\u0119dzy przedstawicielami gmin zaanga\u017cowanych w dzia\u0142ania proekologiczne.<\/p>\n\n\n\n<p>Startujemy 5 listopada o godzinie 10:00 na Platformie Microsoft Teams. <\/p>\n\n\n\n<p>Zapoznaj si\u0119 ze szczeg\u00f3\u0142owym harmonogramem spotkania (do pobrania poni\u017cej) i zg\u0142o\u015b ch\u0119\u0107 uczestnictwa do Zespo\u0142u Doradc\u00f3w Energetycznych w wiadomo\u015bci e-mail na adres:<a href=\"mailto:szkolenia.doradcy@wfosigw.zgora.pl\"> szkolenia.doradcy@wfosigw.zgora.pl<\/a>.  W odpowiedzi zwrotnej otrzymasz link do spotkania. <\/p>\n\n\n\n<p class=\"has-text-align-center\">Szkolenie jest realizowane w ramach &nbsp;kampanii informacyjno \u2013 edukacyjnej:<\/p>\n\n\n\n<p class=\"has-text-align-center\"><strong><em>\u201eWsp\u00f3lnie dla klimatu \u2013<\/em><\/strong> <strong><em>zrealizuj inwestycj\u0119 razem z nami\u201d.<\/em><\/strong><\/p>\n\n\n\n<p class=\"has-text-align-center\">W ramach kampanii realizowany jest m.in. cykl szkole\u0144, warsztat\u00f3w i spotka\u0144 dla przedstawicieli jst, os\u00f3b fizycznych oraz przedsi\u0119biorc\u00f3w.<\/p>\n\n\n\n<p class=\"has-text-align-center\"><em>Szkolenie realizowane jest w ramach Projektu Doradztwa Energetycznego finansowanego w ramach FEnIKS na lata 2021 \u2013 2027<\/em><\/p>\n\n\n\n<p class=\"has-text-align-center\"><strong><em>Og\u00f3lnopolski Projekt Doradztwa Energetycznego jest jednocze\u015bnie Operacj\u0105 o&nbsp;znaczeniu strategicznym, kt\u00f3ra wnosi znacz\u0105cy wk\u0142ad w&nbsp;osi\u0105ganie cel\u00f3w programu FEnIKS 2021-2027.<\/em><\/strong><\/p>\n\n\n\n<p class=\"has-text-align-center\"><strong><em>Beneficjent i&nbsp;Partner Wiod\u0105cy: NFO\u015aiGW w&nbsp;Warszawie<\/em><\/strong><\/p>\n\n\n\n<p class=\"has-text-align-center\"><strong><em>Partnerzy: WFO\u015aiGW w&nbsp;Bia\u0142ymstoku, WFO\u015aiGW w&nbsp;Gda\u0144sku, WFO\u015aiGW w&nbsp;Katowicach, WFO\u015aiGW w&nbsp;Kielcach, WFO\u015aiGW w&nbsp;Krakowie, WFO\u015aiGW w&nbsp;Lublinie, WFO\u015aiGW w&nbsp;\u0141odzi, WFO\u015aiGW w&nbsp;Olsztynie, WFO\u015aiGW w&nbsp;Opolu, WFO\u015aiGW w&nbsp;Poznaniu, WFO\u015aiGW w&nbsp;Rzeszowie, WFO\u015aiGW w&nbsp;Szczecinie, WFO\u015aiGW w&nbsp;Toruniu, WFO\u015aiGW w&nbsp;Warszawie, WFO\u015aiGW w&nbsp;Zielonej G\u00f3rze, WFO\u015aiGW we Wroc\u0142awiu.<\/em><\/strong><\/p>\n\n\n\n<p class=\"has-text-align-center\"><a href=\"https:\/\/www.funduszeeuropejskie.gov.pl\/\"><strong><em>Fundusze Europejskie<\/em><\/strong><\/a><\/p>\n\n\n\n<p class=\"has-text-align-center\"><a href=\"https:\/\/www.feniks.gov.pl\/\"><strong><em>FEnIKS 2021-2027<\/em><\/strong><\/a><br>&nbsp;<\/p>\n\n\n\n<div data-wp-interactive=\"core\/file\" class=\"wp-block-file\"><object data-wp-bind--hidden=\"!state.hasPdfPreview\" hidden class=\"wp-block-file__embed\" data=\"https:\/\/zde.wfosigw.zgora.pl\/wp-content\/uploads\/2025\/11\/Program-szkolenia-05.11.2025.pdf\" type=\"application\/pdf\" style=\"width:100%;height:600px\" aria-label=\"Osadzone z Program szkolenia 05.11.2025.\"><\/object><a id=\"wp-block-file--media-e65d845f-2653-4888-aac5-80d8636ac44f\" href=\"https:\/\/zde.wfosigw.zgora.pl\/wp-content\/uploads\/2025\/11\/Program-szkolenia-05.11.2025.pdf\">Program szkolenia 05.11.2025<\/a><a href=\"https:\/\/zde.wfosigw.zgora.pl\/wp-content\/uploads\/2025\/11\/Program-szkolenia-05.11.2025.pdf\" class=\"wp-block-file__button wp-element-button\" download aria-describedby=\"wp-block-file--media-e65d845f-2653-4888-aac5-80d8636ac44f\">Pobierz<\/a><\/div>\n","protected":false},"excerpt":{"rendered":"<p>Szanowni Pa\u0144stwo, Wojew\u00f3dzki Fundusz Ochrony \u015arodowiska i Gospodarki Wodnej w Zielonej G\u00f3rze serdecznie zaprasza do udzia\u0142u w spotkaniu informacyjnym podsumowuj\u0105cym Kampani\u0119 informacyjno\u2013promocyjnym: \u201eWsp\u00f3lnie dla klimatu \u2013 zrealizuj inwestycj\u0119 razem z nami\u201d oraz w szkoleniu z Programu \u201eCzyste Powietrze\u201d, skierowanym do pracownik\u00f3w gmin. Celem wydarzenia jest przedstawienie rezultat\u00f3w przeprowadzonej kampanii oraz om\u00f3wienie aktualnych zasad, mo\u017cliwo\u015bci i&hellip;&nbsp;<a href=\"https:\/\/zde.wfosigw.zgora.pl\/index.php\/2025\/11\/03\/podsumowanie-kampanii-informacyjno-promocyjnej-wspolnie-dla-klimatu-zrealizuj-inwestycje-razem-z-nami-polaczone-ze-szkoleniem-z-programu-czyste-powietrze\/\" rel=\"bookmark\">Dowiedz si\u0119 wi\u0119cej &raquo;<span class=\"screen-reader-text\">Podsumowanie kampanii informacyjno\u2013promocyjnej: \u201eWsp\u00f3lnie dla klimatu \u2013 zrealizuj inwestycj\u0119 razem z nami\u201d po\u0142\u0105czone ze szkoleniem z Programu \u201eCzyste Powietrze\u201d ju\u017c w najbli\u017csz\u0105 \u015brod\u0119!<\/span><\/a><\/p>\n","protected":false},"author":3,"featured_media":0,"comment_status":"closed","ping_status":"closed","sticky":false,"template":"","format":"standard","meta":{"neve_meta_sidebar":"","neve_meta_container":"","neve_meta_enable_content_width":"","neve_meta_content_width":0,"neve_meta_title_alignment":"","neve_meta_author_avatar":"","neve_post_elements_order":"","neve_meta_disable_header":"","neve_meta_disable_footer":"","neve_meta_disable_title":"","_themeisle_gutenberg_block_has_review":false,"footnotes":""},"categories":[8],"tags":[],"class_list":["post-1050","post","type-post","status-publish","format-standard","hentry","category-aktualnosci"],"_links":{"self":[{"href":"https:\/\/zde.wfosigw.zgora.pl\/index.php\/wp-json\/wp\/v2\/posts\/1050","targetHints":{"allow":["GET"]}}],"collection":[{"href":"https:\/\/zde.wfosigw.zgora.pl\/index.php\/wp-json\/wp\/v2\/posts"}],"about":[{"href":"https:\/\/zde.wfosigw.zgora.pl\/index.php\/wp-json\/wp\/v2\/types\/post"}],"author":[{"embeddable":true,"href":"https:\/\/zde.wfosigw.zgora.pl\/index.php\/wp-json\/wp\/v2\/users\/3"}],"replies":[{"embeddable":true,"href":"https:\/\/zde.wfosigw.zgora.pl\/index.php\/wp-json\/wp\/v2\/comments?post=1050"}],"version-history":[{"count":2,"href":"https:\/\/zde.wfosigw.zgora.pl\/index.php\/wp-json\/wp\/v2\/posts\/1050\/revisions"}],"predecessor-version":[{"id":1053,"href":"https:\/\/zde.wfosigw.zgora.pl\/index.php\/wp-json\/wp\/v2\/posts\/1050\/revisions\/1053"}],"wp:attachment":[{"href":"https:\/\/zde.wfosigw.zgora.pl\/index.php\/wp-json\/wp\/v2\/media?parent=1050"}],"wp:term":[{"taxonomy":"category","embeddable":true,"href":"https:\/\/zde.wfosigw.zgora.pl\/index.php\/wp-json\/wp\/v2\/categories?post=1050"},{"taxonomy":"post_tag","embeddable":true,"href":"https:\/\/zde.wfosigw.zgora.pl\/index.php\/wp-json\/wp\/v2\/tags?post=1050"}],"curies":[{"name":"wp","href":"https:\/\/api.w.org\/{rel}","templated":true}]}}