{"id":1060,"date":"2025-11-06T11:11:50","date_gmt":"2025-11-06T10:11:50","guid":{"rendered":"https:\/\/zde.wfosigw.zgora.pl\/?p=1060"},"modified":"2025-11-06T11:11:51","modified_gmt":"2025-11-06T10:11:51","slug":"sukces-kampanii-informacyjno-promocyjnej-wspolnie-dla-klimatu-zrealizuj-inwestycje-razem-z-nami","status":"publish","type":"post","link":"https:\/\/zde.wfosigw.zgora.pl\/index.php\/2025\/11\/06\/sukces-kampanii-informacyjno-promocyjnej-wspolnie-dla-klimatu-zrealizuj-inwestycje-razem-z-nami\/","title":{"rendered":"Sukces kampanii informacyjno-promocyjnej \u201eWsp\u00f3lnie dla klimatu, zrealizuj inwestycj\u0119 razem z nami\u201d!"},"content":{"rendered":"\n<figure class=\"wp-block-image size-full\"><img loading=\"lazy\" decoding=\"async\" width=\"945\" height=\"87\" src=\"https:\/\/zde.wfosigw.zgora.pl\/wp-content\/uploads\/2025\/09\/image.png\" alt=\"\" class=\"wp-image-1021\" srcset=\"https:\/\/zde.wfosigw.zgora.pl\/wp-content\/uploads\/2025\/09\/image.png 945w, https:\/\/zde.wfosigw.zgora.pl\/wp-content\/uploads\/2025\/09\/image-300x28.png 300w, https:\/\/zde.wfosigw.zgora.pl\/wp-content\/uploads\/2025\/09\/image-768x71.png 768w, https:\/\/zde.wfosigw.zgora.pl\/wp-content\/uploads\/2025\/09\/image-930x87.png 930w\" sizes=\"auto, (max-width: 945px) 100vw, 945px\" \/><\/figure>\n\n\n\n<figure class=\"wp-block-image size-large\"><img loading=\"lazy\" decoding=\"async\" width=\"1024\" height=\"768\" src=\"https:\/\/zde.wfosigw.zgora.pl\/wp-content\/uploads\/2025\/11\/IMG-20251106-WA0002-1024x768.jpg\" alt=\"\" class=\"wp-image-1057\" srcset=\"https:\/\/zde.wfosigw.zgora.pl\/wp-content\/uploads\/2025\/11\/IMG-20251106-WA0002-1024x768.jpg 1024w, https:\/\/zde.wfosigw.zgora.pl\/wp-content\/uploads\/2025\/11\/IMG-20251106-WA0002-300x225.jpg 300w, https:\/\/zde.wfosigw.zgora.pl\/wp-content\/uploads\/2025\/11\/IMG-20251106-WA0002-768x576.jpg 768w, https:\/\/zde.wfosigw.zgora.pl\/wp-content\/uploads\/2025\/11\/IMG-20251106-WA0002-1536x1152.jpg 1536w, https:\/\/zde.wfosigw.zgora.pl\/wp-content\/uploads\/2025\/11\/IMG-20251106-WA0002.jpg 1600w\" sizes=\"auto, (max-width: 1024px) 100vw, 1024px\" \/><\/figure>\n\n\n\n<p><strong>Kampania prowadzona przez Doradc\u00f3w Energetycznych Wojew\u00f3dzkiego Funduszu Ochrony \u015arodowiska i Gospodarki Wodnej w Zielonej G\u00f3rze ruszy\u0142a pod koniec lutego bie\u017c\u0105cego roku. W jej trakcie odby\u0142a si\u0119 seria merytorycznych szkole\u0144 dla os\u00f3b fizycznych, przedsi\u0119biorstw, przedstawicieli samorz\u0105du terytorialnego i organizacji pozarz\u0105dowych. Podczas spotka\u0144 przedstawiano g\u0142\u00f3wne za\u0142o\u017cenia program\u00f3w prowadzonych przez NFO\u015aiGW, jak i&nbsp;Wojew\u00f3dzkie Fundusze w zakresie wsparcia finansowego inwestycji proekologicznych.<\/strong><\/p>\n\n\n\n<p>Kampania realizowana by\u0142a ramach Projektu Doradztwa Energetycznego finansowanego ze&nbsp; \u015brodk\u00f3w FEnIKS na lata 2021-2027. <strong>Doradcy Energetyczni spotykali si\u0119 Lubuszanami podczas wielu wydarze\u0144, w tym \u015awi\u0119ta Winobrania w Zielonej G\u00f3rze. &nbsp;<\/strong>Elementem kampanii by\u0142 r\u00f3wnie\u017c konkurs fotograficzny dla uczni\u00f3w szk\u00f3\u0142 podstawowych \u201e\u201e<em><strong>EkoObiektyw \u2013 m\u0142odzi dla energii\u201d<\/strong><\/em><em><strong> <\/strong><\/em><em>promuj\u0105cy ide\u0119 OZE w\u015br\u00f3d najm\u0142odszych mieszka\u0144c\u00f3w regionu, a &nbsp;<\/em>tak\u017ce spotkania indywidualne z potencjalnymi inwestorami.<\/p>\n\n\n\n<p>Celem kampanii by\u0142a promocja dzia\u0142a\u0144 na rzecz ochrony \u015brodowiska oraz zach\u0119canie mieszka\u0144c\u00f3w i instytucji do podejmowania proekologicznych inwestycji. Dzi\u0119ki jej realizacji uda\u0142o si\u0119 podnie\u015b\u0107 \u015bwiadomo\u015b\u0107 ekologiczn\u0105 jej uczestnik\u00f3w, wesprze\u0107 merytorycznie projekty inwestycyjne i inwestor\u00f3w .<\/p>\n\n\n\n<p>Fina\u0142 kampanii odby\u0142 si\u0119 w minion\u0105 \u015brod\u0119, podczas <strong>zdalnego<\/strong> <strong>spotkania informacyjnego <\/strong>po\u0142\u0105czonego ze <strong>szkoleniem z Programu \u201eCzyste Powietrze &#8211;<\/strong> skierowanym do pracownik\u00f3w gmin wojew\u00f3dztwa lubuskiego podsumowane wszystkie wydarzenia organizowane przez Doradc\u00f3w Energetycznych. Wszystkim jej uczestnikom osobi\u015bci podzi\u0119kowa\u0142 <strong>Zast\u0119pca Prezesa Zarz\u0105du WFO\u015aiGW w Zielonej G\u00f3rze, Pan Przemys\u0142aw Nitschka<\/strong>, kt\u00f3ry pogratulowa\u0142 rezultat\u00f3w przeprowadzonej kampanii oraz podzi\u0119kowa\u0142 za wymian\u0119 do\u015bwiadcze\u0144 i dobrych praktyk pomi\u0119dzy przedstawicielami gmin zaanga\u017cowanych w dzia\u0142ania proekologiczne.<\/p>\n\n\n\n<p>Cho\u0107 kampania oficjalnie si\u0119 zako\u0144czy\u0142a to nie zwalniamy tempa a Doradcy Energetyczni&nbsp; WFO\u015aiGW w Zielonej G\u00f3rze szykuj\u0105 dla Was kolejne szkolenia, warsztaty&nbsp; formy wsparcia!<\/p>\n\n\n\n<p class=\"has-text-align-center\"><strong><em>Og\u00f3lnopolski Projekt Doradztwa Energetycznego jest jednocze\u015bnie Operacj\u0105 o&nbsp;znaczeniu strategicznym, kt\u00f3ra wnosi znacz\u0105cy wk\u0142ad w&nbsp;osi\u0105ganie cel\u00f3w programu FEnIKS 2021-2027.<\/em><\/strong><\/p>\n\n\n\n<p class=\"has-text-align-center\"><strong><em>Beneficjent i&nbsp;Partner Wiod\u0105cy: NFO\u015aiGW w&nbsp;Warszawie<\/em><\/strong><\/p>\n\n\n\n<p class=\"has-text-align-center\"><strong><em>Partnerzy: WFO\u015aiGW w&nbsp;Bia\u0142ymstoku, WFO\u015aiGW w&nbsp;Gda\u0144sku, WFO\u015aiGW w&nbsp;Katowicach, WFO\u015aiGW w&nbsp;Kielcach, WFO\u015aiGW w&nbsp;Krakowie, WFO\u015aiGW w&nbsp;Lublinie, WFO\u015aiGW w&nbsp;\u0141odzi, WFO\u015aiGW w&nbsp;Olsztynie, WFO\u015aiGW w&nbsp;Opolu, WFO\u015aiGW w&nbsp;Poznaniu, WFO\u015aiGW w&nbsp;Rzeszowie, WFO\u015aiGW w&nbsp;Szczecinie, WFO\u015aiGW w&nbsp;Toruniu, WFO\u015aiGW w&nbsp;Warszawie, WFO\u015aiGW w&nbsp;Zielonej G\u00f3rze, WFO\u015aiGW we Wroc\u0142awiu.<\/em><\/strong><\/p>\n\n\n\n<p class=\"has-text-align-center\"><a href=\"https:\/\/www.funduszeeuropejskie.gov.pl\/\"><strong><em>Fundusze Europejskie<\/em><\/strong><\/a><\/p>\n\n\n\n<p class=\"has-text-align-center\"><a href=\"https:\/\/www.feniks.gov.pl\/\"><strong><em>FEnIKS 2021-2027<\/em><\/strong><\/a><\/p>\n\n\n\n<figure class=\"wp-block-gallery has-nested-images columns-default is-cropped wp-block-gallery-1 is-layout-flex wp-block-gallery-is-layout-flex\">\n<figure class=\"wp-block-image size-large\"><img loading=\"lazy\" decoding=\"async\" width=\"1024\" height=\"768\" data-id=\"1059\" src=\"https:\/\/zde.wfosigw.zgora.pl\/wp-content\/uploads\/2025\/11\/IMG-20251106-WA0004-1024x768.jpg\" alt=\"\" class=\"wp-image-1059\" srcset=\"https:\/\/zde.wfosigw.zgora.pl\/wp-content\/uploads\/2025\/11\/IMG-20251106-WA0004-1024x768.jpg 1024w, https:\/\/zde.wfosigw.zgora.pl\/wp-content\/uploads\/2025\/11\/IMG-20251106-WA0004-300x225.jpg 300w, https:\/\/zde.wfosigw.zgora.pl\/wp-content\/uploads\/2025\/11\/IMG-20251106-WA0004-768x576.jpg 768w, https:\/\/zde.wfosigw.zgora.pl\/wp-content\/uploads\/2025\/11\/IMG-20251106-WA0004-1536x1152.jpg 1536w, https:\/\/zde.wfosigw.zgora.pl\/wp-content\/uploads\/2025\/11\/IMG-20251106-WA0004.jpg 1600w\" sizes=\"auto, (max-width: 1024px) 100vw, 1024px\" \/><\/figure>\n\n\n\n<figure class=\"wp-block-image size-large\"><img loading=\"lazy\" decoding=\"async\" width=\"1024\" height=\"768\" data-id=\"1058\" src=\"https:\/\/zde.wfosigw.zgora.pl\/wp-content\/uploads\/2025\/11\/IMG-20251106-WA0003-1024x768.jpg\" alt=\"\" class=\"wp-image-1058\" srcset=\"https:\/\/zde.wfosigw.zgora.pl\/wp-content\/uploads\/2025\/11\/IMG-20251106-WA0003-1024x768.jpg 1024w, https:\/\/zde.wfosigw.zgora.pl\/wp-content\/uploads\/2025\/11\/IMG-20251106-WA0003-300x225.jpg 300w, https:\/\/zde.wfosigw.zgora.pl\/wp-content\/uploads\/2025\/11\/IMG-20251106-WA0003-768x576.jpg 768w, https:\/\/zde.wfosigw.zgora.pl\/wp-content\/uploads\/2025\/11\/IMG-20251106-WA0003-1536x1152.jpg 1536w, https:\/\/zde.wfosigw.zgora.pl\/wp-content\/uploads\/2025\/11\/IMG-20251106-WA0003.jpg 1600w\" sizes=\"auto, (max-width: 1024px) 100vw, 1024px\" \/><\/figure>\n\n\n\n<figure class=\"wp-block-image size-large\"><img loading=\"lazy\" decoding=\"async\" width=\"1024\" height=\"768\" data-id=\"1057\" src=\"https:\/\/zde.wfosigw.zgora.pl\/wp-content\/uploads\/2025\/11\/IMG-20251106-WA0002-1024x768.jpg\" alt=\"\" class=\"wp-image-1057\" srcset=\"https:\/\/zde.wfosigw.zgora.pl\/wp-content\/uploads\/2025\/11\/IMG-20251106-WA0002-1024x768.jpg 1024w, https:\/\/zde.wfosigw.zgora.pl\/wp-content\/uploads\/2025\/11\/IMG-20251106-WA0002-300x225.jpg 300w, https:\/\/zde.wfosigw.zgora.pl\/wp-content\/uploads\/2025\/11\/IMG-20251106-WA0002-768x576.jpg 768w, https:\/\/zde.wfosigw.zgora.pl\/wp-content\/uploads\/2025\/11\/IMG-20251106-WA0002-1536x1152.jpg 1536w, https:\/\/zde.wfosigw.zgora.pl\/wp-content\/uploads\/2025\/11\/IMG-20251106-WA0002.jpg 1600w\" sizes=\"auto, (max-width: 1024px) 100vw, 1024px\" \/><\/figure>\n<\/figure>\n","protected":false},"excerpt":{"rendered":"<p>Kampania prowadzona przez Doradc\u00f3w Energetycznych Wojew\u00f3dzkiego Funduszu Ochrony \u015arodowiska i Gospodarki Wodnej w Zielonej G\u00f3rze ruszy\u0142a pod koniec lutego bie\u017c\u0105cego roku. W jej trakcie odby\u0142a si\u0119 seria merytorycznych szkole\u0144 dla os\u00f3b fizycznych, przedsi\u0119biorstw, przedstawicieli samorz\u0105du terytorialnego i organizacji pozarz\u0105dowych. Podczas spotka\u0144 przedstawiano g\u0142\u00f3wne za\u0142o\u017cenia program\u00f3w prowadzonych przez NFO\u015aiGW, jak i&nbsp;Wojew\u00f3dzkie Fundusze w zakresie wsparcia finansowego&hellip;&nbsp;<a href=\"https:\/\/zde.wfosigw.zgora.pl\/index.php\/2025\/11\/06\/sukces-kampanii-informacyjno-promocyjnej-wspolnie-dla-klimatu-zrealizuj-inwestycje-razem-z-nami\/\" rel=\"bookmark\">Dowiedz si\u0119 wi\u0119cej &raquo;<span class=\"screen-reader-text\">Sukces kampanii informacyjno-promocyjnej \u201eWsp\u00f3lnie dla klimatu, zrealizuj inwestycj\u0119 razem z nami\u201d!<\/span><\/a><\/p>\n","protected":false},"author":3,"featured_media":1056,"comment_status":"closed","ping_status":"closed","sticky":false,"template":"","format":"standard","meta":{"neve_meta_sidebar":"","neve_meta_container":"","neve_meta_enable_content_width":"","neve_meta_content_width":0,"neve_meta_title_alignment":"","neve_meta_author_avatar":"","neve_post_elements_order":"","neve_meta_disable_header":"","neve_meta_disable_footer":"","neve_meta_disable_title":"","_themeisle_gutenberg_block_has_review":false,"footnotes":""},"categories":[8],"tags":[],"class_list":["post-1060","post","type-post","status-publish","format-standard","has-post-thumbnail","hentry","category-aktualnosci"],"_links":{"self":[{"href":"https:\/\/zde.wfosigw.zgora.pl\/index.php\/wp-json\/wp\/v2\/posts\/1060","targetHints":{"allow":["GET"]}}],"collection":[{"href":"https:\/\/zde.wfosigw.zgora.pl\/index.php\/wp-json\/wp\/v2\/posts"}],"about":[{"href":"https:\/\/zde.wfosigw.zgora.pl\/index.php\/wp-json\/wp\/v2\/types\/post"}],"author":[{"embeddable":true,"href":"https:\/\/zde.wfosigw.zgora.pl\/index.php\/wp-json\/wp\/v2\/users\/3"}],"replies":[{"embeddable":true,"href":"https:\/\/zde.wfosigw.zgora.pl\/index.php\/wp-json\/wp\/v2\/comments?post=1060"}],"version-history":[{"count":1,"href":"https:\/\/zde.wfosigw.zgora.pl\/index.php\/wp-json\/wp\/v2\/posts\/1060\/revisions"}],"predecessor-version":[{"id":1061,"href":"https:\/\/zde.wfosigw.zgora.pl\/index.php\/wp-json\/wp\/v2\/posts\/1060\/revisions\/1061"}],"wp:featuredmedia":[{"embeddable":true,"href":"https:\/\/zde.wfosigw.zgora.pl\/index.php\/wp-json\/wp\/v2\/media\/1056"}],"wp:attachment":[{"href":"https:\/\/zde.wfosigw.zgora.pl\/index.php\/wp-json\/wp\/v2\/media?parent=1060"}],"wp:term":[{"taxonomy":"category","embeddable":true,"href":"https:\/\/zde.wfosigw.zgora.pl\/index.php\/wp-json\/wp\/v2\/categories?post=1060"},{"taxonomy":"post_tag","embeddable":true,"href":"https:\/\/zde.wfosigw.zgora.pl\/index.php\/wp-json\/wp\/v2\/tags?post=1060"}],"curies":[{"name":"wp","href":"https:\/\/api.w.org\/{rel}","templated":true}]}}