{"id":1062,"date":"2025-11-12T10:01:18","date_gmt":"2025-11-12T09:01:18","guid":{"rendered":"https:\/\/zde.wfosigw.zgora.pl\/?p=1062"},"modified":"2025-11-24T14:30:53","modified_gmt":"2025-11-24T13:30:53","slug":"znamy-laureatow-konkursu-ekoobiektyw-mlodzi-dla-energii","status":"publish","type":"post","link":"https:\/\/zde.wfosigw.zgora.pl\/index.php\/2025\/11\/12\/znamy-laureatow-konkursu-ekoobiektyw-mlodzi-dla-energii\/","title":{"rendered":"ZNAMY LAUREAT\u00d3W KONKURSU \u201eEKOOBIEKTYW \u2013 M\u0141ODZI DLA ENERGII\u201d!"},"content":{"rendered":"\n<figure class=\"wp-block-image size-large\"><img loading=\"lazy\" decoding=\"async\" width=\"1024\" height=\"1024\" src=\"https:\/\/zde.wfosigw.zgora.pl\/wp-content\/uploads\/2025\/11\/Laureci-Facebook-1024x1024.png\" alt=\"\" class=\"wp-image-1064\" srcset=\"https:\/\/zde.wfosigw.zgora.pl\/wp-content\/uploads\/2025\/11\/Laureci-Facebook-1024x1024.png 1024w, https:\/\/zde.wfosigw.zgora.pl\/wp-content\/uploads\/2025\/11\/Laureci-Facebook-300x300.png 300w, https:\/\/zde.wfosigw.zgora.pl\/wp-content\/uploads\/2025\/11\/Laureci-Facebook-150x150.png 150w, https:\/\/zde.wfosigw.zgora.pl\/wp-content\/uploads\/2025\/11\/Laureci-Facebook-768x768.png 768w, https:\/\/zde.wfosigw.zgora.pl\/wp-content\/uploads\/2025\/11\/Laureci-Facebook.png 1080w\" sizes=\"auto, (max-width: 1024px) 100vw, 1024px\" \/><\/figure>\n\n\n\n<p>Zako\u0144czy\u0142 si\u0119 konkurs fotograficzny <strong>\u201eEKOOBIEKTYW \u2013 M\u0141ODZI DLA ENERGII\u201d<\/strong>, kt\u00f3ry cieszy\u0142 si\u0119 bardzo du\u017cym zainteresowaniem. Do <strong>Wojew\u00f3dzkiego Funduszu Ochrony \u015arodowiska i Gospodarki Wodnej w Zielonej G\u00f3rze<\/strong> wp\u0142yn\u0119\u0142o a\u017c <strong>58 zg\u0142osze\u0144<\/strong>, ukazuj\u0105cych, jak m\u0142odzi ludzie postrzegaj\u0105 znaczenie energii odnawialnej i ochrony \u015brodowiska w swoim otoczeniu.<\/p>\n\n\n\n<p>Komisja konkursowa, oceniaj\u0105c nades\u0142ane fotografie, bra\u0142a pod uwag\u0119 <strong>zgodno\u015b\u0107 z celami i&nbsp;przedmiotem Konkursu<\/strong>, <strong>przekaz merytoryczny<\/strong>, <strong>oryginalno\u015b\u0107 i kreatywno\u015b\u0107<\/strong>, a tak\u017ce <strong>walory artystyczne<\/strong> <strong>prac<\/strong>.<\/p>\n\n\n\n<p>Po starannej ocenie Komisja Konkursowa wy\u0142oni\u0142a <strong>13 laureat\u00f3w<\/strong>, kt\u00f3rych prace wyr\u00f3\u017cni\u0142y si\u0119&nbsp;szczeg\u00f3lnym podej\u015bciem do tematu i wysokim poziomem artystycznym.<\/p>\n\n\n\n<p><strong>Laureaci (w kolejno\u015bci alfabetycznej):<\/strong><\/p>\n\n\n\n<ol start=\"1\" class=\"wp-block-list\">\n<li><strong>Agata Aszyjczyk<\/strong><\/li>\n\n\n\n<li><strong>Julia Bia\u0142ooka<\/strong><\/li>\n\n\n\n<li><strong>\u0141ukasz Bujak<\/strong><\/li>\n\n\n\n<li><strong>Dorian Dowhan<\/strong><\/li>\n\n\n\n<li><strong>Jakub Drzyma\u0142a<\/strong><\/li>\n\n\n\n<li><strong>Maja Ganczar<\/strong><\/li>\n\n\n\n<li><strong>Jakub Grynienko<\/strong><\/li>\n\n\n\n<li><strong>Natalia Jaworska<\/strong><\/li>\n\n\n\n<li><strong>Matylda Misa<\/strong><\/li>\n\n\n\n<li><strong>Zuzanna Warcho\u0142<\/strong><\/li>\n\n\n\n<li><strong>Igor Wawrzyniak<\/strong><\/li>\n\n\n\n<li><strong>Oliwia Worobiec<\/strong><\/li>\n\n\n\n<li><strong>Nikola Zimna<\/strong><\/li>\n<\/ol>\n\n\n\n<p>Serdecznie <strong>gratulujemy laureatom<\/strong> i <strong>dzi\u0119kujemy wszystkim uczestnikom<\/strong> za przes\u0142ane zg\u0142oszenia, zaanga\u017cowanie oraz tw\u00f3rczy wysi\u0142ek w\u0142o\u017cony w przygotowanie swoich prac!<\/p>\n\n\n\n<p>O <strong>dacie i miejscu wr\u0119czenia nagr\u00f3d<\/strong> laureaci zostan\u0105 poinformowani <strong>osobi\u015bcie<\/strong>.<\/p>\n\n\n\n<p>Zach\u0119camy do <strong>\u015bledzenia naszego profilu na Facebooku<\/strong>, <strong>strony internetowej WFO\u015aiGW w&nbsp;Zielonej G\u00f3rze<\/strong> oraz <strong>zak\u0142adki Projektu Doradztwa Energetycznego<\/strong>, gdzie publikowane b\u0119d\u0105 informacje o kolejnych konkursach i dzia\u0142ania naszych Doradc\u00f3w Energetycznych!<\/p>\n\n\n\n<p class=\"has-text-align-center\"><em>Konkurs zrealizowano w ramach Projektu Doradztwa Energetycznego finansowanego z programu FEnIKS    na lata 2021 \u2013 2027. <\/em><\/p>\n\n\n\n<p class=\"has-text-align-center\"><em><strong>Og\u00f3lnopolski Projekt Doradztwa Energetycznego<\/strong> to operacja o znaczeniu strategicznym, kt\u00f3ra wnosi istotny wk\u0142ad w realizacj\u0119 cel\u00f3w programu FEnIKS 2021\u20132027. <strong>Partner wiod\u0105cy:<\/strong> NFO\u015aiGW w Warszawie     we wsp\u00f3\u0142pracy z 16 WFO\u015aiGW<\/em><\/p>\n\n\n\n<p><\/p>\n","protected":false},"excerpt":{"rendered":"<p>Zako\u0144czy\u0142 si\u0119 konkurs fotograficzny \u201eEKOOBIEKTYW \u2013 M\u0141ODZI DLA ENERGII\u201d, kt\u00f3ry cieszy\u0142 si\u0119 bardzo du\u017cym zainteresowaniem. Do Wojew\u00f3dzkiego Funduszu Ochrony \u015arodowiska i Gospodarki Wodnej w Zielonej G\u00f3rze wp\u0142yn\u0119\u0142o a\u017c 58 zg\u0142osze\u0144, ukazuj\u0105cych, jak m\u0142odzi ludzie postrzegaj\u0105 znaczenie energii odnawialnej i ochrony \u015brodowiska w swoim otoczeniu. Komisja konkursowa, oceniaj\u0105c nades\u0142ane fotografie, bra\u0142a pod uwag\u0119 zgodno\u015b\u0107 z celami&hellip;&nbsp;<a href=\"https:\/\/zde.wfosigw.zgora.pl\/index.php\/2025\/11\/12\/znamy-laureatow-konkursu-ekoobiektyw-mlodzi-dla-energii\/\" rel=\"bookmark\">Dowiedz si\u0119 wi\u0119cej &raquo;<span class=\"screen-reader-text\">ZNAMY LAUREAT\u00d3W KONKURSU \u201eEKOOBIEKTYW \u2013 M\u0141ODZI DLA ENERGII\u201d!<\/span><\/a><\/p>\n","protected":false},"author":3,"featured_media":1064,"comment_status":"closed","ping_status":"closed","sticky":false,"template":"","format":"standard","meta":{"neve_meta_sidebar":"","neve_meta_container":"","neve_meta_enable_content_width":"","neve_meta_content_width":0,"neve_meta_title_alignment":"","neve_meta_author_avatar":"","neve_post_elements_order":"","neve_meta_disable_header":"","neve_meta_disable_footer":"","neve_meta_disable_title":"","_themeisle_gutenberg_block_has_review":false,"footnotes":""},"categories":[8],"tags":[],"class_list":["post-1062","post","type-post","status-publish","format-standard","has-post-thumbnail","hentry","category-aktualnosci"],"_links":{"self":[{"href":"https:\/\/zde.wfosigw.zgora.pl\/index.php\/wp-json\/wp\/v2\/posts\/1062","targetHints":{"allow":["GET"]}}],"collection":[{"href":"https:\/\/zde.wfosigw.zgora.pl\/index.php\/wp-json\/wp\/v2\/posts"}],"about":[{"href":"https:\/\/zde.wfosigw.zgora.pl\/index.php\/wp-json\/wp\/v2\/types\/post"}],"author":[{"embeddable":true,"href":"https:\/\/zde.wfosigw.zgora.pl\/index.php\/wp-json\/wp\/v2\/users\/3"}],"replies":[{"embeddable":true,"href":"https:\/\/zde.wfosigw.zgora.pl\/index.php\/wp-json\/wp\/v2\/comments?post=1062"}],"version-history":[{"count":3,"href":"https:\/\/zde.wfosigw.zgora.pl\/index.php\/wp-json\/wp\/v2\/posts\/1062\/revisions"}],"predecessor-version":[{"id":1087,"href":"https:\/\/zde.wfosigw.zgora.pl\/index.php\/wp-json\/wp\/v2\/posts\/1062\/revisions\/1087"}],"wp:featuredmedia":[{"embeddable":true,"href":"https:\/\/zde.wfosigw.zgora.pl\/index.php\/wp-json\/wp\/v2\/media\/1064"}],"wp:attachment":[{"href":"https:\/\/zde.wfosigw.zgora.pl\/index.php\/wp-json\/wp\/v2\/media?parent=1062"}],"wp:term":[{"taxonomy":"category","embeddable":true,"href":"https:\/\/zde.wfosigw.zgora.pl\/index.php\/wp-json\/wp\/v2\/categories?post=1062"},{"taxonomy":"post_tag","embeddable":true,"href":"https:\/\/zde.wfosigw.zgora.pl\/index.php\/wp-json\/wp\/v2\/tags?post=1062"}],"curies":[{"name":"wp","href":"https:\/\/api.w.org\/{rel}","templated":true}]}}