{"id":1066,"date":"2025-11-13T13:30:33","date_gmt":"2025-11-13T12:30:33","guid":{"rendered":"https:\/\/zde.wfosigw.zgora.pl\/?p=1066"},"modified":"2025-11-18T10:59:50","modified_gmt":"2025-11-18T09:59:50","slug":"vi-edycja-szkolen-dla-kandydatow-na-energetykow-gminnych-rusza-juz-18-listopada","status":"publish","type":"post","link":"https:\/\/zde.wfosigw.zgora.pl\/index.php\/2025\/11\/13\/vi-edycja-szkolen-dla-kandydatow-na-energetykow-gminnych-rusza-juz-18-listopada\/","title":{"rendered":"VI Edycja szkole\u0144 dla kandydat\u00f3w na Energetyk\u00f3w Gminnych rusza ju\u017c 18 listopada!"},"content":{"rendered":"\n<figure class=\"wp-block-image size-full\"><img loading=\"lazy\" decoding=\"async\" width=\"940\" height=\"788\" src=\"https:\/\/zde.wfosigw.zgora.pl\/wp-content\/uploads\/2025\/11\/Szkolenia-Energetycy.png\" alt=\"\" class=\"wp-image-1067\" srcset=\"https:\/\/zde.wfosigw.zgora.pl\/wp-content\/uploads\/2025\/11\/Szkolenia-Energetycy.png 940w, https:\/\/zde.wfosigw.zgora.pl\/wp-content\/uploads\/2025\/11\/Szkolenia-Energetycy-300x251.png 300w, https:\/\/zde.wfosigw.zgora.pl\/wp-content\/uploads\/2025\/11\/Szkolenia-Energetycy-768x644.png 768w\" sizes=\"auto, (max-width: 940px) 100vw, 940px\" \/><\/figure>\n\n\n\n<p>Informujemy, \u017ce wczoraj zako\u0144czyli\u015bmy nab\u00f3r uczestnik\u00f3w szkole\u0144 dla kandydat\u00f3w na&nbsp;Energetyk\u00f3w Gminnych, w kt\u00f3rym zg\u0142osi\u0142o si\u0119 a\u017c 43 kandydat\u00f3w z 26 lubuskich jednostek samorz\u0105du terytorialnego. Dzi\u0119kujemy za tak du\u017ce zainteresowanie nasz\u0105 ofert\u0105!<\/p>\n\n\n\n<p> 6-dniowe szkolenie rusza ju\u017c w najbli\u017cszy wtorek, 18 listopada 2025 roku!<\/p>\n\n\n\n<p>Szkolenie odbywa\u0107 si\u0119 b\u0119d\u0105 \u00a0w 3 blokach tematycznych:<\/p>\n\n\n\n<p><strong>I blok<\/strong> &#8211; 18\/19.11.2025;<\/p>\n\n\n\n<p><strong>II blok<\/strong>&#8211; 25\/26.11.2025;<\/p>\n\n\n\n<p><strong>III blok<\/strong> &#8211; 02\/03.12.2025<\/p>\n\n\n\n<p>Szczeg\u00f3\u0142owy harmonogram szkolenia i niezb\u0119dne informacje zostan\u0105 przes\u0142ane jeszcze dzi\u015b na indywidualne adresy email uczestnik\u00f3w, podane w zg\u0142oszeniach.<\/p>\n\n\n\n<p>Do zobaczenia na szkoleniu!<\/p>\n\n\n\n<p class=\"has-text-align-center\">Szkolenia realizowane w ramach Projektu Doradztwa Energetycznego finansowanego w ramach Programu FEnIKS na lata 2021 -2027.<\/p>\n\n\n\n<p class=\"has-text-align-center\">Og\u00f3lnopolski Projekt Doradztwa Energetycznego to operacja o znaczeniu strategicznym, kt\u00f3ra wnosi istotny wk\u0142ad w realizacj\u0119 cel\u00f3w programu FEnIKS 2021\u20132027.<\/p>\n\n\n\n<p class=\"has-text-align-center\">Partner wiod\u0105cy: NFO\u015aiGW w Warszawie we wsp\u00f3\u0142pracy z 16 WFO\u015aiGW.<\/p>\n\n\n\n<p><\/p>\n","protected":false},"excerpt":{"rendered":"<p>Informujemy, \u017ce wczoraj zako\u0144czyli\u015bmy nab\u00f3r uczestnik\u00f3w szkole\u0144 dla kandydat\u00f3w na&nbsp;Energetyk\u00f3w Gminnych, w kt\u00f3rym zg\u0142osi\u0142o si\u0119 a\u017c 43 kandydat\u00f3w z 26 lubuskich jednostek samorz\u0105du terytorialnego. Dzi\u0119kujemy za tak du\u017ce zainteresowanie nasz\u0105 ofert\u0105! 6-dniowe szkolenie rusza ju\u017c w najbli\u017cszy wtorek, 18 listopada 2025 roku! Szkolenie odbywa\u0107 si\u0119 b\u0119d\u0105 \u00a0w 3 blokach tematycznych: I blok &#8211; 18\/19.11.2025; II&hellip;&nbsp;<a href=\"https:\/\/zde.wfosigw.zgora.pl\/index.php\/2025\/11\/13\/vi-edycja-szkolen-dla-kandydatow-na-energetykow-gminnych-rusza-juz-18-listopada\/\" rel=\"bookmark\">Dowiedz si\u0119 wi\u0119cej &raquo;<span class=\"screen-reader-text\">VI Edycja szkole\u0144 dla kandydat\u00f3w na Energetyk\u00f3w Gminnych rusza ju\u017c 18 listopada!<\/span><\/a><\/p>\n","protected":false},"author":3,"featured_media":1067,"comment_status":"closed","ping_status":"closed","sticky":false,"template":"","format":"standard","meta":{"neve_meta_sidebar":"","neve_meta_container":"","neve_meta_enable_content_width":"","neve_meta_content_width":0,"neve_meta_title_alignment":"","neve_meta_author_avatar":"","neve_post_elements_order":"","neve_meta_disable_header":"","neve_meta_disable_footer":"","neve_meta_disable_title":"","_themeisle_gutenberg_block_has_review":false,"footnotes":""},"categories":[8],"tags":[],"class_list":["post-1066","post","type-post","status-publish","format-standard","has-post-thumbnail","hentry","category-aktualnosci"],"_links":{"self":[{"href":"https:\/\/zde.wfosigw.zgora.pl\/index.php\/wp-json\/wp\/v2\/posts\/1066","targetHints":{"allow":["GET"]}}],"collection":[{"href":"https:\/\/zde.wfosigw.zgora.pl\/index.php\/wp-json\/wp\/v2\/posts"}],"about":[{"href":"https:\/\/zde.wfosigw.zgora.pl\/index.php\/wp-json\/wp\/v2\/types\/post"}],"author":[{"embeddable":true,"href":"https:\/\/zde.wfosigw.zgora.pl\/index.php\/wp-json\/wp\/v2\/users\/3"}],"replies":[{"embeddable":true,"href":"https:\/\/zde.wfosigw.zgora.pl\/index.php\/wp-json\/wp\/v2\/comments?post=1066"}],"version-history":[{"count":2,"href":"https:\/\/zde.wfosigw.zgora.pl\/index.php\/wp-json\/wp\/v2\/posts\/1066\/revisions"}],"predecessor-version":[{"id":1072,"href":"https:\/\/zde.wfosigw.zgora.pl\/index.php\/wp-json\/wp\/v2\/posts\/1066\/revisions\/1072"}],"wp:featuredmedia":[{"embeddable":true,"href":"https:\/\/zde.wfosigw.zgora.pl\/index.php\/wp-json\/wp\/v2\/media\/1067"}],"wp:attachment":[{"href":"https:\/\/zde.wfosigw.zgora.pl\/index.php\/wp-json\/wp\/v2\/media?parent=1066"}],"wp:term":[{"taxonomy":"category","embeddable":true,"href":"https:\/\/zde.wfosigw.zgora.pl\/index.php\/wp-json\/wp\/v2\/categories?post=1066"},{"taxonomy":"post_tag","embeddable":true,"href":"https:\/\/zde.wfosigw.zgora.pl\/index.php\/wp-json\/wp\/v2\/tags?post=1066"}],"curies":[{"name":"wp","href":"https:\/\/api.w.org\/{rel}","templated":true}]}}