{"id":1073,"date":"2025-11-18T11:29:20","date_gmt":"2025-11-18T10:29:20","guid":{"rendered":"https:\/\/zde.wfosigw.zgora.pl\/?p=1073"},"modified":"2025-11-18T11:29:22","modified_gmt":"2025-11-18T10:29:22","slug":"vi-edycja-szkolen-dla-kandydatow-na-energetykow-gminnych-rozpoczeta","status":"publish","type":"post","link":"https:\/\/zde.wfosigw.zgora.pl\/index.php\/2025\/11\/18\/vi-edycja-szkolen-dla-kandydatow-na-energetykow-gminnych-rozpoczeta\/","title":{"rendered":"VI edycja szkole\u0144 dla kandydat\u00f3w na Energetyk\u00f3w Gminnych rozpocz\u0119ta!"},"content":{"rendered":"\n<figure class=\"wp-block-image size-full\"><img loading=\"lazy\" decoding=\"async\" width=\"945\" height=\"87\" src=\"https:\/\/zde.wfosigw.zgora.pl\/wp-content\/uploads\/2025\/09\/image.png\" alt=\"\" class=\"wp-image-1021\" srcset=\"https:\/\/zde.wfosigw.zgora.pl\/wp-content\/uploads\/2025\/09\/image.png 945w, https:\/\/zde.wfosigw.zgora.pl\/wp-content\/uploads\/2025\/09\/image-300x28.png 300w, https:\/\/zde.wfosigw.zgora.pl\/wp-content\/uploads\/2025\/09\/image-768x71.png 768w, https:\/\/zde.wfosigw.zgora.pl\/wp-content\/uploads\/2025\/09\/image-930x87.png 930w\" sizes=\"auto, (max-width: 945px) 100vw, 945px\" \/><\/figure>\n\n\n\n<figure class=\"wp-block-image size-large\"><img loading=\"lazy\" decoding=\"async\" width=\"1024\" height=\"768\" src=\"https:\/\/zde.wfosigw.zgora.pl\/wp-content\/uploads\/2025\/11\/IMG_20251118_101441683_HDR-1024x768.jpg\" alt=\"\" class=\"wp-image-1074\" srcset=\"https:\/\/zde.wfosigw.zgora.pl\/wp-content\/uploads\/2025\/11\/IMG_20251118_101441683_HDR-1024x768.jpg 1024w, https:\/\/zde.wfosigw.zgora.pl\/wp-content\/uploads\/2025\/11\/IMG_20251118_101441683_HDR-300x225.jpg 300w, https:\/\/zde.wfosigw.zgora.pl\/wp-content\/uploads\/2025\/11\/IMG_20251118_101441683_HDR-768x576.jpg 768w, https:\/\/zde.wfosigw.zgora.pl\/wp-content\/uploads\/2025\/11\/IMG_20251118_101441683_HDR-1536x1152.jpg 1536w, https:\/\/zde.wfosigw.zgora.pl\/wp-content\/uploads\/2025\/11\/IMG_20251118_101441683_HDR-2048x1536.jpg 2048w\" sizes=\"auto, (max-width: 1024px) 100vw, 1024px\" \/><\/figure>\n\n\n\n<p>Od dzi\u015b 43 pracownik\u00f3w samorz\u0105d\u00f3w gminnych z wojew\u00f3dztwa lubuskiego bierze udzia\u0142 w kolejnej edycji specjalistycznych szkole\u0144 przygotowuj\u0105cych do egzaminu na Energetyka Gminnego. Uczestnicy przez sze\u015b\u0107 dni zdobywaj\u0105 wiedz\u0119 niezb\u0119dn\u0105 do uzyskania certyfikatu oraz skutecznego prowadzenia dzia\u0142a\u0144 energetycznych i proekologicznych w swoich gminach.<\/p>\n\n\n\n<p>Program szkolenia obejmuje trzy bloki tematyczne.<br><strong>Pierwszy<\/strong> dotyczy uwarunkowa\u0144 prawnych zwi\u0105zanych z ochron\u0105 powietrza, transformacj\u0105 energetyczn\u0105, gospodark\u0105 niskoemisyjn\u0105 oraz zarz\u0105dzaniem energi\u0105 w gminach. Omawiane s\u0105 tak\u017ce kwestie dotycz\u0105ce klastr\u00f3w energii, sp\u00f3\u0142dzielni energetycznych, zielonych zam\u00f3wie\u0144 publicznych i \u015bladu w\u0119glowego.<\/p>\n\n\n\n<p><strong>Drugi blok<\/strong> koncentruje si\u0119 na zagadnieniach technicznych: efektywno\u015bci energetycznej, odnawialnych \u017ar\u00f3d\u0142ach energii, elektromobilno\u015bci oraz technologiach innowacyjnych. Szkoleni obejmuje m.in. termomodernizacj\u0119, systemy ogrzewania i ch\u0142odzenia, optymalizacj\u0119 zu\u017cycia energii oraz modernizacj\u0119 o\u015bwietlenia.<\/p>\n\n\n\n<p><strong>Trzeci blok<\/strong> po\u015bwi\u0119cony jest finansowaniu i realizacji inwestycji energetycznych, w tym instalacji OZE, mikrogeneracji oraz programowi \u201eCzyste Powietrze\u201d.<\/p>\n\n\n\n<p>Wszystkim uczestnikom \u017cyczymy owocnej nauki oraz powodzenia na egzaminach. Liczymy, \u017ce zdobyta wiedza prze\u0142o\u017cy si\u0119 na liczne przysz\u0142e dzia\u0142ania sprzyjaj\u0105ce ochronie \u015brodowiska i rozwojowi energetycznemu gmin.<\/p>\n\n\n\n<p class=\"has-text-align-center\">Szkolenia realizowane w ramach Projektu Doradztwa Energetycznego finansowanego w&nbsp;ramach Programu FEnIKS na lata 2021 -2027.<\/p>\n\n\n\n<p class=\"has-text-align-center\">Og\u00f3lnopolski Projekt Doradztwa Energetycznego to operacja o znaczeniu strategicznym, kt\u00f3ra wnosi istotny wk\u0142ad w realizacj\u0119 cel\u00f3w programu FEnIKS 2021\u20132027.<\/p>\n\n\n\n<p class=\"has-text-align-center\">Partner wiod\u0105cy: NFO\u015aiGW w Warszawie we wsp\u00f3\u0142pracy z 16 WFO\u015aiGW.<\/p>\n\n\n\n<p class=\"has-text-align-center\"><a href=\"https:\/\/www.facebook.com\/hashtag\/funduszeeuropejskie?__eep__=6&amp;__cft__%5b0%5d=AZWhvGYgBqeOGCpvwPVnY3jA9cDvxDmgIwlroYqEHmmAIZlbiijHRGSkV1SVp-6snFI0MDw8ecihcQJF3TSevEMxVuVNUhForZJWOXCsHTJ6G0oIKEQCsSPGl_nLyVjVMXhLBicFe4unXjRfZnOI4YYzJazAd0IyjmxqtLGG0iAhBQ1Huj-aNQaSbY6FcNKZymU&amp;__tn__=*NK-R\">#FunduszeEuropejskie<\/a> <a href=\"https:\/\/www.facebook.com\/hashtag\/funduszeeu?__eep__=6&amp;__cft__%5b0%5d=AZWhvGYgBqeOGCpvwPVnY3jA9cDvxDmgIwlroYqEHmmAIZlbiijHRGSkV1SVp-6snFI0MDw8ecihcQJF3TSevEMxVuVNUhForZJWOXCsHTJ6G0oIKEQCsSPGl_nLyVjVMXhLBicFe4unXjRfZnOI4YYzJazAd0IyjmxqtLGG0iAhBQ1Huj-aNQaSbY6FcNKZymU&amp;__tn__=*NK-R\">#FunduszeEU<\/a><\/p>\n\n\n\n<figure class=\"wp-block-gallery has-nested-images columns-default is-cropped wp-block-gallery-1 is-layout-flex wp-block-gallery-is-layout-flex\">\n<figure class=\"wp-block-image size-large\"><img loading=\"lazy\" decoding=\"async\" width=\"1024\" height=\"768\" data-id=\"1075\" src=\"https:\/\/zde.wfosigw.zgora.pl\/wp-content\/uploads\/2025\/11\/IMG-20251118-WA0000-1024x768.jpg\" alt=\"\" class=\"wp-image-1075\" srcset=\"https:\/\/zde.wfosigw.zgora.pl\/wp-content\/uploads\/2025\/11\/IMG-20251118-WA0000-1024x768.jpg 1024w, https:\/\/zde.wfosigw.zgora.pl\/wp-content\/uploads\/2025\/11\/IMG-20251118-WA0000-300x225.jpg 300w, https:\/\/zde.wfosigw.zgora.pl\/wp-content\/uploads\/2025\/11\/IMG-20251118-WA0000-768x576.jpg 768w, https:\/\/zde.wfosigw.zgora.pl\/wp-content\/uploads\/2025\/11\/IMG-20251118-WA0000-1536x1152.jpg 1536w, https:\/\/zde.wfosigw.zgora.pl\/wp-content\/uploads\/2025\/11\/IMG-20251118-WA0000.jpg 2000w\" sizes=\"auto, (max-width: 1024px) 100vw, 1024px\" \/><\/figure>\n\n\n\n<figure class=\"wp-block-image size-large\"><img loading=\"lazy\" decoding=\"async\" width=\"768\" height=\"1024\" data-id=\"1076\" src=\"https:\/\/zde.wfosigw.zgora.pl\/wp-content\/uploads\/2025\/11\/IMG-20251118-WA0002-768x1024.jpg\" alt=\"\" class=\"wp-image-1076\" srcset=\"https:\/\/zde.wfosigw.zgora.pl\/wp-content\/uploads\/2025\/11\/IMG-20251118-WA0002-768x1024.jpg 768w, https:\/\/zde.wfosigw.zgora.pl\/wp-content\/uploads\/2025\/11\/IMG-20251118-WA0002-225x300.jpg 225w, https:\/\/zde.wfosigw.zgora.pl\/wp-content\/uploads\/2025\/11\/IMG-20251118-WA0002-1152x1536.jpg 1152w, https:\/\/zde.wfosigw.zgora.pl\/wp-content\/uploads\/2025\/11\/IMG-20251118-WA0002.jpg 1500w\" sizes=\"auto, (max-width: 768px) 100vw, 768px\" \/><\/figure>\n\n\n\n<figure class=\"wp-block-image size-large\"><img loading=\"lazy\" decoding=\"async\" width=\"1024\" height=\"768\" data-id=\"1074\" src=\"https:\/\/zde.wfosigw.zgora.pl\/wp-content\/uploads\/2025\/11\/IMG_20251118_101441683_HDR-1024x768.jpg\" alt=\"\" class=\"wp-image-1074\" srcset=\"https:\/\/zde.wfosigw.zgora.pl\/wp-content\/uploads\/2025\/11\/IMG_20251118_101441683_HDR-1024x768.jpg 1024w, https:\/\/zde.wfosigw.zgora.pl\/wp-content\/uploads\/2025\/11\/IMG_20251118_101441683_HDR-300x225.jpg 300w, https:\/\/zde.wfosigw.zgora.pl\/wp-content\/uploads\/2025\/11\/IMG_20251118_101441683_HDR-768x576.jpg 768w, https:\/\/zde.wfosigw.zgora.pl\/wp-content\/uploads\/2025\/11\/IMG_20251118_101441683_HDR-1536x1152.jpg 1536w, https:\/\/zde.wfosigw.zgora.pl\/wp-content\/uploads\/2025\/11\/IMG_20251118_101441683_HDR-2048x1536.jpg 2048w\" sizes=\"auto, (max-width: 1024px) 100vw, 1024px\" \/><\/figure>\n<\/figure>\n\n\n\n<figure class=\"wp-block-gallery has-nested-images columns-default is-cropped wp-block-gallery-2 is-layout-flex wp-block-gallery-is-layout-flex\">\n<figure class=\"wp-block-image size-large\"><img loading=\"lazy\" decoding=\"async\" width=\"768\" height=\"1024\" data-id=\"1077\" src=\"https:\/\/zde.wfosigw.zgora.pl\/wp-content\/uploads\/2025\/11\/IMG-20251118-WA0006-768x1024.jpg\" alt=\"\" class=\"wp-image-1077\" srcset=\"https:\/\/zde.wfosigw.zgora.pl\/wp-content\/uploads\/2025\/11\/IMG-20251118-WA0006-768x1024.jpg 768w, https:\/\/zde.wfosigw.zgora.pl\/wp-content\/uploads\/2025\/11\/IMG-20251118-WA0006-225x300.jpg 225w, https:\/\/zde.wfosigw.zgora.pl\/wp-content\/uploads\/2025\/11\/IMG-20251118-WA0006-1152x1536.jpg 1152w, https:\/\/zde.wfosigw.zgora.pl\/wp-content\/uploads\/2025\/11\/IMG-20251118-WA0006.jpg 1500w\" sizes=\"auto, (max-width: 768px) 100vw, 768px\" \/><\/figure>\n<\/figure>\n\n\n\n<p><\/p>\n","protected":false},"excerpt":{"rendered":"<p>Od dzi\u015b 43 pracownik\u00f3w samorz\u0105d\u00f3w gminnych z wojew\u00f3dztwa lubuskiego bierze udzia\u0142 w kolejnej edycji specjalistycznych szkole\u0144 przygotowuj\u0105cych do egzaminu na Energetyka Gminnego. Uczestnicy przez sze\u015b\u0107 dni zdobywaj\u0105 wiedz\u0119 niezb\u0119dn\u0105 do uzyskania certyfikatu oraz skutecznego prowadzenia dzia\u0142a\u0144 energetycznych i proekologicznych w swoich gminach. Program szkolenia obejmuje trzy bloki tematyczne.Pierwszy dotyczy uwarunkowa\u0144 prawnych zwi\u0105zanych z ochron\u0105 powietrza,&hellip;&nbsp;<a href=\"https:\/\/zde.wfosigw.zgora.pl\/index.php\/2025\/11\/18\/vi-edycja-szkolen-dla-kandydatow-na-energetykow-gminnych-rozpoczeta\/\" rel=\"bookmark\">Dowiedz si\u0119 wi\u0119cej &raquo;<span class=\"screen-reader-text\">VI edycja szkole\u0144 dla kandydat\u00f3w na Energetyk\u00f3w Gminnych rozpocz\u0119ta!<\/span><\/a><\/p>\n","protected":false},"author":3,"featured_media":1074,"comment_status":"closed","ping_status":"closed","sticky":false,"template":"","format":"standard","meta":{"neve_meta_sidebar":"","neve_meta_container":"","neve_meta_enable_content_width":"","neve_meta_content_width":0,"neve_meta_title_alignment":"","neve_meta_author_avatar":"","neve_post_elements_order":"","neve_meta_disable_header":"","neve_meta_disable_footer":"","neve_meta_disable_title":"","_themeisle_gutenberg_block_has_review":false,"footnotes":""},"categories":[8],"tags":[],"class_list":["post-1073","post","type-post","status-publish","format-standard","has-post-thumbnail","hentry","category-aktualnosci"],"_links":{"self":[{"href":"https:\/\/zde.wfosigw.zgora.pl\/index.php\/wp-json\/wp\/v2\/posts\/1073","targetHints":{"allow":["GET"]}}],"collection":[{"href":"https:\/\/zde.wfosigw.zgora.pl\/index.php\/wp-json\/wp\/v2\/posts"}],"about":[{"href":"https:\/\/zde.wfosigw.zgora.pl\/index.php\/wp-json\/wp\/v2\/types\/post"}],"author":[{"embeddable":true,"href":"https:\/\/zde.wfosigw.zgora.pl\/index.php\/wp-json\/wp\/v2\/users\/3"}],"replies":[{"embeddable":true,"href":"https:\/\/zde.wfosigw.zgora.pl\/index.php\/wp-json\/wp\/v2\/comments?post=1073"}],"version-history":[{"count":1,"href":"https:\/\/zde.wfosigw.zgora.pl\/index.php\/wp-json\/wp\/v2\/posts\/1073\/revisions"}],"predecessor-version":[{"id":1078,"href":"https:\/\/zde.wfosigw.zgora.pl\/index.php\/wp-json\/wp\/v2\/posts\/1073\/revisions\/1078"}],"wp:featuredmedia":[{"embeddable":true,"href":"https:\/\/zde.wfosigw.zgora.pl\/index.php\/wp-json\/wp\/v2\/media\/1074"}],"wp:attachment":[{"href":"https:\/\/zde.wfosigw.zgora.pl\/index.php\/wp-json\/wp\/v2\/media?parent=1073"}],"wp:term":[{"taxonomy":"category","embeddable":true,"href":"https:\/\/zde.wfosigw.zgora.pl\/index.php\/wp-json\/wp\/v2\/categories?post=1073"},{"taxonomy":"post_tag","embeddable":true,"href":"https:\/\/zde.wfosigw.zgora.pl\/index.php\/wp-json\/wp\/v2\/tags?post=1073"}],"curies":[{"name":"wp","href":"https:\/\/api.w.org\/{rel}","templated":true}]}}