{"id":1079,"date":"2025-11-20T12:47:45","date_gmt":"2025-11-20T11:47:45","guid":{"rendered":"https:\/\/zde.wfosigw.zgora.pl\/?p=1079"},"modified":"2025-11-20T12:47:47","modified_gmt":"2025-11-20T11:47:47","slug":"doradcy-energetyczni-na-konferencji-energetyka-przygraniczna-swiat-energii-jutra","status":"publish","type":"post","link":"https:\/\/zde.wfosigw.zgora.pl\/index.php\/2025\/11\/20\/doradcy-energetyczni-na-konferencji-energetyka-przygraniczna-swiat-energii-jutra\/","title":{"rendered":"Doradcy Energetyczni na konferencji \u201eEnergetyka przygraniczna \u2013 \u015bwiat energii jutra\u201d"},"content":{"rendered":"\n<figure class=\"wp-block-image size-full\"><img loading=\"lazy\" decoding=\"async\" width=\"945\" height=\"87\" src=\"https:\/\/zde.wfosigw.zgora.pl\/wp-content\/uploads\/2025\/09\/image.png\" alt=\"\" class=\"wp-image-1021\" srcset=\"https:\/\/zde.wfosigw.zgora.pl\/wp-content\/uploads\/2025\/09\/image.png 945w, https:\/\/zde.wfosigw.zgora.pl\/wp-content\/uploads\/2025\/09\/image-300x28.png 300w, https:\/\/zde.wfosigw.zgora.pl\/wp-content\/uploads\/2025\/09\/image-768x71.png 768w, https:\/\/zde.wfosigw.zgora.pl\/wp-content\/uploads\/2025\/09\/image-930x87.png 930w\" sizes=\"auto, (max-width: 945px) 100vw, 945px\" \/><\/figure>\n\n\n\n<figure class=\"wp-block-image size-large\"><img loading=\"lazy\" decoding=\"async\" width=\"1024\" height=\"520\" src=\"https:\/\/zde.wfosigw.zgora.pl\/wp-content\/uploads\/2025\/11\/czolowka-1024x520.jpg\" alt=\"\" class=\"wp-image-1080\" srcset=\"https:\/\/zde.wfosigw.zgora.pl\/wp-content\/uploads\/2025\/11\/czolowka-1024x520.jpg 1024w, https:\/\/zde.wfosigw.zgora.pl\/wp-content\/uploads\/2025\/11\/czolowka-300x152.jpg 300w, https:\/\/zde.wfosigw.zgora.pl\/wp-content\/uploads\/2025\/11\/czolowka-768x390.jpg 768w, https:\/\/zde.wfosigw.zgora.pl\/wp-content\/uploads\/2025\/11\/czolowka-1536x780.jpg 1536w, https:\/\/zde.wfosigw.zgora.pl\/wp-content\/uploads\/2025\/11\/czolowka.jpg 1600w\" sizes=\"auto, (max-width: 1024px) 100vw, 1024px\" \/><\/figure>\n\n\n\n<p>Doradcy Energetyczni WFO\u015aiGW w Zielonej G\u00f3rze kolejny raz pojawili si\u0119 tam, gdzie zapadaj\u0105 kluczowe decyzje dotycz\u0105ce przysz\u0142o\u015bci energetycznej regionu. W XXI edycji konferencji <strong>\u201eEnergetyka przygraniczna \u2013 \u015bwiat energii jutra\u201d<\/strong>, organizowanej przez Lubuskie Towarzystwo na Rzecz Rozwoju Energetyki, uczestniczyli zar\u00f3wno jako s\u0142uchacze, jak i wystawcy w ramach stoiska Projektu Doradztwa Energetycznego. W wydarzeniu bra\u0142 udzia\u0142 r\u00f3wnie\u017c <strong>Prezes Zarz\u0105du WFO\u015aiGW, Miros\u0142aw Glaz<\/strong>.<\/p>\n\n\n\n<p>Konferencja zgromadzi\u0142a przedstawicieli nauki, administracji, jednostek samorz\u0105dowych, du\u017cych firm energetycznych i przedsi\u0119biorc\u00f3w, tworz\u0105c przestrze\u0144 do dyskusji o najwa\u017cniejszych wyzwaniach i kierunkach rozwoju sektora energii.<\/p>\n\n\n\n<p>Na pocz\u0105tku uczestnicy pochylili si\u0119 nad globalnymi trendami transformacji energetycznej oraz ich konsekwencjami dla gospodarki, a tak\u017ce nad najnowszymi danymi dotycz\u0105cymi elektroenergetyki zawodowej w Polsce w 2025 roku.<\/p>\n\n\n\n<p>Nast\u0119pnie om\u00f3wiono praktyczne rozwi\u0105zania dla samorz\u0105d\u00f3w, w tym podpowiedzi dotycz\u0105ce transformacji energetycznej, mo\u017cliwo\u015bci optymalizacji i zarz\u0105dzania zu\u017cyciem energii w gminach oraz korzy\u015bci wynikaj\u0105ce z modernizacji o\u015bwietlenia.<\/p>\n\n\n\n<p>Kluczowym punktem programu by\u0142a <strong>debata o nowych kompetencjach potrzebnych jednostkom samorz\u0105du terytorialnego<\/strong> w procesie transformacji energetycznej, kt\u00f3ra pozwoli\u0142a spojrze\u0107 na wyzwania organizacyjne i kadrowe stoj\u0105ce przed JST.<\/p>\n\n\n\n<p>Du\u017co miejsca po\u015bwi\u0119cono r\u00f3wnie\u017c <strong>bezpiecze\u0144stwu elektroenergetycznemu Polski i regionu<\/strong>, omawiaj\u0105c m.in. wyzwania stoj\u0105ce przed operatorami system\u00f3w dystrybucyjnych, wp\u0142yw odnawialnych \u017ar\u00f3de\u0142 energii na prac\u0119 Krajowego Systemu Elektroenergetycznego oraz rol\u0119 rozproszonych magazyn\u00f3w energii w stabilizacji sieci.<\/p>\n\n\n\n<p>W kolejnych wyst\u0105pieniach skupiono si\u0119 na przysz\u0142o\u015bci sektora ciep\u0142owniczego, przedstawiaj\u0105c m.in. perspektywy rozwoju energetyki systemowej oraz projekty zwi\u0105zane z wykorzystaniem \u015bciek\u00f3w komunalnych w ciep\u0142ownictwie, a tak\u017ce konieczne zmiany legislacyjne w ramach Zielonej Elektryfikacji Ciep\u0142ownictwa.<\/p>\n\n\n\n<p>Ostatnia sesja zosta\u0142a po\u015bwi\u0119cona nowym, perspektywicznym technologiom zwi\u0119kszaj\u0105cym bezpiecze\u0144stwo energetyczne kraju, obejmuj\u0105c m.in. energetyk\u0119 j\u0105drow\u0105, biogazownie, biometanownie oraz projekty wodorowe, a tak\u017ce przyk\u0142ady wyzwa\u0144 transformacyjnych w przedsi\u0119biorstwach energoch\u0142onnych.<\/p>\n\n\n\n<p>Z konferencji wracamy z kolejn\u0105 solidn\u0105 dawk\u0105 wiedzy, kt\u00f3r\u0105 z pewno\u015bci\u0105 podzielimy si\u0119 z Wami w nadchodz\u0105cych dzia\u0142aniach <strong>Projektu Doradztwa Energetycznego<\/strong>!<\/p>\n\n\n\n<p class=\"has-text-align-center\">Og\u00f3lnopolski Projekt Doradztwa Energetycznego to operacja o znaczeniu strategicznym, kt\u00f3ra wnosi istotny wk\u0142ad w realizacj\u0119 cel\u00f3w programu FEnIKS 2021\u20132027.<\/p>\n\n\n\n<p class=\"has-text-align-center\">Partner wiod\u0105cy: NFO\u015aiGW w Warszawie we wsp\u00f3\u0142pracy z 16 WFO\u015aiGW.<\/p>\n\n\n\n<p class=\"has-text-align-center\"><a href=\"https:\/\/www.facebook.com\/hashtag\/funduszeeuropejskie?__eep__=6&amp;__cft__%5b0%5d=AZWhvGYgBqeOGCpvwPVnY3jA9cDvxDmgIwlroYqEHmmAIZlbiijHRGSkV1SVp-6snFI0MDw8ecihcQJF3TSevEMxVuVNUhForZJWOXCsHTJ6G0oIKEQCsSPGl_nLyVjVMXhLBicFe4unXjRfZnOI4YYzJazAd0IyjmxqtLGG0iAhBQ1Huj-aNQaSbY6FcNKZymU&amp;__tn__=*NK-R\">#FunduszeEuropejskie<\/a> <a href=\"https:\/\/www.facebook.com\/hashtag\/funduszeeu?__eep__=6&amp;__cft__%5b0%5d=AZWhvGYgBqeOGCpvwPVnY3jA9cDvxDmgIwlroYqEHmmAIZlbiijHRGSkV1SVp-6snFI0MDw8ecihcQJF3TSevEMxVuVNUhForZJWOXCsHTJ6G0oIKEQCsSPGl_nLyVjVMXhLBicFe4unXjRfZnOI4YYzJazAd0IyjmxqtLGG0iAhBQ1Huj-aNQaSbY6FcNKZymU&amp;__tn__=*NK-R\">#FunduszeEU<\/a><\/p>\n\n\n\n<figure class=\"wp-block-gallery has-nested-images columns-default is-cropped wp-block-gallery-1 is-layout-flex wp-block-gallery-is-layout-flex\">\n<figure class=\"wp-block-image size-large\"><img loading=\"lazy\" decoding=\"async\" width=\"1024\" height=\"768\" data-id=\"1082\" src=\"https:\/\/zde.wfosigw.zgora.pl\/wp-content\/uploads\/2025\/11\/IMG-20251120-WA0000-1024x768.jpg\" alt=\"\" class=\"wp-image-1082\" srcset=\"https:\/\/zde.wfosigw.zgora.pl\/wp-content\/uploads\/2025\/11\/IMG-20251120-WA0000-1024x768.jpg 1024w, https:\/\/zde.wfosigw.zgora.pl\/wp-content\/uploads\/2025\/11\/IMG-20251120-WA0000-300x225.jpg 300w, https:\/\/zde.wfosigw.zgora.pl\/wp-content\/uploads\/2025\/11\/IMG-20251120-WA0000-768x576.jpg 768w, https:\/\/zde.wfosigw.zgora.pl\/wp-content\/uploads\/2025\/11\/IMG-20251120-WA0000-1536x1152.jpg 1536w, https:\/\/zde.wfosigw.zgora.pl\/wp-content\/uploads\/2025\/11\/IMG-20251120-WA0000.jpg 1600w\" sizes=\"auto, (max-width: 1024px) 100vw, 1024px\" \/><\/figure>\n\n\n\n<figure class=\"wp-block-image size-large\"><img loading=\"lazy\" decoding=\"async\" width=\"1024\" height=\"768\" data-id=\"1083\" src=\"https:\/\/zde.wfosigw.zgora.pl\/wp-content\/uploads\/2025\/11\/IMG-20251120-WA0001-1024x768.jpg\" alt=\"\" class=\"wp-image-1083\" srcset=\"https:\/\/zde.wfosigw.zgora.pl\/wp-content\/uploads\/2025\/11\/IMG-20251120-WA0001-1024x768.jpg 1024w, https:\/\/zde.wfosigw.zgora.pl\/wp-content\/uploads\/2025\/11\/IMG-20251120-WA0001-300x225.jpg 300w, https:\/\/zde.wfosigw.zgora.pl\/wp-content\/uploads\/2025\/11\/IMG-20251120-WA0001-768x576.jpg 768w, https:\/\/zde.wfosigw.zgora.pl\/wp-content\/uploads\/2025\/11\/IMG-20251120-WA0001-1536x1152.jpg 1536w, https:\/\/zde.wfosigw.zgora.pl\/wp-content\/uploads\/2025\/11\/IMG-20251120-WA0001.jpg 1600w\" sizes=\"auto, (max-width: 1024px) 100vw, 1024px\" \/><\/figure>\n\n\n\n<figure class=\"wp-block-image size-large\"><img loading=\"lazy\" decoding=\"async\" width=\"1024\" height=\"768\" data-id=\"1081\" src=\"https:\/\/zde.wfosigw.zgora.pl\/wp-content\/uploads\/2025\/11\/IMG-20251120-WA0002-1024x768.jpg\" alt=\"\" class=\"wp-image-1081\" srcset=\"https:\/\/zde.wfosigw.zgora.pl\/wp-content\/uploads\/2025\/11\/IMG-20251120-WA0002-1024x768.jpg 1024w, https:\/\/zde.wfosigw.zgora.pl\/wp-content\/uploads\/2025\/11\/IMG-20251120-WA0002-300x225.jpg 300w, https:\/\/zde.wfosigw.zgora.pl\/wp-content\/uploads\/2025\/11\/IMG-20251120-WA0002-768x576.jpg 768w, https:\/\/zde.wfosigw.zgora.pl\/wp-content\/uploads\/2025\/11\/IMG-20251120-WA0002-1536x1152.jpg 1536w, https:\/\/zde.wfosigw.zgora.pl\/wp-content\/uploads\/2025\/11\/IMG-20251120-WA0002.jpg 1600w\" sizes=\"auto, (max-width: 1024px) 100vw, 1024px\" \/><\/figure>\n\n\n\n<figure class=\"wp-block-image size-large\"><img loading=\"lazy\" decoding=\"async\" width=\"1024\" height=\"768\" data-id=\"1085\" src=\"https:\/\/zde.wfosigw.zgora.pl\/wp-content\/uploads\/2025\/11\/IMG-20251120-WA0003-1024x768.jpg\" alt=\"\" class=\"wp-image-1085\" srcset=\"https:\/\/zde.wfosigw.zgora.pl\/wp-content\/uploads\/2025\/11\/IMG-20251120-WA0003-1024x768.jpg 1024w, https:\/\/zde.wfosigw.zgora.pl\/wp-content\/uploads\/2025\/11\/IMG-20251120-WA0003-300x225.jpg 300w, https:\/\/zde.wfosigw.zgora.pl\/wp-content\/uploads\/2025\/11\/IMG-20251120-WA0003-768x576.jpg 768w, https:\/\/zde.wfosigw.zgora.pl\/wp-content\/uploads\/2025\/11\/IMG-20251120-WA0003-1536x1152.jpg 1536w, https:\/\/zde.wfosigw.zgora.pl\/wp-content\/uploads\/2025\/11\/IMG-20251120-WA0003.jpg 1600w\" sizes=\"auto, (max-width: 1024px) 100vw, 1024px\" \/><\/figure>\n\n\n\n<figure class=\"wp-block-image size-large\"><img loading=\"lazy\" decoding=\"async\" width=\"768\" height=\"1024\" data-id=\"1084\" src=\"https:\/\/zde.wfosigw.zgora.pl\/wp-content\/uploads\/2025\/11\/IMG-20251120-WA0004-768x1024.jpg\" alt=\"\" class=\"wp-image-1084\" srcset=\"https:\/\/zde.wfosigw.zgora.pl\/wp-content\/uploads\/2025\/11\/IMG-20251120-WA0004-768x1024.jpg 768w, https:\/\/zde.wfosigw.zgora.pl\/wp-content\/uploads\/2025\/11\/IMG-20251120-WA0004-225x300.jpg 225w, https:\/\/zde.wfosigw.zgora.pl\/wp-content\/uploads\/2025\/11\/IMG-20251120-WA0004-1152x1536.jpg 1152w, https:\/\/zde.wfosigw.zgora.pl\/wp-content\/uploads\/2025\/11\/IMG-20251120-WA0004.jpg 1200w\" sizes=\"auto, (max-width: 768px) 100vw, 768px\" \/><\/figure>\n<\/figure>\n","protected":false},"excerpt":{"rendered":"<p>Doradcy Energetyczni WFO\u015aiGW w Zielonej G\u00f3rze kolejny raz pojawili si\u0119 tam, gdzie zapadaj\u0105 kluczowe decyzje dotycz\u0105ce przysz\u0142o\u015bci energetycznej regionu. W XXI edycji konferencji \u201eEnergetyka przygraniczna \u2013 \u015bwiat energii jutra\u201d, organizowanej przez Lubuskie Towarzystwo na Rzecz Rozwoju Energetyki, uczestniczyli zar\u00f3wno jako s\u0142uchacze, jak i wystawcy w ramach stoiska Projektu Doradztwa Energetycznego. W wydarzeniu bra\u0142 udzia\u0142 r\u00f3wnie\u017c&hellip;&nbsp;<a href=\"https:\/\/zde.wfosigw.zgora.pl\/index.php\/2025\/11\/20\/doradcy-energetyczni-na-konferencji-energetyka-przygraniczna-swiat-energii-jutra\/\" rel=\"bookmark\">Dowiedz si\u0119 wi\u0119cej &raquo;<span class=\"screen-reader-text\">Doradcy Energetyczni na konferencji \u201eEnergetyka przygraniczna \u2013 \u015bwiat energii jutra\u201d<\/span><\/a><\/p>\n","protected":false},"author":3,"featured_media":1080,"comment_status":"closed","ping_status":"closed","sticky":false,"template":"","format":"standard","meta":{"neve_meta_sidebar":"","neve_meta_container":"","neve_meta_enable_content_width":"","neve_meta_content_width":0,"neve_meta_title_alignment":"","neve_meta_author_avatar":"","neve_post_elements_order":"","neve_meta_disable_header":"","neve_meta_disable_footer":"","neve_meta_disable_title":"","_themeisle_gutenberg_block_has_review":false,"footnotes":""},"categories":[8],"tags":[],"class_list":["post-1079","post","type-post","status-publish","format-standard","has-post-thumbnail","hentry","category-aktualnosci"],"_links":{"self":[{"href":"https:\/\/zde.wfosigw.zgora.pl\/index.php\/wp-json\/wp\/v2\/posts\/1079","targetHints":{"allow":["GET"]}}],"collection":[{"href":"https:\/\/zde.wfosigw.zgora.pl\/index.php\/wp-json\/wp\/v2\/posts"}],"about":[{"href":"https:\/\/zde.wfosigw.zgora.pl\/index.php\/wp-json\/wp\/v2\/types\/post"}],"author":[{"embeddable":true,"href":"https:\/\/zde.wfosigw.zgora.pl\/index.php\/wp-json\/wp\/v2\/users\/3"}],"replies":[{"embeddable":true,"href":"https:\/\/zde.wfosigw.zgora.pl\/index.php\/wp-json\/wp\/v2\/comments?post=1079"}],"version-history":[{"count":1,"href":"https:\/\/zde.wfosigw.zgora.pl\/index.php\/wp-json\/wp\/v2\/posts\/1079\/revisions"}],"predecessor-version":[{"id":1086,"href":"https:\/\/zde.wfosigw.zgora.pl\/index.php\/wp-json\/wp\/v2\/posts\/1079\/revisions\/1086"}],"wp:featuredmedia":[{"embeddable":true,"href":"https:\/\/zde.wfosigw.zgora.pl\/index.php\/wp-json\/wp\/v2\/media\/1080"}],"wp:attachment":[{"href":"https:\/\/zde.wfosigw.zgora.pl\/index.php\/wp-json\/wp\/v2\/media?parent=1079"}],"wp:term":[{"taxonomy":"category","embeddable":true,"href":"https:\/\/zde.wfosigw.zgora.pl\/index.php\/wp-json\/wp\/v2\/categories?post=1079"},{"taxonomy":"post_tag","embeddable":true,"href":"https:\/\/zde.wfosigw.zgora.pl\/index.php\/wp-json\/wp\/v2\/tags?post=1079"}],"curies":[{"name":"wp","href":"https:\/\/api.w.org\/{rel}","templated":true}]}}