{"id":1141,"date":"2026-03-06T07:49:18","date_gmt":"2026-03-06T06:49:18","guid":{"rendered":"https:\/\/zde.wfosigw.zgora.pl\/?p=1141"},"modified":"2026-03-06T07:49:18","modified_gmt":"2026-03-06T06:49:18","slug":"wspolnie-dla-klimatu-start-kampanii-male-kroki-wielka-przyszlosc","status":"publish","type":"post","link":"https:\/\/zde.wfosigw.zgora.pl\/index.php\/2026\/03\/06\/wspolnie-dla-klimatu-start-kampanii-male-kroki-wielka-przyszlosc\/","title":{"rendered":"Wsp\u00f3lnie dla klimatu \u2013 start kampanii \u201eMa\u0142e Kroki, Wielka Przysz\u0142o\u015b\u0107\u201d"},"content":{"rendered":"\n<figure class=\"wp-block-image size-large\"><img loading=\"lazy\" decoding=\"async\" width=\"1024\" height=\"102\" src=\"https:\/\/zde.wfosigw.zgora.pl\/wp-content\/uploads\/2026\/01\/FENIKS_RP_UE_PDE_CMYK_10lecie_1-1024x102.jpg\" alt=\"\" class=\"wp-image-1109\" srcset=\"https:\/\/zde.wfosigw.zgora.pl\/wp-content\/uploads\/2026\/01\/FENIKS_RP_UE_PDE_CMYK_10lecie_1-1024x102.jpg 1024w, https:\/\/zde.wfosigw.zgora.pl\/wp-content\/uploads\/2026\/01\/FENIKS_RP_UE_PDE_CMYK_10lecie_1-300x30.jpg 300w, https:\/\/zde.wfosigw.zgora.pl\/wp-content\/uploads\/2026\/01\/FENIKS_RP_UE_PDE_CMYK_10lecie_1-768x76.jpg 768w, https:\/\/zde.wfosigw.zgora.pl\/wp-content\/uploads\/2026\/01\/FENIKS_RP_UE_PDE_CMYK_10lecie_1-1536x152.jpg 1536w, https:\/\/zde.wfosigw.zgora.pl\/wp-content\/uploads\/2026\/01\/FENIKS_RP_UE_PDE_CMYK_10lecie_1-2048x203.jpg 2048w\" sizes=\"auto, (max-width: 1024px) 100vw, 1024px\" \/><\/figure>\n\n\n\n<figure class=\"wp-block-image size-large\"><img loading=\"lazy\" decoding=\"async\" width=\"1024\" height=\"768\" src=\"https:\/\/zde.wfosigw.zgora.pl\/wp-content\/uploads\/2026\/03\/IMG_20260305_112309454_HDR-1024x768.jpg\" alt=\"\" class=\"wp-image-1140\" srcset=\"https:\/\/zde.wfosigw.zgora.pl\/wp-content\/uploads\/2026\/03\/IMG_20260305_112309454_HDR-1024x768.jpg 1024w, https:\/\/zde.wfosigw.zgora.pl\/wp-content\/uploads\/2026\/03\/IMG_20260305_112309454_HDR-300x225.jpg 300w, https:\/\/zde.wfosigw.zgora.pl\/wp-content\/uploads\/2026\/03\/IMG_20260305_112309454_HDR-768x576.jpg 768w, https:\/\/zde.wfosigw.zgora.pl\/wp-content\/uploads\/2026\/03\/IMG_20260305_112309454_HDR-1536x1152.jpg 1536w, https:\/\/zde.wfosigw.zgora.pl\/wp-content\/uploads\/2026\/03\/IMG_20260305_112309454_HDR-2048x1536.jpg 2048w\" sizes=\"auto, (max-width: 1024px) 100vw, 1024px\" \/><\/figure>\n\n\n\n<p>Wczoraj w  siedzibie WFO\u015aiGW w Zielonej G\u00f3rze zainaugurowano kampani\u0119 informacyjno-edukacyjn\u0105 dla dzieci i m\u0142odzie\u017cy dotycz\u0105c\u0105 zmian klimatu pn. <strong>\u201eWsp\u00f3lnie dla klimatu \u2013 Ma\u0142e Kroki, Wielka Przysz\u0142o\u015b\u0107\u201d<\/strong>.<\/p>\n\n\n\n<p>Uczestnik\u00f3w spotkania w imieniu Zarz\u0105du WFO\u015aiGW w Zielonej G\u00f3rze powita\u0142 Zast\u0119pca Prezesa Zarz\u0105du <strong>Przemys\u0142aw Nitschka<\/strong>. W wydarzeniu, kt\u00f3re odby\u0142o si\u0119 w formule zdalnej, wzi\u0119\u0142o udzia\u0142 a\u017c <strong>36 przedstawicieli r\u00f3\u017cnych podmiot\u00f3w<\/strong>, w tym samorz\u0105d\u00f3w oraz szk\u00f3\u0142 z wojew\u00f3dztwa lubuskiego.<\/p>\n\n\n\n<p>Podczas spotkania Doradcy Energetyczni przedstawili g\u0142\u00f3wne za\u0142o\u017cenia projektu <strong>\u201eProjekt Doradztwa Energetycznego\u201d realizowanego w ramach programu FEnIKS 2021\u20132027<\/strong>, kt\u00f3ry w tym roku obchodzi <strong>10-lecie swojej dzia\u0142alno\u015bci<\/strong>. Om\u00f3wiono r\u00f3wnie\u017c cele i planowane dzia\u0142ania w ramach rozpoczynaj\u0105cej si\u0119 kampanii informacyjno-edukacyjnej. Wa\u017cnym elementem spotkania by\u0142a tak\u017ce prezentacja mo\u017cliwo\u015bci <strong>finansowania dzia\u0142a\u0144 zwi\u0105zanych z termomodernizacj\u0105 budynk\u00f3w o\u015bwiatowych<\/strong>.<\/p>\n\n\n\n<p>Kampania <strong>\u201eWsp\u00f3lnie dla Klimatu \u2013 Ma\u0142e Kroki, Wielka Przysz\u0142o\u015b\u0107\u201d<\/strong> skierowana jest przede wszystkim do dzieci i m\u0142odzie\u017cy z lubuskich plac\u00f3wek o\u015bwiatowych. Jej celem jest zwi\u0119kszanie \u015bwiadomo\u015bci ekologicznej w zakresie <strong>efektywno\u015bci energetycznej oraz odnawialnych \u017ar\u00f3de\u0142 energii<\/strong>, a tak\u017ce kszta\u0142towanie proekologicznych postaw i codziennych nawyk\u00f3w sprzyjaj\u0105cych ochronie klimatu. Inicjatywa ma inspirowa\u0107 m\u0142odych ludzi do podejmowania \u015bwiadomych i odpowiedzialnych dzia\u0142a\u0144, pokazuj\u0105c, \u017ce nawet niewielkie zmiany w codziennym \u017cyciu mog\u0105 mie\u0107 realny wp\u0142yw na przysz\u0142o\u015b\u0107 naszej planety.<\/p>\n\n\n\n<p>Tre\u015bci kampanii kierowane b\u0119d\u0105 r\u00f3wnie\u017c do <strong>jednostek samorz\u0105du terytorialnego oraz os\u00f3b zarz\u0105dzaj\u0105cych plac\u00f3wkami o\u015bwiatowymi w wojew\u00f3dztwie lubuskim<\/strong>. Celem jest zapoznanie ich z ofert\u0105 edukacyjn\u0105 przygotowan\u0105 dla dzieci i m\u0142odzie\u017cy w ramach Projektu Doradztwa Energetycznego. Kampania b\u0119dzie jednocze\u015bnie pocz\u0105tkiem <strong>d\u0142ugofalowych dzia\u0142a\u0144 edukacyjnych prowadzonych przez Doradc\u00f3w Energetycznych na terenie wojew\u00f3dztwa lubuskiego<\/strong>.<\/p>\n\n\n\n<p>Kampania potrwa <strong>do 1 czerwca 2026 roku<\/strong>, a w jej ramach zaplanowano m.in.:<\/p>\n\n\n\n<ul class=\"wp-block-list\">\n<li>spotkania edukacyjne w szko\u0142ach na terenie wojew\u00f3dztwa lubuskiego,<\/li>\n\n\n\n<li>konkurs plastyczny <strong>\u201eMa\u0142e Kroki, Wielka Przysz\u0142o\u015b\u0107\u201d<\/strong>,<\/li>\n\n\n\n<li>festyn edukacyjny podsumowuj\u0105cy kampani\u0119.<\/li>\n<\/ul>\n\n\n\n<p>Serdecznie zapraszamy do aktywnego udzia\u0142u w kampanii, w\u0142\u0105czania si\u0119 w jej dzia\u0142ania oraz <strong>promowania inicjatywy w\u015br\u00f3d lubuskich szk\u00f3\u0142 i samorz\u0105d\u00f3w<\/strong>. Razem mo\u017cemy zrobi\u0107 wiele, bo nawet ma\u0142e kroki prowadz\u0105 do wielkich zmian. &#x1f30d;&#x267b;&#xfe0f;<\/p>\n\n\n\n<p class=\"has-text-align-center\"><strong><em>Kampania informacyjno-edukacyjna realizowana w ramach Projektu Doradztwa Energetycznego finansowanego ramach FEnIKS na lata 2021-2027<\/em><\/strong><\/p>\n\n\n\n<p class=\"has-text-align-center\"><strong><em>Og\u00f3lnopolski Projekt Doradztwa Energetycznego jest jednocze\u015bnie Operacj\u0105 o&nbsp;znaczeniu strategicznym, kt\u00f3ra wnosi znacz\u0105cy wk\u0142ad w&nbsp;osi\u0105ganie cel\u00f3w programu FEnIKS 2021-2027.<\/em><\/strong><\/p>\n\n\n\n<p class=\"has-text-align-center\"><strong><em>Beneficjent i&nbsp;Partner Wiod\u0105cy: NFO\u015aiGW w&nbsp;Warszawie<\/em><\/strong><\/p>\n\n\n\n<p class=\"has-text-align-center\"><strong><em>Partnerzy: 16 WFO\u015aiGW<\/em><\/strong><\/p>\n\n\n\n<p class=\"has-text-align-center\"><a href=\"https:\/\/www.funduszeeuropejskie.gov.pl\/\"><strong><em>Fundusze Europejskie<\/em><\/strong><\/a><strong><em><\/em><\/strong><\/p>\n\n\n\n<p class=\"has-text-align-center\"><a href=\"https:\/\/www.feniks.gov.pl\/\"><strong><em>FEnIKS 2021-2027<\/em><\/strong><\/a><\/p>\n\n\n\n<p class=\"has-text-align-center\"><em>www.doradztwo-eneregtyczne.gov.pl<\/em><\/p>\n\n\n\n<figure class=\"wp-block-gallery has-nested-images columns-default is-cropped wp-block-gallery-1 is-layout-flex wp-block-gallery-is-layout-flex\">\n<figure class=\"wp-block-image size-large\"><img loading=\"lazy\" decoding=\"async\" width=\"1024\" height=\"768\" data-id=\"1138\" src=\"https:\/\/zde.wfosigw.zgora.pl\/wp-content\/uploads\/2026\/03\/IMG_20260305_112235549_HDR-1024x768.jpg\" alt=\"\" class=\"wp-image-1138\" srcset=\"https:\/\/zde.wfosigw.zgora.pl\/wp-content\/uploads\/2026\/03\/IMG_20260305_112235549_HDR-1024x768.jpg 1024w, https:\/\/zde.wfosigw.zgora.pl\/wp-content\/uploads\/2026\/03\/IMG_20260305_112235549_HDR-300x225.jpg 300w, https:\/\/zde.wfosigw.zgora.pl\/wp-content\/uploads\/2026\/03\/IMG_20260305_112235549_HDR-768x576.jpg 768w, https:\/\/zde.wfosigw.zgora.pl\/wp-content\/uploads\/2026\/03\/IMG_20260305_112235549_HDR-1536x1152.jpg 1536w, https:\/\/zde.wfosigw.zgora.pl\/wp-content\/uploads\/2026\/03\/IMG_20260305_112235549_HDR-2048x1536.jpg 2048w\" sizes=\"auto, (max-width: 1024px) 100vw, 1024px\" \/><\/figure>\n\n\n\n<figure class=\"wp-block-image size-large\"><img loading=\"lazy\" decoding=\"async\" width=\"1024\" height=\"768\" data-id=\"1139\" src=\"https:\/\/zde.wfosigw.zgora.pl\/wp-content\/uploads\/2026\/03\/1000028388-1024x768.jpg\" alt=\"\" class=\"wp-image-1139\" srcset=\"https:\/\/zde.wfosigw.zgora.pl\/wp-content\/uploads\/2026\/03\/1000028388-1024x768.jpg 1024w, https:\/\/zde.wfosigw.zgora.pl\/wp-content\/uploads\/2026\/03\/1000028388-300x225.jpg 300w, https:\/\/zde.wfosigw.zgora.pl\/wp-content\/uploads\/2026\/03\/1000028388-768x576.jpg 768w, https:\/\/zde.wfosigw.zgora.pl\/wp-content\/uploads\/2026\/03\/1000028388-1536x1152.jpg 1536w, https:\/\/zde.wfosigw.zgora.pl\/wp-content\/uploads\/2026\/03\/1000028388-2048x1536.jpg 2048w\" sizes=\"auto, (max-width: 1024px) 100vw, 1024px\" \/><\/figure>\n\n\n\n<figure class=\"wp-block-image size-large\"><img loading=\"lazy\" decoding=\"async\" width=\"1024\" height=\"768\" data-id=\"1140\" src=\"https:\/\/zde.wfosigw.zgora.pl\/wp-content\/uploads\/2026\/03\/IMG_20260305_112309454_HDR-1024x768.jpg\" alt=\"\" class=\"wp-image-1140\" srcset=\"https:\/\/zde.wfosigw.zgora.pl\/wp-content\/uploads\/2026\/03\/IMG_20260305_112309454_HDR-1024x768.jpg 1024w, https:\/\/zde.wfosigw.zgora.pl\/wp-content\/uploads\/2026\/03\/IMG_20260305_112309454_HDR-300x225.jpg 300w, https:\/\/zde.wfosigw.zgora.pl\/wp-content\/uploads\/2026\/03\/IMG_20260305_112309454_HDR-768x576.jpg 768w, https:\/\/zde.wfosigw.zgora.pl\/wp-content\/uploads\/2026\/03\/IMG_20260305_112309454_HDR-1536x1152.jpg 1536w, https:\/\/zde.wfosigw.zgora.pl\/wp-content\/uploads\/2026\/03\/IMG_20260305_112309454_HDR-2048x1536.jpg 2048w\" sizes=\"auto, (max-width: 1024px) 100vw, 1024px\" \/><\/figure>\n\n\n\n<figure class=\"wp-block-image size-large\"><img loading=\"lazy\" decoding=\"async\" width=\"724\" height=\"1024\" data-id=\"1133\" src=\"https:\/\/zde.wfosigw.zgora.pl\/wp-content\/uploads\/2026\/03\/Plakat-Kampania-IP-724x1024.png\" alt=\"\" class=\"wp-image-1133\" srcset=\"https:\/\/zde.wfosigw.zgora.pl\/wp-content\/uploads\/2026\/03\/Plakat-Kampania-IP-724x1024.png 724w, https:\/\/zde.wfosigw.zgora.pl\/wp-content\/uploads\/2026\/03\/Plakat-Kampania-IP-212x300.png 212w, https:\/\/zde.wfosigw.zgora.pl\/wp-content\/uploads\/2026\/03\/Plakat-Kampania-IP-768x1086.png 768w, https:\/\/zde.wfosigw.zgora.pl\/wp-content\/uploads\/2026\/03\/Plakat-Kampania-IP-1086x1536.png 1086w, https:\/\/zde.wfosigw.zgora.pl\/wp-content\/uploads\/2026\/03\/Plakat-Kampania-IP.png 1414w\" sizes=\"auto, (max-width: 724px) 100vw, 724px\" \/><\/figure>\n<\/figure>\n","protected":false},"excerpt":{"rendered":"<p>Wczoraj w siedzibie WFO\u015aiGW w Zielonej G\u00f3rze zainaugurowano kampani\u0119 informacyjno-edukacyjn\u0105 dla dzieci i m\u0142odzie\u017cy dotycz\u0105c\u0105 zmian klimatu pn. \u201eWsp\u00f3lnie dla klimatu \u2013 Ma\u0142e Kroki, Wielka Przysz\u0142o\u015b\u0107\u201d. Uczestnik\u00f3w spotkania w imieniu Zarz\u0105du WFO\u015aiGW w Zielonej G\u00f3rze powita\u0142 Zast\u0119pca Prezesa Zarz\u0105du Przemys\u0142aw Nitschka. W wydarzeniu, kt\u00f3re odby\u0142o si\u0119 w formule zdalnej, wzi\u0119\u0142o udzia\u0142 a\u017c 36 przedstawicieli r\u00f3\u017cnych&hellip;&nbsp;<a href=\"https:\/\/zde.wfosigw.zgora.pl\/index.php\/2026\/03\/06\/wspolnie-dla-klimatu-start-kampanii-male-kroki-wielka-przyszlosc\/\" rel=\"bookmark\">Dowiedz si\u0119 wi\u0119cej &raquo;<span class=\"screen-reader-text\">Wsp\u00f3lnie dla klimatu \u2013 start kampanii \u201eMa\u0142e Kroki, Wielka Przysz\u0142o\u015b\u0107\u201d<\/span><\/a><\/p>\n","protected":false},"author":3,"featured_media":1140,"comment_status":"closed","ping_status":"closed","sticky":false,"template":"","format":"standard","meta":{"neve_meta_sidebar":"","neve_meta_container":"","neve_meta_enable_content_width":"","neve_meta_content_width":0,"neve_meta_title_alignment":"","neve_meta_author_avatar":"","neve_post_elements_order":"","neve_meta_disable_header":"","neve_meta_disable_footer":"","neve_meta_disable_title":"","_themeisle_gutenberg_block_has_review":false,"footnotes":""},"categories":[8],"tags":[],"class_list":["post-1141","post","type-post","status-publish","format-standard","has-post-thumbnail","hentry","category-aktualnosci"],"_links":{"self":[{"href":"https:\/\/zde.wfosigw.zgora.pl\/index.php\/wp-json\/wp\/v2\/posts\/1141","targetHints":{"allow":["GET"]}}],"collection":[{"href":"https:\/\/zde.wfosigw.zgora.pl\/index.php\/wp-json\/wp\/v2\/posts"}],"about":[{"href":"https:\/\/zde.wfosigw.zgora.pl\/index.php\/wp-json\/wp\/v2\/types\/post"}],"author":[{"embeddable":true,"href":"https:\/\/zde.wfosigw.zgora.pl\/index.php\/wp-json\/wp\/v2\/users\/3"}],"replies":[{"embeddable":true,"href":"https:\/\/zde.wfosigw.zgora.pl\/index.php\/wp-json\/wp\/v2\/comments?post=1141"}],"version-history":[{"count":1,"href":"https:\/\/zde.wfosigw.zgora.pl\/index.php\/wp-json\/wp\/v2\/posts\/1141\/revisions"}],"predecessor-version":[{"id":1142,"href":"https:\/\/zde.wfosigw.zgora.pl\/index.php\/wp-json\/wp\/v2\/posts\/1141\/revisions\/1142"}],"wp:featuredmedia":[{"embeddable":true,"href":"https:\/\/zde.wfosigw.zgora.pl\/index.php\/wp-json\/wp\/v2\/media\/1140"}],"wp:attachment":[{"href":"https:\/\/zde.wfosigw.zgora.pl\/index.php\/wp-json\/wp\/v2\/media?parent=1141"}],"wp:term":[{"taxonomy":"category","embeddable":true,"href":"https:\/\/zde.wfosigw.zgora.pl\/index.php\/wp-json\/wp\/v2\/categories?post=1141"},{"taxonomy":"post_tag","embeddable":true,"href":"https:\/\/zde.wfosigw.zgora.pl\/index.php\/wp-json\/wp\/v2\/tags?post=1141"}],"curies":[{"name":"wp","href":"https:\/\/api.w.org\/{rel}","templated":true}]}}