{"id":1145,"date":"2026-03-12T12:17:35","date_gmt":"2026-03-12T11:17:35","guid":{"rendered":"https:\/\/zde.wfosigw.zgora.pl\/?p=1145"},"modified":"2026-03-12T12:17:37","modified_gmt":"2026-03-12T11:17:37","slug":"pierwsze-spotkanie-edukacyjne-w-ramach-kampanii-informacyjno-edukacyjnej-wspolnie-dla-klimatu-male-kroki-wielka-przyszlosc-za-nami","status":"publish","type":"post","link":"https:\/\/zde.wfosigw.zgora.pl\/index.php\/2026\/03\/12\/pierwsze-spotkanie-edukacyjne-w-ramach-kampanii-informacyjno-edukacyjnej-wspolnie-dla-klimatu-male-kroki-wielka-przyszlosc-za-nami\/","title":{"rendered":"Pierwsze spotkanie edukacyjne w ramach kampanii informacyjno-edukacyjnej \u201eWsp\u00f3lnie dla\u00a0klimatu &#8211; Ma\u0142e Kroki, Wielka Przysz\u0142o\u015b\u0107\u201d za nami!"},"content":{"rendered":"\n<figure class=\"wp-block-image size-large\"><img loading=\"lazy\" decoding=\"async\" width=\"1024\" height=\"102\" src=\"https:\/\/zde.wfosigw.zgora.pl\/wp-content\/uploads\/2026\/01\/FENIKS_RP_UE_PDE_CMYK_10lecie_1-1024x102.jpg\" alt=\"\" class=\"wp-image-1109\" srcset=\"https:\/\/zde.wfosigw.zgora.pl\/wp-content\/uploads\/2026\/01\/FENIKS_RP_UE_PDE_CMYK_10lecie_1-1024x102.jpg 1024w, https:\/\/zde.wfosigw.zgora.pl\/wp-content\/uploads\/2026\/01\/FENIKS_RP_UE_PDE_CMYK_10lecie_1-300x30.jpg 300w, https:\/\/zde.wfosigw.zgora.pl\/wp-content\/uploads\/2026\/01\/FENIKS_RP_UE_PDE_CMYK_10lecie_1-768x76.jpg 768w, https:\/\/zde.wfosigw.zgora.pl\/wp-content\/uploads\/2026\/01\/FENIKS_RP_UE_PDE_CMYK_10lecie_1-1536x152.jpg 1536w, https:\/\/zde.wfosigw.zgora.pl\/wp-content\/uploads\/2026\/01\/FENIKS_RP_UE_PDE_CMYK_10lecie_1-2048x203.jpg 2048w\" sizes=\"auto, (max-width: 1024px) 100vw, 1024px\" \/><\/figure>\n\n\n\n<figure class=\"wp-block-image size-large\"><img loading=\"lazy\" decoding=\"async\" width=\"1024\" height=\"768\" src=\"https:\/\/zde.wfosigw.zgora.pl\/wp-content\/uploads\/2026\/03\/IMG_20260311_104248266-1024x768.jpg\" alt=\"\" class=\"wp-image-1147\" srcset=\"https:\/\/zde.wfosigw.zgora.pl\/wp-content\/uploads\/2026\/03\/IMG_20260311_104248266-1024x768.jpg 1024w, https:\/\/zde.wfosigw.zgora.pl\/wp-content\/uploads\/2026\/03\/IMG_20260311_104248266-300x225.jpg 300w, https:\/\/zde.wfosigw.zgora.pl\/wp-content\/uploads\/2026\/03\/IMG_20260311_104248266-768x576.jpg 768w, https:\/\/zde.wfosigw.zgora.pl\/wp-content\/uploads\/2026\/03\/IMG_20260311_104248266-1536x1152.jpg 1536w, https:\/\/zde.wfosigw.zgora.pl\/wp-content\/uploads\/2026\/03\/IMG_20260311_104248266-2048x1536.jpg 2048w\" sizes=\"auto, (max-width: 1024px) 100vw, 1024px\" \/><\/figure>\n\n\n\n<p>Wczoraj w <strong>Szkole Podstawowej nr 10 w Zielonej G\u00f3rze<\/strong> odby\u0142o si\u0119 pierwsze spotkanie w&nbsp;ramach naszej kampanii informacyjno-edukacyjnej \u201eWsp\u00f3lnie dla klimatu &#8211; Ma\u0142e Kroki, Wielka Przysz\u0142o\u015b\u0107\u201d. By\u0142o to wydarzenie, kt\u00f3re po\u0142\u0105czy\u0142o nauk\u0119 z zabaw\u0105 i inspiracj\u0105 do&nbsp;podejmowania codziennych dzia\u0142a\u0144 na rzecz ochrony \u015brodowiska.<\/p>\n\n\n\n<p>Podczas spotkania uczniowie mogli dowiedzie\u0107 si\u0119 m.in. o:<\/p>\n\n\n\n<ul class=\"wp-block-list\">\n<li><strong>niskiej emisji<\/strong> i jej wp\u0142ywie na nasze zdrowie i klimat,<\/li>\n\n\n\n<li><strong>zanieczyszczeniu powietrza<\/strong> i sposobach jego ograniczania,<\/li>\n\n\n\n<li>znaczeniu <strong>efektywno\u015bci energetycznej<\/strong> w domach i szko\u0142ach,<\/li>\n\n\n\n<li>mo\u017cliwo\u015bciach korzystania z <strong>odnawialnych \u017ar\u00f3de\u0142 energii<\/strong> w codziennym \u017cyciu.<\/li>\n<\/ul>\n\n\n\n<p>Nie zabrak\u0142o r\u00f3wnie\u017c interaktywnych element\u00f3w. Uczniowie wzi\u0119li udzia\u0142 w <strong>quizie wiedzy ekologiczne<\/strong><strong>j z nagrodami<\/strong>. Wida\u0107 by\u0142o rado\u015b\u0107, zaanga\u017cowanie i ciekawo\u015b\u0107 m\u0142odych uczestnik\u00f3w, a to w\u0142a\u015bnie takie emocje pomagaj\u0105 skutecznie kszta\u0142towa\u0107 proekologiczne postawy.<\/p>\n\n\n\n<p>Celem naszej kampanii jest nie tylko przekazanie wiedzy o ochronie klimatu, ale przede wszystkim <strong>inspirowanie m\u0142odych ludzi do podejmowania \u015bwiadomych i odpowiedzialnych dzia\u0142a\u0144<\/strong>. Chcemy pokaza\u0107, \u017ce nawet najmniejsze zmiany w codziennym \u017cyciu, &nbsp;jak oszcz\u0119dzanie energii, segregowanie odpad\u00f3w czy korzystanie z ekologicznego transportu, maj\u0105 realny wp\u0142yw na przysz\u0142o\u015b\u0107 naszej planety.<\/p>\n\n\n\n<p>Nasza inicjatywa ma te\u017c na celu rozwijanie <strong>\u015bwiadomo\u015bci ekologicznej<\/strong> w zakresie efektywno\u015bci energetycznej i odnawialnych \u017ar\u00f3de\u0142 energii oraz kszta\u0142towanie nawyk\u00f3w, kt\u00f3re b\u0119d\u0105 sprzyja\u0142y ochronie klimatu na co dzie\u0144.<\/p>\n\n\n\n<p>Edukacja jest pierwszym krokiem do trwa\u0142ej zmiany \u015bwiadomo\u015bci ekologicznej, dlatego w&nbsp;nadchodz\u0105cych tygodniach planujemy kolejne spotkania edukacyjne w naszym regionie.<\/p>\n\n\n\n<figure class=\"wp-block-gallery has-nested-images columns-default is-cropped wp-block-gallery-1 is-layout-flex wp-block-gallery-is-layout-flex\">\n<figure class=\"wp-block-image size-large\"><img loading=\"lazy\" decoding=\"async\" width=\"1024\" height=\"768\" data-id=\"1147\" src=\"https:\/\/zde.wfosigw.zgora.pl\/wp-content\/uploads\/2026\/03\/IMG_20260311_104248266-1024x768.jpg\" alt=\"\" class=\"wp-image-1147\" srcset=\"https:\/\/zde.wfosigw.zgora.pl\/wp-content\/uploads\/2026\/03\/IMG_20260311_104248266-1024x768.jpg 1024w, https:\/\/zde.wfosigw.zgora.pl\/wp-content\/uploads\/2026\/03\/IMG_20260311_104248266-300x225.jpg 300w, https:\/\/zde.wfosigw.zgora.pl\/wp-content\/uploads\/2026\/03\/IMG_20260311_104248266-768x576.jpg 768w, https:\/\/zde.wfosigw.zgora.pl\/wp-content\/uploads\/2026\/03\/IMG_20260311_104248266-1536x1152.jpg 1536w, https:\/\/zde.wfosigw.zgora.pl\/wp-content\/uploads\/2026\/03\/IMG_20260311_104248266-2048x1536.jpg 2048w\" sizes=\"auto, (max-width: 1024px) 100vw, 1024px\" \/><\/figure>\n\n\n\n<figure class=\"wp-block-image size-large\"><img loading=\"lazy\" decoding=\"async\" width=\"1024\" height=\"768\" data-id=\"1146\" src=\"https:\/\/zde.wfosigw.zgora.pl\/wp-content\/uploads\/2026\/03\/IMG_20260311_104220827_HDR-1024x768.jpg\" alt=\"\" class=\"wp-image-1146\" srcset=\"https:\/\/zde.wfosigw.zgora.pl\/wp-content\/uploads\/2026\/03\/IMG_20260311_104220827_HDR-1024x768.jpg 1024w, https:\/\/zde.wfosigw.zgora.pl\/wp-content\/uploads\/2026\/03\/IMG_20260311_104220827_HDR-300x225.jpg 300w, https:\/\/zde.wfosigw.zgora.pl\/wp-content\/uploads\/2026\/03\/IMG_20260311_104220827_HDR-768x576.jpg 768w, https:\/\/zde.wfosigw.zgora.pl\/wp-content\/uploads\/2026\/03\/IMG_20260311_104220827_HDR-1536x1152.jpg 1536w, https:\/\/zde.wfosigw.zgora.pl\/wp-content\/uploads\/2026\/03\/IMG_20260311_104220827_HDR-2048x1536.jpg 2048w\" sizes=\"auto, (max-width: 1024px) 100vw, 1024px\" \/><\/figure>\n<\/figure>\n\n\n\n<p class=\"has-text-align-center\"><strong><em>Kampania informacyjno-edukacyjna realizowana w ramach Projektu Doradztwa Energetycznego finansowanego ramach FEnIKS na lata 2021-2027<\/em><\/strong><\/p>\n\n\n\n<p class=\"has-text-align-center\"><strong><em>Og\u00f3lnopolski Projekt Doradztwa Energetycznego jest jednocze\u015bnie Operacj\u0105 o&nbsp;znaczeniu strategicznym, kt\u00f3ra wnosi znacz\u0105cy wk\u0142ad w&nbsp;osi\u0105ganie cel\u00f3w programu FEnIKS 2021-2027.<\/em><\/strong><\/p>\n\n\n\n<p class=\"has-text-align-center\"><strong><em>Beneficjent i&nbsp;Partner Wiod\u0105cy: NFO\u015aiGW w&nbsp;Warszawie<\/em><\/strong><\/p>\n\n\n\n<p class=\"has-text-align-center\"><strong><em>Partnerzy: 16 WFO\u015aiGW<\/em><\/strong><\/p>\n\n\n\n<p class=\"has-text-align-center\"><a href=\"https:\/\/www.funduszeeuropejskie.gov.pl\/\"><strong><em>Fundusze Europejskie<\/em><\/strong><\/a><\/p>\n\n\n\n<p class=\"has-text-align-center\"><a href=\"https:\/\/www.feniks.gov.pl\/\"><strong><em>FEnIKS 2021-2027<\/em><\/strong><\/a><\/p>\n\n\n\n<p class=\"has-text-align-center\"><em>www.doradztwo-eneregtyczne.gov.pl<\/em><\/p>\n","protected":false},"excerpt":{"rendered":"<p>Wczoraj w Szkole Podstawowej nr 10 w Zielonej G\u00f3rze odby\u0142o si\u0119 pierwsze spotkanie w&nbsp;ramach naszej kampanii informacyjno-edukacyjnej \u201eWsp\u00f3lnie dla klimatu &#8211; Ma\u0142e Kroki, Wielka Przysz\u0142o\u015b\u0107\u201d. By\u0142o to wydarzenie, kt\u00f3re po\u0142\u0105czy\u0142o nauk\u0119 z zabaw\u0105 i inspiracj\u0105 do&nbsp;podejmowania codziennych dzia\u0142a\u0144 na rzecz ochrony \u015brodowiska. Podczas spotkania uczniowie mogli dowiedzie\u0107 si\u0119 m.in. o: Nie zabrak\u0142o r\u00f3wnie\u017c interaktywnych element\u00f3w.&hellip;&nbsp;<a href=\"https:\/\/zde.wfosigw.zgora.pl\/index.php\/2026\/03\/12\/pierwsze-spotkanie-edukacyjne-w-ramach-kampanii-informacyjno-edukacyjnej-wspolnie-dla-klimatu-male-kroki-wielka-przyszlosc-za-nami\/\" rel=\"bookmark\">Dowiedz si\u0119 wi\u0119cej &raquo;<span class=\"screen-reader-text\">Pierwsze spotkanie edukacyjne w ramach kampanii informacyjno-edukacyjnej \u201eWsp\u00f3lnie dla\u00a0klimatu &#8211; Ma\u0142e Kroki, Wielka Przysz\u0142o\u015b\u0107\u201d za nami!<\/span><\/a><\/p>\n","protected":false},"author":3,"featured_media":1146,"comment_status":"closed","ping_status":"closed","sticky":false,"template":"","format":"standard","meta":{"neve_meta_sidebar":"","neve_meta_container":"","neve_meta_enable_content_width":"","neve_meta_content_width":0,"neve_meta_title_alignment":"","neve_meta_author_avatar":"","neve_post_elements_order":"","neve_meta_disable_header":"","neve_meta_disable_footer":"","neve_meta_disable_title":"","_themeisle_gutenberg_block_has_review":false,"footnotes":""},"categories":[8],"tags":[],"class_list":["post-1145","post","type-post","status-publish","format-standard","has-post-thumbnail","hentry","category-aktualnosci"],"_links":{"self":[{"href":"https:\/\/zde.wfosigw.zgora.pl\/index.php\/wp-json\/wp\/v2\/posts\/1145","targetHints":{"allow":["GET"]}}],"collection":[{"href":"https:\/\/zde.wfosigw.zgora.pl\/index.php\/wp-json\/wp\/v2\/posts"}],"about":[{"href":"https:\/\/zde.wfosigw.zgora.pl\/index.php\/wp-json\/wp\/v2\/types\/post"}],"author":[{"embeddable":true,"href":"https:\/\/zde.wfosigw.zgora.pl\/index.php\/wp-json\/wp\/v2\/users\/3"}],"replies":[{"embeddable":true,"href":"https:\/\/zde.wfosigw.zgora.pl\/index.php\/wp-json\/wp\/v2\/comments?post=1145"}],"version-history":[{"count":1,"href":"https:\/\/zde.wfosigw.zgora.pl\/index.php\/wp-json\/wp\/v2\/posts\/1145\/revisions"}],"predecessor-version":[{"id":1148,"href":"https:\/\/zde.wfosigw.zgora.pl\/index.php\/wp-json\/wp\/v2\/posts\/1145\/revisions\/1148"}],"wp:featuredmedia":[{"embeddable":true,"href":"https:\/\/zde.wfosigw.zgora.pl\/index.php\/wp-json\/wp\/v2\/media\/1146"}],"wp:attachment":[{"href":"https:\/\/zde.wfosigw.zgora.pl\/index.php\/wp-json\/wp\/v2\/media?parent=1145"}],"wp:term":[{"taxonomy":"category","embeddable":true,"href":"https:\/\/zde.wfosigw.zgora.pl\/index.php\/wp-json\/wp\/v2\/categories?post=1145"},{"taxonomy":"post_tag","embeddable":true,"href":"https:\/\/zde.wfosigw.zgora.pl\/index.php\/wp-json\/wp\/v2\/tags?post=1145"}],"curies":[{"name":"wp","href":"https:\/\/api.w.org\/{rel}","templated":true}]}}