{"id":1198,"date":"2026-04-24T10:27:12","date_gmt":"2026-04-24T08:27:12","guid":{"rendered":"https:\/\/zde.wfosigw.zgora.pl\/?p=1198"},"modified":"2026-04-24T10:27:13","modified_gmt":"2026-04-24T08:27:13","slug":"edukacja-dla-klimatu-final-spotkan-z-mlodzieza-w-zielonej-gorze","status":"publish","type":"post","link":"https:\/\/zde.wfosigw.zgora.pl\/index.php\/2026\/04\/24\/edukacja-dla-klimatu-final-spotkan-z-mlodzieza-w-zielonej-gorze\/","title":{"rendered":"Edukacja dla klimatu \u2013 fina\u0142 spotka\u0144 z m\u0142odzie\u017c\u0105 w Zielonej G\u00f3rze!"},"content":{"rendered":"\n<figure class=\"wp-block-image size-large\"><img loading=\"lazy\" decoding=\"async\" width=\"1024\" height=\"102\" src=\"https:\/\/zde.wfosigw.zgora.pl\/wp-content\/uploads\/2026\/01\/FENIKS_RP_UE_PDE_CMYK_10lecie_1-1024x102.jpg\" alt=\"\" class=\"wp-image-1109\" srcset=\"https:\/\/zde.wfosigw.zgora.pl\/wp-content\/uploads\/2026\/01\/FENIKS_RP_UE_PDE_CMYK_10lecie_1-1024x102.jpg 1024w, https:\/\/zde.wfosigw.zgora.pl\/wp-content\/uploads\/2026\/01\/FENIKS_RP_UE_PDE_CMYK_10lecie_1-300x30.jpg 300w, https:\/\/zde.wfosigw.zgora.pl\/wp-content\/uploads\/2026\/01\/FENIKS_RP_UE_PDE_CMYK_10lecie_1-768x76.jpg 768w, https:\/\/zde.wfosigw.zgora.pl\/wp-content\/uploads\/2026\/01\/FENIKS_RP_UE_PDE_CMYK_10lecie_1-1536x152.jpg 1536w, https:\/\/zde.wfosigw.zgora.pl\/wp-content\/uploads\/2026\/01\/FENIKS_RP_UE_PDE_CMYK_10lecie_1-2048x203.jpg 2048w\" sizes=\"auto, (max-width: 1024px) 100vw, 1024px\" \/><\/figure>\n\n\n\n<figure class=\"wp-block-image size-large\"><img loading=\"lazy\" decoding=\"async\" width=\"1024\" height=\"768\" src=\"https:\/\/zde.wfosigw.zgora.pl\/wp-content\/uploads\/2026\/04\/IMG-20260423-WA0004-1024x768.jpg\" alt=\"\" class=\"wp-image-1200\" srcset=\"https:\/\/zde.wfosigw.zgora.pl\/wp-content\/uploads\/2026\/04\/IMG-20260423-WA0004-1024x768.jpg 1024w, https:\/\/zde.wfosigw.zgora.pl\/wp-content\/uploads\/2026\/04\/IMG-20260423-WA0004-300x225.jpg 300w, https:\/\/zde.wfosigw.zgora.pl\/wp-content\/uploads\/2026\/04\/IMG-20260423-WA0004-768x576.jpg 768w, https:\/\/zde.wfosigw.zgora.pl\/wp-content\/uploads\/2026\/04\/IMG-20260423-WA0004-1536x1152.jpg 1536w, https:\/\/zde.wfosigw.zgora.pl\/wp-content\/uploads\/2026\/04\/IMG-20260423-WA0004.jpg 1600w\" sizes=\"auto, (max-width: 1024px) 100vw, 1024px\" \/><\/figure>\n\n\n\n<p>W \u015brod\u0119, 22 kwietnia 2026 r., Doradcy Energetyczni WFO\u015aiGW w Zielonej G\u00f3rze odwiedzili ostatni\u0105 na swojej trasie szko\u0142\u0119, ko\u0144cz\u0105c tym samym tegoroczny cykl lekcji edukacji ekologicznej realizowanych w ramach kampanii <strong>\u201eWsp\u00f3lnie dla Klimatu &#8211; Ma\u0142e Kroki, Wielka Przysz\u0142o\u015b\u0107\u201d<\/strong>.<\/p>\n\n\n\n<p>Fina\u0142owe spotkanie odby\u0142o si\u0119 w Zespole Szk\u00f3\u0142 Mistrzostwa Sportowego w Zielonej G\u00f3rze przy ul. Wyspia\u0144skiego 21, gdzie tym razem uczestnikami zaj\u0119\u0107 byli uczniowie liceum.<\/p>\n\n\n\n<p>Podczas lekcji poruszone zosta\u0142y zagadnienia zwi\u0105zane z ochron\u0105 \u015brodowiska i zdrowiem. Doradcy przybli\u017cyli m\u0142odzie\u017cy problem zanieczyszczenia powietrza, zwracaj\u0105c uwag\u0119 na jego \u017ar\u00f3d\u0142a oraz konsekwencje dla codziennego \u017cycia. Szczeg\u00f3lny nacisk po\u0142o\u017cono na temat termomodernizacji budynk\u00f3w (w tym wymiany \u017ar\u00f3de\u0142 ciep\u0142a) jako jednego z kluczowych sposob\u00f3w ograniczania emisji zanieczyszcze\u0144 oraz poprawy efektywno\u015bci energetycznej.<\/p>\n\n\n\n<p>Istotnym elementem spotkania by\u0142a r\u00f3wnie\u017c rozmowa na temat jednego z najbardziej niebezpiecznych sk\u0142adnik\u00f3w smogu, jakim jest benzo(a)piren. Uczniowie dowiedzieli si\u0119, czym jest ta substancja, sk\u0105d si\u0119 bierze oraz dlaczego stanowi powa\u017cne zagro\u017cenie dla zdrowia i \u017cycia cz\u0142owieka, zw\u0142aszcza w kontek\u015bcie d\u0142ugotrwa\u0142ej ekspozycji na jej dzia\u0142anie.<\/p>\n\n\n\n<p>Zaj\u0119cia by\u0142y nie tylko okazj\u0105 do zdobycia wiedzy, ale tak\u017ce do refleksji nad&nbsp; codziennymi wyborami i ich wp\u0142ywem na \u015brodowisko. Aktywne zaanga\u017cowanie uczni\u00f3w pokazuje, \u017ce m\u0142ode pokolenie coraz \u015bwiadomiej podchodzi do wyzwa\u0144 zwi\u0105zanych z klimatem i ochron\u0105 powietrza.<\/p>\n\n\n\n<p>Dzi\u0119kujemy wszystkim szko\u0142om i uczestnikom za udzia\u0142 w tegorocznej edycji lekcji ekologicznych. Wierzymy, \u017ce zdobyta wiedza prze\u0142o\u017cy si\u0119 na realne dzia\u0142ania i efekty, bo nawet ma\u0142e kroki mog\u0105 prowadzi\u0107 do wielkich zmian.<\/p>\n\n\n\n<p class=\"has-text-align-center\"><strong><em>Kampania informacyjno-edukacyjna realizowana w ramach Projektu Doradztwa Energetycznego finansowanego ramach FEnIKS na lata 2021-2027<\/em><\/strong><\/p>\n\n\n\n<p class=\"has-text-align-center\"><strong><em>Og\u00f3lnopolski Projekt Doradztwa Energetycznego jest jednocze\u015bnie Operacj\u0105 o&nbsp;znaczeniu strategicznym, kt\u00f3ra wnosi znacz\u0105cy wk\u0142ad w&nbsp;osi\u0105ganie cel\u00f3w programu FEnIKS 2021-2027.<\/em><\/strong><\/p>\n\n\n\n<p class=\"has-text-align-center\"><strong><em>Beneficjent i&nbsp;Partner Wiod\u0105cy: NFO\u015aiGW w&nbsp;Warszawie<\/em><\/strong><\/p>\n\n\n\n<p class=\"has-text-align-center\"><strong><em>Partnerzy: 16 WFO\u015aiGW<\/em><\/strong><\/p>\n\n\n\n<p class=\"has-text-align-center\"><a href=\"https:\/\/www.funduszeeuropejskie.gov.pl\/\"><strong><em>Fundusze Europejskie<\/em><\/strong><\/a><\/p>\n\n\n\n<p class=\"has-text-align-center\"><a href=\"https:\/\/www.feniks.gov.pl\/\"><strong><em>FEnIKS 2021-2027<\/em><\/strong><\/a><\/p>\n\n\n\n<p class=\"has-text-align-center\"><em>www.doradztwo-eneregtyczne.gov.pl<\/em><\/p>\n","protected":false},"excerpt":{"rendered":"<p>W \u015brod\u0119, 22 kwietnia 2026 r., Doradcy Energetyczni WFO\u015aiGW w Zielonej G\u00f3rze odwiedzili ostatni\u0105 na swojej trasie szko\u0142\u0119, ko\u0144cz\u0105c tym samym tegoroczny cykl lekcji edukacji ekologicznej realizowanych w ramach kampanii \u201eWsp\u00f3lnie dla Klimatu &#8211; Ma\u0142e Kroki, Wielka Przysz\u0142o\u015b\u0107\u201d. Fina\u0142owe spotkanie odby\u0142o si\u0119 w Zespole Szk\u00f3\u0142 Mistrzostwa Sportowego w Zielonej G\u00f3rze przy ul. Wyspia\u0144skiego 21, gdzie&hellip;&nbsp;<a href=\"https:\/\/zde.wfosigw.zgora.pl\/index.php\/2026\/04\/24\/edukacja-dla-klimatu-final-spotkan-z-mlodzieza-w-zielonej-gorze\/\" rel=\"bookmark\">Dowiedz si\u0119 wi\u0119cej &raquo;<span class=\"screen-reader-text\">Edukacja dla klimatu \u2013 fina\u0142 spotka\u0144 z m\u0142odzie\u017c\u0105 w Zielonej G\u00f3rze!<\/span><\/a><\/p>\n","protected":false},"author":3,"featured_media":1200,"comment_status":"closed","ping_status":"closed","sticky":false,"template":"","format":"standard","meta":{"neve_meta_sidebar":"","neve_meta_container":"","neve_meta_enable_content_width":"","neve_meta_content_width":0,"neve_meta_title_alignment":"","neve_meta_author_avatar":"","neve_post_elements_order":"","neve_meta_disable_header":"","neve_meta_disable_footer":"","neve_meta_disable_title":"","_themeisle_gutenberg_block_has_review":false,"footnotes":""},"categories":[8],"tags":[],"class_list":["post-1198","post","type-post","status-publish","format-standard","has-post-thumbnail","hentry","category-aktualnosci"],"_links":{"self":[{"href":"https:\/\/zde.wfosigw.zgora.pl\/index.php\/wp-json\/wp\/v2\/posts\/1198","targetHints":{"allow":["GET"]}}],"collection":[{"href":"https:\/\/zde.wfosigw.zgora.pl\/index.php\/wp-json\/wp\/v2\/posts"}],"about":[{"href":"https:\/\/zde.wfosigw.zgora.pl\/index.php\/wp-json\/wp\/v2\/types\/post"}],"author":[{"embeddable":true,"href":"https:\/\/zde.wfosigw.zgora.pl\/index.php\/wp-json\/wp\/v2\/users\/3"}],"replies":[{"embeddable":true,"href":"https:\/\/zde.wfosigw.zgora.pl\/index.php\/wp-json\/wp\/v2\/comments?post=1198"}],"version-history":[{"count":1,"href":"https:\/\/zde.wfosigw.zgora.pl\/index.php\/wp-json\/wp\/v2\/posts\/1198\/revisions"}],"predecessor-version":[{"id":1202,"href":"https:\/\/zde.wfosigw.zgora.pl\/index.php\/wp-json\/wp\/v2\/posts\/1198\/revisions\/1202"}],"wp:featuredmedia":[{"embeddable":true,"href":"https:\/\/zde.wfosigw.zgora.pl\/index.php\/wp-json\/wp\/v2\/media\/1200"}],"wp:attachment":[{"href":"https:\/\/zde.wfosigw.zgora.pl\/index.php\/wp-json\/wp\/v2\/media?parent=1198"}],"wp:term":[{"taxonomy":"category","embeddable":true,"href":"https:\/\/zde.wfosigw.zgora.pl\/index.php\/wp-json\/wp\/v2\/categories?post=1198"},{"taxonomy":"post_tag","embeddable":true,"href":"https:\/\/zde.wfosigw.zgora.pl\/index.php\/wp-json\/wp\/v2\/tags?post=1198"}],"curies":[{"name":"wp","href":"https:\/\/api.w.org\/{rel}","templated":true}]}}