{"id":1204,"date":"2026-04-27T08:13:38","date_gmt":"2026-04-27T06:13:38","guid":{"rendered":"https:\/\/zde.wfosigw.zgora.pl\/?p=1204"},"modified":"2026-04-27T08:13:39","modified_gmt":"2026-04-27T06:13:39","slug":"doradczy-piatek-bezplatne-konsultacje-energetyczne-przyciagnely-mieszkancow-kolejne-spotkanie-juz-29-maja-2026-r","status":"publish","type":"post","link":"https:\/\/zde.wfosigw.zgora.pl\/index.php\/2026\/04\/27\/doradczy-piatek-bezplatne-konsultacje-energetyczne-przyciagnely-mieszkancow-kolejne-spotkanie-juz-29-maja-2026-r\/","title":{"rendered":"Doradczy Pi\u0105tek: bezp\u0142atne konsultacje energetyczne przyci\u0105gn\u0119\u0142y mieszka\u0144c\u00f3w \u2013 kolejne spotkanie ju\u017c 29 maja 2026 r."},"content":{"rendered":"\n<figure class=\"wp-block-image size-large\"><img loading=\"lazy\" decoding=\"async\" width=\"1024\" height=\"102\" src=\"https:\/\/zde.wfosigw.zgora.pl\/wp-content\/uploads\/2026\/01\/FENIKS_RP_UE_PDE_CMYK_10lecie_1-1024x102.jpg\" alt=\"\" class=\"wp-image-1109\" srcset=\"https:\/\/zde.wfosigw.zgora.pl\/wp-content\/uploads\/2026\/01\/FENIKS_RP_UE_PDE_CMYK_10lecie_1-1024x102.jpg 1024w, https:\/\/zde.wfosigw.zgora.pl\/wp-content\/uploads\/2026\/01\/FENIKS_RP_UE_PDE_CMYK_10lecie_1-300x30.jpg 300w, https:\/\/zde.wfosigw.zgora.pl\/wp-content\/uploads\/2026\/01\/FENIKS_RP_UE_PDE_CMYK_10lecie_1-768x76.jpg 768w, https:\/\/zde.wfosigw.zgora.pl\/wp-content\/uploads\/2026\/01\/FENIKS_RP_UE_PDE_CMYK_10lecie_1-1536x152.jpg 1536w, https:\/\/zde.wfosigw.zgora.pl\/wp-content\/uploads\/2026\/01\/FENIKS_RP_UE_PDE_CMYK_10lecie_1-2048x203.jpg 2048w\" sizes=\"auto, (max-width: 1024px) 100vw, 1024px\" \/><\/figure>\n\n\n\n<figure class=\"wp-block-image size-large\"><img loading=\"lazy\" decoding=\"async\" width=\"768\" height=\"1024\" src=\"https:\/\/zde.wfosigw.zgora.pl\/wp-content\/uploads\/2026\/04\/Projekt-bez-nazwy2-768x1024.png\" alt=\"\" class=\"wp-image-1205\" srcset=\"https:\/\/zde.wfosigw.zgora.pl\/wp-content\/uploads\/2026\/04\/Projekt-bez-nazwy2-768x1024.png 768w, https:\/\/zde.wfosigw.zgora.pl\/wp-content\/uploads\/2026\/04\/Projekt-bez-nazwy2-225x300.png 225w, https:\/\/zde.wfosigw.zgora.pl\/wp-content\/uploads\/2026\/04\/Projekt-bez-nazwy2-1152x1536.png 1152w, https:\/\/zde.wfosigw.zgora.pl\/wp-content\/uploads\/2026\/04\/Projekt-bez-nazwy2-1536x2048.png 1536w, https:\/\/zde.wfosigw.zgora.pl\/wp-content\/uploads\/2026\/04\/Projekt-bez-nazwy2-scaled.png 1920w\" sizes=\"auto, (max-width: 768px) 100vw, 768px\" \/><\/figure>\n\n\n\n<p>Kwietniowe spotkanie w ramach cyklu \u201eDoradczy Pi\u0105tek\u201d ju\u017c za nami i cieszy nas ogromne zainteresowanie, jakim cieszy\u0142y si\u0119 indywidualne konsultacje z Doradcami Energetycznymi. Wydarzenie by\u0142o doskona\u0142\u0105 okazj\u0105 dla mieszka\u0144c\u00f3w regionu, aby uzyska\u0107 rzetelne i praktyczne informacje na temat dost\u0119pnych program\u00f3w wsparcia oraz rozwi\u0105za\u0144 sprzyjaj\u0105cych ochronie \u015brodowiska.<\/p>\n\n\n\n<p>Podczas konsultacji uczestnicy mogli porozmawia\u0107 z ekspertami o mo\u017cliwo\u015bciach dofinansowania inwestycji takich jak wymiana \u017ar\u00f3de\u0142 ciep\u0142a, termomodernizacja budynk\u00f3w czy instalacje odnawialnych \u017ar\u00f3de\u0142 energii. Doradcy pomagali dopasowa\u0107 odpowiednie programy do indywidualnych potrzeb, wyja\u015bniali zasady sk\u0142adania wniosk\u00f3w oraz wskazywali, jak efektywnie zaplanowa\u0107 ekologiczne przedsi\u0119wzi\u0119cia.<\/p>\n\n\n\n<p>Cieszy nas, \u017ce tak wiele os\u00f3b aktywnie poszukuje sposob\u00f3w na ograniczenie zu\u017cycia energii i popraw\u0119 jako\u015bci powietrza. Mamy nadziej\u0119, \u017ce przekazane podczas spotkania informacje stan\u0105 si\u0119 impulsem do podj\u0119cia konkretnych dzia\u0142a\u0144, zar\u00f3wno rozpocz\u0119cia nowych inwestycji, jak i doko\u0144czenia ju\u017c zaplanowanych projekt\u00f3w.<\/p>\n\n\n\n<p>Ju\u017c dzi\u015b zapraszamy na kolejne spotkanie z cyklu \u201eDoradczy Pi\u0105tek\u201d, kt\u00f3re odb\u0119dzie si\u0119 29 maja. To kolejna szansa, aby skorzysta\u0107 z bezp\u0142atnych porad ekspert\u00f3w i dowiedzie\u0107 si\u0119, jak skutecznie si\u0119gn\u0105\u0107 po dost\u0119pne \u015brodki finansowe na dzia\u0142ania proekologiczne. Warto zapisa\u0107 t\u0119 dat\u0119 w kalendarzu i skorzysta\u0107 z tej wyj\u0105tkowej okazji.<\/p>\n\n\n\n<p class=\"has-text-align-center\"><strong>Projekt Doradztwa Energetycznego finansowany jest w ramach Programu FEnIKS na lata 2021 -2027<\/strong><\/p>\n\n\n\n<p class=\"has-text-align-center\"><strong>Og\u00f3lnopolski Projekt Doradztwa Energetycznego to operacja o znaczeniu strategicznym, kt\u00f3ra wnosi istotny wk\u0142ad w realizacj\u0119 cel\u00f3w programu FEnIKS 2021\u20132027.<\/strong><\/p>\n\n\n\n<p class=\"has-text-align-center\"><strong>Partner wiod\u0105cy:<\/strong> NFO\u015aiGW w Warszawie we wsp\u00f3\u0142pracy z 16 WFO\u015aiGW.<\/p>\n\n\n\n<p class=\"has-text-align-center\"><a href=\"https:\/\/www.facebook.com\/hashtag\/funduszeeuropejskie?__eep__=6&amp;__cft__%5b0%5d=AZX_mGXzI29o87ENpYKLJsrGfFyFHsxi-Ptw5eJP3GOlcoh-I37x389j69vs-s7mB9rx32diqYE2WA3u8jGwf1eDoutQ2Ms8X_D2xD42OSlhGi94Gr-5985EMG8cYDnb3GK1Zt8O6E5vNir8cMQ3WFxFtA7Lz3gN6m8gUDyMmC7C-4BI4j3OuFS9U1PFl4DVJHw&amp;__tn__=*NK-R\">#FunduszeEuropejskie<\/a>&nbsp;<a href=\"https:\/\/www.facebook.com\/hashtag\/funduszeeu?__eep__=6&amp;__cft__%5b0%5d=AZX_mGXzI29o87ENpYKLJsrGfFyFHsxi-Ptw5eJP3GOlcoh-I37x389j69vs-s7mB9rx32diqYE2WA3u8jGwf1eDoutQ2Ms8X_D2xD42OSlhGi94Gr-5985EMG8cYDnb3GK1Zt8O6E5vNir8cMQ3WFxFtA7Lz3gN6m8gUDyMmC7C-4BI4j3OuFS9U1PFl4DVJHw&amp;__tn__=*NK-R\">#FunduszeEU<\/a><\/p>\n\n\n\n<p class=\"has-text-align-center\">Wi\u0119cej informacji na stronie: <a href=\"https:\/\/l.facebook.com\/l.php?u=http%3A%2F%2Fwww.doradztwo-energetyczne.gov.pl%2F%3Ffbclid%3DIwZXh0bgNhZW0CMTAAYnJpZBEwbnE3VnRteDhvUEptQnRSd3NydGMGYXBwX2lkEDIyMjAzOTE3ODgyMDA4OTIAAR4P_M98ZTOImhfmHuK6ApKpvzwfb3QxcrnoqfGC2NlpQLTJkFRWRRXP_h4fHQ_aem_EjWsLHhYm0idUfbGgzrMHg&amp;h=AT3_4mk7dFVthwbYwkQZnu_GL6R-ogr6u8RyQhIxeN88JYcZAajWZxMHjr-NRh7qZiDG5KNQDNdwsFkwbrm14GSwIo-TbaDdgsjl5VBhn7dRwk3DBofj0TIoUcYIrDXzZZEft1n81K9b50At&amp;__tn__=-UK-R&amp;c%5b0%5d=AT2RwB1bK_gZ3N3YQQPcnKsG4djssTgaJsLixOHBWlKBvYBwqvbsWcdjCB__Wq_kSUcOagE-iw6LUw6Vqcbbw572ZJaECDmdfd52Oi7sDR2iCL39PqydDOrKm2zAQCI_-JXOsBDVw-26aXAdyqIvBm8i-0xIx8XDooIw55-pdzpz3Jm7gltj7uNd7d1ZMuEukXtMkQK9fktidcXvmIUSKr6oboQUzEkJOmf-3Q\" target=\"_blank\" rel=\"noreferrer noopener\">www.doradztwo-energetyczne.gov.pl<\/a><\/p>\n","protected":false},"excerpt":{"rendered":"<p>Kwietniowe spotkanie w ramach cyklu \u201eDoradczy Pi\u0105tek\u201d ju\u017c za nami i cieszy nas ogromne zainteresowanie, jakim cieszy\u0142y si\u0119 indywidualne konsultacje z Doradcami Energetycznymi. Wydarzenie by\u0142o doskona\u0142\u0105 okazj\u0105 dla mieszka\u0144c\u00f3w regionu, aby uzyska\u0107 rzetelne i praktyczne informacje na temat dost\u0119pnych program\u00f3w wsparcia oraz rozwi\u0105za\u0144 sprzyjaj\u0105cych ochronie \u015brodowiska. Podczas konsultacji uczestnicy mogli porozmawia\u0107 z ekspertami o mo\u017cliwo\u015bciach&hellip;&nbsp;<a href=\"https:\/\/zde.wfosigw.zgora.pl\/index.php\/2026\/04\/27\/doradczy-piatek-bezplatne-konsultacje-energetyczne-przyciagnely-mieszkancow-kolejne-spotkanie-juz-29-maja-2026-r\/\" rel=\"bookmark\">Dowiedz si\u0119 wi\u0119cej &raquo;<span class=\"screen-reader-text\">Doradczy Pi\u0105tek: bezp\u0142atne konsultacje energetyczne przyci\u0105gn\u0119\u0142y mieszka\u0144c\u00f3w \u2013 kolejne spotkanie ju\u017c 29 maja 2026 r.<\/span><\/a><\/p>\n","protected":false},"author":3,"featured_media":1205,"comment_status":"closed","ping_status":"closed","sticky":false,"template":"","format":"standard","meta":{"neve_meta_sidebar":"","neve_meta_container":"","neve_meta_enable_content_width":"","neve_meta_content_width":0,"neve_meta_title_alignment":"","neve_meta_author_avatar":"","neve_post_elements_order":"","neve_meta_disable_header":"","neve_meta_disable_footer":"","neve_meta_disable_title":"","_themeisle_gutenberg_block_has_review":false,"footnotes":""},"categories":[8],"tags":[],"class_list":["post-1204","post","type-post","status-publish","format-standard","has-post-thumbnail","hentry","category-aktualnosci"],"_links":{"self":[{"href":"https:\/\/zde.wfosigw.zgora.pl\/index.php\/wp-json\/wp\/v2\/posts\/1204","targetHints":{"allow":["GET"]}}],"collection":[{"href":"https:\/\/zde.wfosigw.zgora.pl\/index.php\/wp-json\/wp\/v2\/posts"}],"about":[{"href":"https:\/\/zde.wfosigw.zgora.pl\/index.php\/wp-json\/wp\/v2\/types\/post"}],"author":[{"embeddable":true,"href":"https:\/\/zde.wfosigw.zgora.pl\/index.php\/wp-json\/wp\/v2\/users\/3"}],"replies":[{"embeddable":true,"href":"https:\/\/zde.wfosigw.zgora.pl\/index.php\/wp-json\/wp\/v2\/comments?post=1204"}],"version-history":[{"count":1,"href":"https:\/\/zde.wfosigw.zgora.pl\/index.php\/wp-json\/wp\/v2\/posts\/1204\/revisions"}],"predecessor-version":[{"id":1206,"href":"https:\/\/zde.wfosigw.zgora.pl\/index.php\/wp-json\/wp\/v2\/posts\/1204\/revisions\/1206"}],"wp:featuredmedia":[{"embeddable":true,"href":"https:\/\/zde.wfosigw.zgora.pl\/index.php\/wp-json\/wp\/v2\/media\/1205"}],"wp:attachment":[{"href":"https:\/\/zde.wfosigw.zgora.pl\/index.php\/wp-json\/wp\/v2\/media?parent=1204"}],"wp:term":[{"taxonomy":"category","embeddable":true,"href":"https:\/\/zde.wfosigw.zgora.pl\/index.php\/wp-json\/wp\/v2\/categories?post=1204"},{"taxonomy":"post_tag","embeddable":true,"href":"https:\/\/zde.wfosigw.zgora.pl\/index.php\/wp-json\/wp\/v2\/tags?post=1204"}],"curies":[{"name":"wp","href":"https:\/\/api.w.org\/{rel}","templated":true}]}}