{"id":1207,"date":"2026-04-28T07:43:15","date_gmt":"2026-04-28T05:43:15","guid":{"rendered":"https:\/\/zde.wfosigw.zgora.pl\/?p=1207"},"modified":"2026-04-28T07:44:40","modified_gmt":"2026-04-28T05:44:40","slug":"zapraszamy-do-udzialu-w-funduszowym-maju","status":"publish","type":"post","link":"https:\/\/zde.wfosigw.zgora.pl\/index.php\/2026\/04\/28\/zapraszamy-do-udzialu-w-funduszowym-maju\/","title":{"rendered":"Zapraszamy do udzia\u0142u w\u00a0\u201eFunduszowym Maju\u201d!"},"content":{"rendered":"\n<figure class=\"wp-block-image size-large\"><img loading=\"lazy\" decoding=\"async\" width=\"1024\" height=\"102\" src=\"https:\/\/zde.wfosigw.zgora.pl\/wp-content\/uploads\/2026\/01\/FENIKS_RP_UE_PDE_CMYK_10lecie_1-1024x102.jpg\" alt=\"\" class=\"wp-image-1109\" srcset=\"https:\/\/zde.wfosigw.zgora.pl\/wp-content\/uploads\/2026\/01\/FENIKS_RP_UE_PDE_CMYK_10lecie_1-1024x102.jpg 1024w, https:\/\/zde.wfosigw.zgora.pl\/wp-content\/uploads\/2026\/01\/FENIKS_RP_UE_PDE_CMYK_10lecie_1-300x30.jpg 300w, https:\/\/zde.wfosigw.zgora.pl\/wp-content\/uploads\/2026\/01\/FENIKS_RP_UE_PDE_CMYK_10lecie_1-768x76.jpg 768w, https:\/\/zde.wfosigw.zgora.pl\/wp-content\/uploads\/2026\/01\/FENIKS_RP_UE_PDE_CMYK_10lecie_1-1536x152.jpg 1536w, https:\/\/zde.wfosigw.zgora.pl\/wp-content\/uploads\/2026\/01\/FENIKS_RP_UE_PDE_CMYK_10lecie_1-2048x203.jpg 2048w\" sizes=\"auto, (max-width: 1024px) 100vw, 1024px\" \/><\/figure>\n\n\n\n<figure class=\"wp-block-image size-large\"><img loading=\"lazy\" decoding=\"async\" width=\"1024\" height=\"686\" src=\"https:\/\/zde.wfosigw.zgora.pl\/wp-content\/uploads\/2026\/04\/3-2_04-1024x686.jpg\" alt=\"\" class=\"wp-image-1208\" srcset=\"https:\/\/zde.wfosigw.zgora.pl\/wp-content\/uploads\/2026\/04\/3-2_04-1024x686.jpg 1024w, https:\/\/zde.wfosigw.zgora.pl\/wp-content\/uploads\/2026\/04\/3-2_04-300x201.jpg 300w, https:\/\/zde.wfosigw.zgora.pl\/wp-content\/uploads\/2026\/04\/3-2_04-768x515.jpg 768w, https:\/\/zde.wfosigw.zgora.pl\/wp-content\/uploads\/2026\/04\/3-2_04-1536x1029.jpg 1536w, https:\/\/zde.wfosigw.zgora.pl\/wp-content\/uploads\/2026\/04\/3-2_04.jpg 1612w\" sizes=\"auto, (max-width: 1024px) 100vw, 1024px\" \/><\/figure>\n\n\n\n<p>W ramach akcji Funduszowy Maj Doradcy Klimatyczno\u2011Energetyczni WFO\u015aiGW w Zielonej G\u00f3rze zapraszaj\u0105 w dniu 07.05.2026 r., w godzinach od 10:00 do 14:00 wszystkich zainteresowanych do siedziby Funduszu (ul. Miodowa 11 w Zielonej G\u00f3rze) na otwarte spotkania z Doradcami Energetycznymi oraz na specjalne stoisko informacyjno\u2011promocyjne zlokalizowane przed budynkiem.<\/p>\n\n\n\n<p>Spotkania maj\u0105 charakter otwarty i dost\u0119pny dla wszystkich \u2013 mieszka\u0144c\u00f3w regionu, rodzin z dzie\u0107mi oraz os\u00f3b, kt\u00f3re chc\u0105 dowiedzie\u0107 si\u0119 wi\u0119cej o ekologii, energii i dzia\u0142aniach na rzecz ochrony klimatu. To doskona\u0142a okazja do bezpo\u015brednich rozm\u00f3w, zadania pyta\u0144 i zdobycia praktycznej wiedzy w przyst\u0119pnej formie.<\/p>\n\n\n\n<p>Z my\u015bl\u0105 o najm\u0142odszych uczestnikach przygotowane zostan\u0105 zaj\u0119cia, gry i zabawy edukacyjne, w tym konkurs z ko\u0142em fortuny OZE, kt\u00f3re w lekki i ciekawy spos\u00f3b przybli\u017c\u0105 dzieciom temat energii i ochrony \u015brodowiska. Dzi\u0119ki po\u0142\u0105czeniu nauki i zabawy wydarzenie b\u0119dzie atrakcyjne zar\u00f3wno dla dzieci, jak i doros\u0142ych.<\/p>\n\n\n\n<p>Funduszowy Maj w Zielonej G\u00f3rze to doskona\u0142a okazja, by odwiedzi\u0107 siedzib\u0119 Funduszu, spotka\u0107 Doradc\u00f3w Energetycznych, zdoby\u0107 praktyczne informacje i w przyjaznej, rodzinnej atmosferze dowiedzie\u0107 si\u0119, jak na co dzie\u0144 dba\u0107 o \u015brodowisko.<\/p>\n\n\n\n<p class=\"has-text-align-center\">Projekt Doradztwa Energetycznego finansowany jest w ramach Programu FEnIKS na lata 2021 -2027<\/p>\n\n\n\n<p class=\"has-text-align-center\">Og\u00f3lnopolski Projekt Doradztwa Energetycznego to operacja o znaczeniu strategicznym, kt\u00f3ra wnosi istotny wk\u0142ad w realizacj\u0119 cel\u00f3w programu FEnIKS 2021\u20132027.<\/p>\n\n\n\n<p class=\"has-text-align-center\">Partner wiod\u0105cy: NFO\u015aiGW w Warszawie we wsp\u00f3\u0142pracy z 16 WFO\u015aiGW.<\/p>\n\n\n\n<h1 class=\"wp-block-heading has-text-align-center\">FunduszeEuropejskie #FunduszeEU<\/h1>\n\n\n\n<p class=\"has-text-align-center\">Wi\u0119cej informacji na stronie: www.doradztwo-energetyczne.gov.pl<\/p>\n","protected":false},"excerpt":{"rendered":"<p>W ramach akcji Funduszowy Maj Doradcy Klimatyczno\u2011Energetyczni WFO\u015aiGW w Zielonej G\u00f3rze zapraszaj\u0105 w dniu 07.05.2026 r., w godzinach od 10:00 do 14:00 wszystkich zainteresowanych do siedziby Funduszu (ul. Miodowa 11 w Zielonej G\u00f3rze) na otwarte spotkania z Doradcami Energetycznymi oraz na specjalne stoisko informacyjno\u2011promocyjne zlokalizowane przed budynkiem. Spotkania maj\u0105 charakter otwarty i dost\u0119pny dla wszystkich&hellip;&nbsp;<a href=\"https:\/\/zde.wfosigw.zgora.pl\/index.php\/2026\/04\/28\/zapraszamy-do-udzialu-w-funduszowym-maju\/\" rel=\"bookmark\">Dowiedz si\u0119 wi\u0119cej &raquo;<span class=\"screen-reader-text\">Zapraszamy do udzia\u0142u w\u00a0\u201eFunduszowym Maju\u201d!<\/span><\/a><\/p>\n","protected":false},"author":3,"featured_media":1208,"comment_status":"closed","ping_status":"closed","sticky":false,"template":"","format":"standard","meta":{"neve_meta_sidebar":"","neve_meta_container":"","neve_meta_enable_content_width":"","neve_meta_content_width":0,"neve_meta_title_alignment":"","neve_meta_author_avatar":"","neve_post_elements_order":"","neve_meta_disable_header":"","neve_meta_disable_footer":"","neve_meta_disable_title":"","_themeisle_gutenberg_block_has_review":false,"footnotes":""},"categories":[8],"tags":[],"class_list":["post-1207","post","type-post","status-publish","format-standard","has-post-thumbnail","hentry","category-aktualnosci"],"_links":{"self":[{"href":"https:\/\/zde.wfosigw.zgora.pl\/index.php\/wp-json\/wp\/v2\/posts\/1207","targetHints":{"allow":["GET"]}}],"collection":[{"href":"https:\/\/zde.wfosigw.zgora.pl\/index.php\/wp-json\/wp\/v2\/posts"}],"about":[{"href":"https:\/\/zde.wfosigw.zgora.pl\/index.php\/wp-json\/wp\/v2\/types\/post"}],"author":[{"embeddable":true,"href":"https:\/\/zde.wfosigw.zgora.pl\/index.php\/wp-json\/wp\/v2\/users\/3"}],"replies":[{"embeddable":true,"href":"https:\/\/zde.wfosigw.zgora.pl\/index.php\/wp-json\/wp\/v2\/comments?post=1207"}],"version-history":[{"count":1,"href":"https:\/\/zde.wfosigw.zgora.pl\/index.php\/wp-json\/wp\/v2\/posts\/1207\/revisions"}],"predecessor-version":[{"id":1209,"href":"https:\/\/zde.wfosigw.zgora.pl\/index.php\/wp-json\/wp\/v2\/posts\/1207\/revisions\/1209"}],"wp:featuredmedia":[{"embeddable":true,"href":"https:\/\/zde.wfosigw.zgora.pl\/index.php\/wp-json\/wp\/v2\/media\/1208"}],"wp:attachment":[{"href":"https:\/\/zde.wfosigw.zgora.pl\/index.php\/wp-json\/wp\/v2\/media?parent=1207"}],"wp:term":[{"taxonomy":"category","embeddable":true,"href":"https:\/\/zde.wfosigw.zgora.pl\/index.php\/wp-json\/wp\/v2\/categories?post=1207"},{"taxonomy":"post_tag","embeddable":true,"href":"https:\/\/zde.wfosigw.zgora.pl\/index.php\/wp-json\/wp\/v2\/tags?post=1207"}],"curies":[{"name":"wp","href":"https:\/\/api.w.org\/{rel}","templated":true}]}}