{"id":1366,"date":"2026-08-28T08:52:13","date_gmt":"2026-08-28T06:52:13","guid":{"rendered":"https:\/\/zde.wfosigw.zgora.pl\/?p=1366"},"modified":"2026-08-28T08:53:40","modified_gmt":"2026-08-28T06:53:40","slug":"dzis-doradczy-piatek-zapraszamy-na-bezplatne-konsultacje-z-doradcami-energetycznymi","status":"publish","type":"post","link":"https:\/\/zde.wfosigw.zgora.pl\/index.php\/2026\/08\/28\/dzis-doradczy-piatek-zapraszamy-na-bezplatne-konsultacje-z-doradcami-energetycznymi\/","title":{"rendered":"Dzi\u015b Doradczy Pi\u0105tek! Zapraszamy na bezp\u0142atne konsultacje z Doradcami Energetycznymi!"},"content":{"rendered":"\n<figure class=\"wp-block-image size-large\"><img loading=\"lazy\" decoding=\"async\" width=\"1024\" height=\"1024\" src=\"https:\/\/zde.wfosigw.zgora.pl\/wp-content\/uploads\/2026\/08\/Powiatowy-Czwartek3-1024x1024.png\" alt=\"\" class=\"wp-image-1367\" srcset=\"https:\/\/zde.wfosigw.zgora.pl\/wp-content\/uploads\/2026\/08\/Powiatowy-Czwartek3-1024x1024.png 1024w, https:\/\/zde.wfosigw.zgora.pl\/wp-content\/uploads\/2026\/08\/Powiatowy-Czwartek3-300x300.png 300w, https:\/\/zde.wfosigw.zgora.pl\/wp-content\/uploads\/2026\/08\/Powiatowy-Czwartek3-150x150.png 150w, https:\/\/zde.wfosigw.zgora.pl\/wp-content\/uploads\/2026\/08\/Powiatowy-Czwartek3-768x768.png 768w, https:\/\/zde.wfosigw.zgora.pl\/wp-content\/uploads\/2026\/08\/Powiatowy-Czwartek3.png 1080w\" sizes=\"auto, (max-width: 1024px) 100vw, 1024px\" \/><\/figure>\n\n\n\n<p class=\"wp-block-paragraph\"><strong>Masz pytania dotycz\u0105ce rachunk\u00f3w za energi\u0119 elektryczn\u0105, chcesz obni\u017cy\u0107 koszty zu\u017cycia pr\u0105du albo zastanawiasz si\u0119, jak poprawi\u0107 efektywno\u015b\u0107 energetyczn\u0105 swojego domu lub firmy? Skorzystaj z bezp\u0142atnych konsultacji z Doradcami Energetycznymi WFO\u015aiGW w Zielonej G\u00f3rze.<\/strong><\/p>\n\n\n\n<p class=\"wp-block-paragraph\">Tradycyjnie, w <strong>ostatni pi\u0105tek miesi\u0105ca<\/strong>, zapraszamy mieszka\u0144c\u00f3w regionu do siedziby Wojew\u00f3dzkiego Funduszu Ochrony \u015arodowiska i Gospodarki Wodnej w Zielonej G\u00f3rze na <strong>Doradczy Pi\u0105tek<\/strong>.<\/p>\n\n\n\n<p class=\"wp-block-paragraph\"><strong>Dzisiejsze konsultacje odbywaj\u0105 si\u0119 w godzinach 9:00\u201314:00<\/strong> w siedzibie Funduszu przy ul. Miodowej 11, w pokoju 005 na parterze.<\/p>\n\n\n\n<p class=\"wp-block-paragraph\">Podczas spotkania mo\u017cna porozmawia\u0107 z Doradcami Energetycznymi m.in. o:<\/p>\n\n\n\n<ul class=\"wp-block-list\">\n<li>analizie i wyja\u015bnieniu poszczeg\u00f3lnych element\u00f3w rachunk\u00f3w za energi\u0119 elektryczn\u0105,<\/li>\n\n\n\n<li>sposobach ograniczenia zu\u017cycia energii i obni\u017cenia rachunk\u00f3w,<\/li>\n\n\n\n<li>poprawie efektywno\u015bci energetycznej gospodarstwa domowego lub firmy,<\/li>\n\n\n\n<li>mo\u017cliwo\u015bciach wykorzystania odnawialnych \u017ar\u00f3de\u0142 energii,<\/li>\n\n\n\n<li>planowanych inwestycjach zwi\u0105zanych z energi\u0105 i termomodernizacj\u0105.<\/li>\n<\/ul>\n\n\n\n<p class=\"wp-block-paragraph\"><strong>Warto zabra\u0107 ze sob\u0105 ostatnie faktury za energi\u0119 elektryczn\u0105 i dystrybucj\u0119.<\/strong> Dzi\u0119ki temu Doradcy b\u0119d\u0105 mogli odnie\u015b\u0107 si\u0119 bezpo\u015brednio do konkretnego przypadku i udzieli\u0107 bardziej dopasowanych wskaz\u00f3wek.<\/p>\n\n\n\n<h3 class=\"wp-block-heading\">Zapraszamy ju\u017c dzi\u015b!<\/h3>\n\n\n\n<p class=\"wp-block-paragraph\">&#x1f4c5; <strong>28 sierpnia 2026 r.<\/strong><br>&#x1f558; <strong>godz. 9:00 &#8211; 14:00<\/strong><br>&#x1f4cd; <strong>WFO\u015aiGW w Zielonej G\u00f3rze, ul. Miodowa 11, pok\u00f3j 005 (parter)<\/strong><\/p>\n\n\n\n<p class=\"wp-block-paragraph\"><strong>Konsultacje s\u0105 bezp\u0142atne i nie wymagaj\u0105 wcze\u015bniejszego umawiania wizyty.<\/strong><\/p>\n\n\n\n<p class=\"wp-block-paragraph\">Doradcy Energetyczni WFO\u015aiGW w Zielonej G\u00f3rze wspieraj\u0105 mieszka\u0144c\u00f3w, samorz\u0105dy i inne podmioty w tematyce efektywno\u015bci energetycznej, odnawialnych \u017ar\u00f3de\u0142 energii oraz mo\u017cliwo\u015bci finansowania inwestycji.<\/p>\n\n\n\n<p class=\"wp-block-paragraph\"><strong>Nie czekaj na kolejny miesi\u0105c! Przyjd\u017a dzi\u015b i porozmawiaj z naszymi Doradcami!<\/strong><\/p>\n\n\n\n<p class=\"has-text-align-center wp-block-paragraph\">Projekt Doradztwa Energetycznego finansowany jest w\u00a0ramach Programu FEnIKS na lata 2021 -2027<\/p>\n\n\n\n<p class=\"has-text-align-center wp-block-paragraph\">Og\u00f3lnopolski Projekt Doradztwa Energetycznego to operacja o&nbsp;znaczeniu strategicznym, kt\u00f3ra wnosi istotny wk\u0142ad w&nbsp;realizacj\u0119 cel\u00f3w programu FEnIKS 2021\u20132027.<\/p>\n\n\n\n<p class=\"has-text-align-center wp-block-paragraph\">Partner wiod\u0105cy: NFO\u015aiGW w&nbsp;Warszawie we wsp\u00f3\u0142pracy z&nbsp;16 WFO\u015aiGW.<\/p>\n\n\n\n<p class=\"has-text-align-center wp-block-paragraph\">#FunduszeEuropejskie #FunduszeUE<\/p>\n\n\n\n<p class=\"has-text-align-center wp-block-paragraph\">Wi\u0119cej informacji na stronie:<\/p>\n\n\n\n<p class=\"has-text-align-center wp-block-paragraph\"><strong>www.doradztwo-energetyczne.gov.pl<\/strong><\/p>\n\n\n\n<p class=\"wp-block-paragraph\"><\/p>\n","protected":false},"excerpt":{"rendered":"<p>Masz pytania dotycz\u0105ce rachunk\u00f3w za energi\u0119 elektryczn\u0105, chcesz obni\u017cy\u0107 koszty zu\u017cycia pr\u0105du albo zastanawiasz si\u0119, jak poprawi\u0107 efektywno\u015b\u0107 energetyczn\u0105 swojego domu lub firmy? Skorzystaj z bezp\u0142atnych konsultacji z Doradcami Energetycznymi WFO\u015aiGW w Zielonej G\u00f3rze. Tradycyjnie, w ostatni pi\u0105tek miesi\u0105ca, zapraszamy mieszka\u0144c\u00f3w regionu do siedziby Wojew\u00f3dzkiego Funduszu Ochrony \u015arodowiska i Gospodarki Wodnej w Zielonej G\u00f3rze na&hellip;&nbsp;<a href=\"https:\/\/zde.wfosigw.zgora.pl\/index.php\/2026\/08\/28\/dzis-doradczy-piatek-zapraszamy-na-bezplatne-konsultacje-z-doradcami-energetycznymi\/\" rel=\"bookmark\">Dowiedz si\u0119 wi\u0119cej &raquo;<span class=\"screen-reader-text\">Dzi\u015b Doradczy Pi\u0105tek! Zapraszamy na bezp\u0142atne konsultacje z Doradcami Energetycznymi!<\/span><\/a><\/p>\n","protected":false},"author":3,"featured_media":276,"comment_status":"closed","ping_status":"closed","sticky":false,"template":"","format":"standard","meta":{"neve_meta_sidebar":"","neve_meta_container":"","neve_meta_enable_content_width":"","neve_meta_content_width":0,"neve_meta_title_alignment":"","neve_meta_author_avatar":"","neve_post_elements_order":"","neve_meta_disable_header":"","neve_meta_disable_footer":"","neve_meta_disable_title":"","_themeisle_gutenberg_block_has_review":false,"footnotes":""},"categories":[8],"tags":[],"class_list":["post-1366","post","type-post","status-publish","format-standard","has-post-thumbnail","hentry","category-aktualnosci"],"_links":{"self":[{"href":"https:\/\/zde.wfosigw.zgora.pl\/index.php\/wp-json\/wp\/v2\/posts\/1366","targetHints":{"allow":["GET"]}}],"collection":[{"href":"https:\/\/zde.wfosigw.zgora.pl\/index.php\/wp-json\/wp\/v2\/posts"}],"about":[{"href":"https:\/\/zde.wfosigw.zgora.pl\/index.php\/wp-json\/wp\/v2\/types\/post"}],"author":[{"embeddable":true,"href":"https:\/\/zde.wfosigw.zgora.pl\/index.php\/wp-json\/wp\/v2\/users\/3"}],"replies":[{"embeddable":true,"href":"https:\/\/zde.wfosigw.zgora.pl\/index.php\/wp-json\/wp\/v2\/comments?post=1366"}],"version-history":[{"count":1,"href":"https:\/\/zde.wfosigw.zgora.pl\/index.php\/wp-json\/wp\/v2\/posts\/1366\/revisions"}],"predecessor-version":[{"id":1368,"href":"https:\/\/zde.wfosigw.zgora.pl\/index.php\/wp-json\/wp\/v2\/posts\/1366\/revisions\/1368"}],"wp:featuredmedia":[{"embeddable":true,"href":"https:\/\/zde.wfosigw.zgora.pl\/index.php\/wp-json\/wp\/v2\/media\/276"}],"wp:attachment":[{"href":"https:\/\/zde.wfosigw.zgora.pl\/index.php\/wp-json\/wp\/v2\/media?parent=1366"}],"wp:term":[{"taxonomy":"category","embeddable":true,"href":"https:\/\/zde.wfosigw.zgora.pl\/index.php\/wp-json\/wp\/v2\/categories?post=1366"},{"taxonomy":"post_tag","embeddable":true,"href":"https:\/\/zde.wfosigw.zgora.pl\/index.php\/wp-json\/wp\/v2\/tags?post=1366"}],"curies":[{"name":"wp","href":"https:\/\/api.w.org\/{rel}","templated":true}]}}