{"id":651,"date":"2025-01-30T15:15:10","date_gmt":"2025-01-30T14:15:10","guid":{"rendered":"https:\/\/zde.wfosigw.zgora.pl\/?p=651"},"modified":"2025-01-31T08:31:21","modified_gmt":"2025-01-31T07:31:21","slug":"samochod-elektryczny-w-zasiegu-reki-poznaj-zasady-programu-naszeauto","status":"publish","type":"post","link":"https:\/\/zde.wfosigw.zgora.pl\/index.php\/2025\/01\/30\/samochod-elektryczny-w-zasiegu-reki-poznaj-zasady-programu-naszeauto\/","title":{"rendered":"Samoch\u00f3d elektryczny w zasi\u0119gu r\u0119ki! Poznaj zasady Programu NaszEauto!"},"content":{"rendered":"\n<figure class=\"wp-block-image size-full\"><img loading=\"lazy\" decoding=\"async\" width=\"729\" height=\"308\" src=\"https:\/\/zde.wfosigw.zgora.pl\/wp-content\/uploads\/2025\/01\/729x308.png\" alt=\"\" class=\"wp-image-650\" srcset=\"https:\/\/zde.wfosigw.zgora.pl\/wp-content\/uploads\/2025\/01\/729x308.png 729w, https:\/\/zde.wfosigw.zgora.pl\/wp-content\/uploads\/2025\/01\/729x308-300x127.png 300w\" sizes=\"auto, (max-width: 729px) 100vw, 729px\" \/><\/figure>\n\n\n\n<p><strong>Za kilka dni ruszy nowy program <a href=\"https:\/\/www.facebook.com\/NarodowyFunduszOchronySrodowiskaiGospodarkiWodnej\/\">Narodowy Fundusz Ochrony \u015arodowiska i Gospodarki Wodnej<\/a> na dofinansowanie zakupu samochod\u00f3w \u201e NaszEauto\u201d.<\/strong><\/p>\n\n\n\n<p><strong>Zapraszamy na SPECJALNY odcinek Cyklicznych spotka\u0144 z Doradcami Energetycznymi!<\/strong><\/p>\n\n\n\n<p><strong>Ju\u017c 4 lutego o godz. 10.00 opowiemy o nowym programie NaszEauto!<\/strong><\/p>\n\n\n\n<p><a href=\"https:\/\/www.youtube.com\/live\/Zl70qOqIXkU\">Link do transmisji<\/a><\/p>\n\n\n\n<p>Zapraszamy te\u017c na stron\u0119 <a href=\"https:\/\/doradztwo-energetyczne.gov.pl\/aktualnosci\/cykliczne-spotkania-z-doradcami-energetycznymi-nowa-edycja\">Projekt Doradztwa Energetycznego<\/a><\/p>\n\n\n\n<p>Gospodarzem spotkania b\u0119dzie <strong>Rafa\u0142 Ku\u0142ak Doradca Energetyczny<\/strong> NFO\u015aiGW<\/p>\n\n\n\n<p>A go\u015bciem spotkania b\u0119dzie pani <strong>Anita Kurek, Ekspert w Wydziale ds. Transportu Zeroemisyjnego<\/strong> NFO\u015aiGW.<\/p>\n\n\n\n<p>Program <strong>NaszEauto<\/strong> b\u0119dzie programem wsparcia&nbsp;zakupu i leasingu pojazd\u00f3w elektrycznych skierowanym do os\u00f3b fizycznych i jednoosobowych dzia\u0142alno\u015bci gospodarczych (JDG).<\/p>\n\n\n\n<p>Jego bud\u017cet wynosi 1,6 mld z\u0142.<\/p>\n\n\n\n<p><strong>Nab\u00f3r wniosk\u00f3w ruszy<\/strong> <strong>w poniedzia\u0142ek 3 lutego 2025 r<\/strong>. i potrwa do <strong>30.04.2026 r.<\/strong><\/p>\n\n\n\n<p>Projekt finansowany jest ze \u015brodk\u00f3w <a href=\"https:\/\/www.facebook.com\/FunduszeUE\/\">#FunduszeEuropejskie<\/a>. Projekt Doradztwa Energetycznego zosta\u0142 zatwierdzony przez KE jako <a href=\"https:\/\/www.feniks.gov.pl\/strony\/dowiedz-sie-wiecej-o-programie\/poznaj-realizowane-projekty\/operacje-o-znaczeniu-strategicznym\/\">Operacja o znaczeniu strategicznym, kt\u00f3ra wnosi znacz\u0105cy wk\u0142ad w osi\u0105ganie cel\u00f3w programu FEnIKS.<\/a><\/p>\n\n\n\n<p><a><\/a><a href=\"https:\/\/www.facebook.com\/hashtag\/mki%C5%9B?__eep__=6&amp;__cft__%5b0%5d=AZX_mGXzI29o87ENpYKLJsrGfFyFHsxi-Ptw5eJP3GOlcoh-I37x389j69vs-s7mB9rx32diqYE2WA3u8jGwf1eDoutQ2Ms8X_D2xD42OSlhGi94Gr-5985EMG8cYDnb3GK1Zt8O6E5vNir8cMQ3WFxFtA7Lz3gN6m8gUDyMmC7C-4BI4j3OuFS9U1PFl4DVJHw&amp;__tn__=*NK-R\">#MKi\u015a<\/a> <a href=\"https:\/\/www.facebook.com\/hashtag\/mfipr?__eep__=6&amp;__cft__%5b0%5d=AZX_mGXzI29o87ENpYKLJsrGfFyFHsxi-Ptw5eJP3GOlcoh-I37x389j69vs-s7mB9rx32diqYE2WA3u8jGwf1eDoutQ2Ms8X_D2xD42OSlhGi94Gr-5985EMG8cYDnb3GK1Zt8O6E5vNir8cMQ3WFxFtA7Lz3gN6m8gUDyMmC7C-4BI4j3OuFS9U1PFl4DVJHw&amp;__tn__=*NK-R\">#MFiPR<\/a> <a href=\"https:\/\/www.facebook.com\/hashtag\/nfo%C5%9Bigw?__eep__=6&amp;__cft__%5b0%5d=AZX_mGXzI29o87ENpYKLJsrGfFyFHsxi-Ptw5eJP3GOlcoh-I37x389j69vs-s7mB9rx32diqYE2WA3u8jGwf1eDoutQ2Ms8X_D2xD42OSlhGi94Gr-5985EMG8cYDnb3GK1Zt8O6E5vNir8cMQ3WFxFtA7Lz3gN6m8gUDyMmC7C-4BI4j3OuFS9U1PFl4DVJHw&amp;__tn__=*NK-R\">#NFO\u015aiGW<\/a> <a href=\"https:\/\/www.facebook.com\/hashtag\/wfo%C5%9Bigw?__eep__=6&amp;__cft__%5b0%5d=AZX_mGXzI29o87ENpYKLJsrGfFyFHsxi-Ptw5eJP3GOlcoh-I37x389j69vs-s7mB9rx32diqYE2WA3u8jGwf1eDoutQ2Ms8X_D2xD42OSlhGi94Gr-5985EMG8cYDnb3GK1Zt8O6E5vNir8cMQ3WFxFtA7Lz3gN6m8gUDyMmC7C-4BI4j3OuFS9U1PFl4DVJHw&amp;__tn__=*NK-R\">#WFO\u015aiGW<\/a> <a href=\"https:\/\/www.facebook.com\/hashtag\/komisjaeuropejska?__eep__=6&amp;__cft__%5b0%5d=AZX_mGXzI29o87ENpYKLJsrGfFyFHsxi-Ptw5eJP3GOlcoh-I37x389j69vs-s7mB9rx32diqYE2WA3u8jGwf1eDoutQ2Ms8X_D2xD42OSlhGi94Gr-5985EMG8cYDnb3GK1Zt8O6E5vNir8cMQ3WFxFtA7Lz3gN6m8gUDyMmC7C-4BI4j3OuFS9U1PFl4DVJHw&amp;__tn__=*NK-R\">#KomisjaEuropejska<\/a> <a href=\"https:\/\/www.facebook.com\/hashtag\/ke?__eep__=6&amp;__cft__%5b0%5d=AZX_mGXzI29o87ENpYKLJsrGfFyFHsxi-Ptw5eJP3GOlcoh-I37x389j69vs-s7mB9rx32diqYE2WA3u8jGwf1eDoutQ2Ms8X_D2xD42OSlhGi94Gr-5985EMG8cYDnb3GK1Zt8O6E5vNir8cMQ3WFxFtA7Lz3gN6m8gUDyMmC7C-4BI4j3OuFS9U1PFl4DVJHw&amp;__tn__=*NK-R\">#KE<\/a> <a href=\"https:\/\/www.facebook.com\/hashtag\/funduszeeuropejskie?__eep__=6&amp;__cft__%5b0%5d=AZX_mGXzI29o87ENpYKLJsrGfFyFHsxi-Ptw5eJP3GOlcoh-I37x389j69vs-s7mB9rx32diqYE2WA3u8jGwf1eDoutQ2Ms8X_D2xD42OSlhGi94Gr-5985EMG8cYDnb3GK1Zt8O6E5vNir8cMQ3WFxFtA7Lz3gN6m8gUDyMmC7C-4BI4j3OuFS9U1PFl4DVJHw&amp;__tn__=*NK-R\">#FunduszeEuropejskie<\/a> <a href=\"https:\/\/www.facebook.com\/hashtag\/funduszeeu?__eep__=6&amp;__cft__%5b0%5d=AZX_mGXzI29o87ENpYKLJsrGfFyFHsxi-Ptw5eJP3GOlcoh-I37x389j69vs-s7mB9rx32diqYE2WA3u8jGwf1eDoutQ2Ms8X_D2xD42OSlhGi94Gr-5985EMG8cYDnb3GK1Zt8O6E5vNir8cMQ3WFxFtA7Lz3gN6m8gUDyMmC7C-4BI4j3OuFS9U1PFl4DVJHw&amp;__tn__=*NK-R\">#FunduszeEU<\/a> <a href=\"https:\/\/www.facebook.com\/hashtag\/autopromocja?__eep__=6&amp;__cft__%5b0%5d=AZX_mGXzI29o87ENpYKLJsrGfFyFHsxi-Ptw5eJP3GOlcoh-I37x389j69vs-s7mB9rx32diqYE2WA3u8jGwf1eDoutQ2Ms8X_D2xD42OSlhGi94Gr-5985EMG8cYDnb3GK1Zt8O6E5vNir8cMQ3WFxFtA7Lz3gN6m8gUDyMmC7C-4BI4j3OuFS9U1PFl4DVJHw&amp;__tn__=*NK-R\">#Autopromocja<\/a> <a href=\"https:\/\/www.facebook.com\/hashtag\/euregiopoland?__eep__=6&amp;__cft__%5b0%5d=AZX_mGXzI29o87ENpYKLJsrGfFyFHsxi-Ptw5eJP3GOlcoh-I37x389j69vs-s7mB9rx32diqYE2WA3u8jGwf1eDoutQ2Ms8X_D2xD42OSlhGi94Gr-5985EMG8cYDnb3GK1Zt8O6E5vNir8cMQ3WFxFtA7Lz3gN6m8gUDyMmC7C-4BI4j3OuFS9U1PFl4DVJHw&amp;__tn__=*NK-R\">#EUREGIOPoland<\/a> <a href=\"https:\/\/www.facebook.com\/hashtag\/projektdoradztwaenergetycznego?__eep__=6&amp;__cft__%5b0%5d=AZX_mGXzI29o87ENpYKLJsrGfFyFHsxi-Ptw5eJP3GOlcoh-I37x389j69vs-s7mB9rx32diqYE2WA3u8jGwf1eDoutQ2Ms8X_D2xD42OSlhGi94Gr-5985EMG8cYDnb3GK1Zt8O6E5vNir8cMQ3WFxFtA7Lz3gN6m8gUDyMmC7C-4BI4j3OuFS9U1PFl4DVJHw&amp;__tn__=*NK-R\">#ProjektDoradztwaEnergetycznego<\/a> <a href=\"https:\/\/www.facebook.com\/hashtag\/pde?__eep__=6&amp;__cft__%5b0%5d=AZX_mGXzI29o87ENpYKLJsrGfFyFHsxi-Ptw5eJP3GOlcoh-I37x389j69vs-s7mB9rx32diqYE2WA3u8jGwf1eDoutQ2Ms8X_D2xD42OSlhGi94Gr-5985EMG8cYDnb3GK1Zt8O6E5vNir8cMQ3WFxFtA7Lz3gN6m8gUDyMmC7C-4BI4j3OuFS9U1PFl4DVJHw&amp;__tn__=*NK-R\">#PDE<\/a><\/p>\n\n\n\n<p><\/p>\n","protected":false},"excerpt":{"rendered":"<p>Za kilka dni ruszy nowy program Narodowy Fundusz Ochrony \u015arodowiska i Gospodarki Wodnej na dofinansowanie zakupu samochod\u00f3w \u201e NaszEauto\u201d. Zapraszamy na SPECJALNY odcinek Cyklicznych spotka\u0144 z Doradcami Energetycznymi! Ju\u017c 4 lutego o godz. 10.00 opowiemy o nowym programie NaszEauto! Link do transmisji Zapraszamy te\u017c na stron\u0119 Projekt Doradztwa Energetycznego Gospodarzem spotkania b\u0119dzie Rafa\u0142 Ku\u0142ak Doradca&hellip;&nbsp;<a href=\"https:\/\/zde.wfosigw.zgora.pl\/index.php\/2025\/01\/30\/samochod-elektryczny-w-zasiegu-reki-poznaj-zasady-programu-naszeauto\/\" rel=\"bookmark\">Dowiedz si\u0119 wi\u0119cej &raquo;<span class=\"screen-reader-text\">Samoch\u00f3d elektryczny w zasi\u0119gu r\u0119ki! Poznaj zasady Programu NaszEauto!<\/span><\/a><\/p>\n","protected":false},"author":3,"featured_media":652,"comment_status":"closed","ping_status":"closed","sticky":false,"template":"","format":"standard","meta":{"neve_meta_sidebar":"","neve_meta_container":"","neve_meta_enable_content_width":"","neve_meta_content_width":0,"neve_meta_title_alignment":"","neve_meta_author_avatar":"","neve_post_elements_order":"","neve_meta_disable_header":"","neve_meta_disable_footer":"","neve_meta_disable_title":"","_themeisle_gutenberg_block_has_review":false,"footnotes":""},"categories":[8],"tags":[],"class_list":["post-651","post","type-post","status-publish","format-standard","has-post-thumbnail","hentry","category-aktualnosci"],"_links":{"self":[{"href":"https:\/\/zde.wfosigw.zgora.pl\/index.php\/wp-json\/wp\/v2\/posts\/651","targetHints":{"allow":["GET"]}}],"collection":[{"href":"https:\/\/zde.wfosigw.zgora.pl\/index.php\/wp-json\/wp\/v2\/posts"}],"about":[{"href":"https:\/\/zde.wfosigw.zgora.pl\/index.php\/wp-json\/wp\/v2\/types\/post"}],"author":[{"embeddable":true,"href":"https:\/\/zde.wfosigw.zgora.pl\/index.php\/wp-json\/wp\/v2\/users\/3"}],"replies":[{"embeddable":true,"href":"https:\/\/zde.wfosigw.zgora.pl\/index.php\/wp-json\/wp\/v2\/comments?post=651"}],"version-history":[{"count":2,"href":"https:\/\/zde.wfosigw.zgora.pl\/index.php\/wp-json\/wp\/v2\/posts\/651\/revisions"}],"predecessor-version":[{"id":654,"href":"https:\/\/zde.wfosigw.zgora.pl\/index.php\/wp-json\/wp\/v2\/posts\/651\/revisions\/654"}],"wp:featuredmedia":[{"embeddable":true,"href":"https:\/\/zde.wfosigw.zgora.pl\/index.php\/wp-json\/wp\/v2\/media\/652"}],"wp:attachment":[{"href":"https:\/\/zde.wfosigw.zgora.pl\/index.php\/wp-json\/wp\/v2\/media?parent=651"}],"wp:term":[{"taxonomy":"category","embeddable":true,"href":"https:\/\/zde.wfosigw.zgora.pl\/index.php\/wp-json\/wp\/v2\/categories?post=651"},{"taxonomy":"post_tag","embeddable":true,"href":"https:\/\/zde.wfosigw.zgora.pl\/index.php\/wp-json\/wp\/v2\/tags?post=651"}],"curies":[{"name":"wp","href":"https:\/\/api.w.org\/{rel}","templated":true}]}}