{"id":690,"date":"2025-02-25T16:22:19","date_gmt":"2025-02-25T15:22:19","guid":{"rendered":"https:\/\/zde.wfosigw.zgora.pl\/?p=690"},"modified":"2025-02-25T16:22:19","modified_gmt":"2025-02-25T15:22:19","slug":"kampania-edukacyjno-informacyjnawspolnie-dla-klimatu-zrealizuj-inwestycje-razem-z-nami","status":"publish","type":"post","link":"https:\/\/zde.wfosigw.zgora.pl\/index.php\/2025\/02\/25\/kampania-edukacyjno-informacyjnawspolnie-dla-klimatu-zrealizuj-inwestycje-razem-z-nami\/","title":{"rendered":"Kampania edukacyjno \u2013 informacyjna:Wsp\u00f3lnie dla klimatu \u2013 zrealizuj inwestycj\u0119 razem z nami!"},"content":{"rendered":"\n<figure class=\"wp-block-image size-large\"><img loading=\"lazy\" decoding=\"async\" width=\"1024\" height=\"432\" src=\"https:\/\/zde.wfosigw.zgora.pl\/wp-content\/uploads\/2025\/02\/NFOSIGW_www_1460x616px_02_2025_01_v1-1024x432.png\" alt=\"\" class=\"wp-image-687\" srcset=\"https:\/\/zde.wfosigw.zgora.pl\/wp-content\/uploads\/2025\/02\/NFOSIGW_www_1460x616px_02_2025_01_v1-1024x432.png 1024w, https:\/\/zde.wfosigw.zgora.pl\/wp-content\/uploads\/2025\/02\/NFOSIGW_www_1460x616px_02_2025_01_v1-300x127.png 300w, https:\/\/zde.wfosigw.zgora.pl\/wp-content\/uploads\/2025\/02\/NFOSIGW_www_1460x616px_02_2025_01_v1-768x324.png 768w, https:\/\/zde.wfosigw.zgora.pl\/wp-content\/uploads\/2025\/02\/NFOSIGW_www_1460x616px_02_2025_01_v1-1536x648.png 1536w, https:\/\/zde.wfosigw.zgora.pl\/wp-content\/uploads\/2025\/02\/NFOSIGW_www_1460x616px_02_2025_01_v1-2048x864.png 2048w\" sizes=\"auto, (max-width: 1024px) 100vw, 1024px\" \/><\/figure>\n\n\n\n<figure class=\"wp-block-image size-full\"><img loading=\"lazy\" decoding=\"async\" width=\"605\" height=\"61\" src=\"https:\/\/zde.wfosigw.zgora.pl\/wp-content\/uploads\/2025\/02\/obraz-1.png\" alt=\"\" class=\"wp-image-674\" srcset=\"https:\/\/zde.wfosigw.zgora.pl\/wp-content\/uploads\/2025\/02\/obraz-1.png 605w, https:\/\/zde.wfosigw.zgora.pl\/wp-content\/uploads\/2025\/02\/obraz-1-300x30.png 300w\" sizes=\"auto, (max-width: 605px) 100vw, 605px\" \/><\/figure>\n\n\n\n<p>W dniu 26.02.2025 roku Wojew\u00f3dzki Fundusz Ochrony \u015arodowiska i Gospodarki Wodnej<br>w Zielonej G\u00f3rze rozpoczyna kampani\u0119 informacyjno-edukacyjn\u0105 pod nazw\u0105 \u201eWsp\u00f3lnie dla klimatu \u2013 zrealizuj inwestycj\u0119 razem z nami\u201d. Celem tej inicjatywy jest promowanie dzia\u0142a\u0144 na rzecz ochrony \u015brodowiska oraz zach\u0119canie mieszka\u0144c\u00f3w i instytucji do podejmowania proekologicznych inwestycji. Kampania realizowana jest w ramach Projektu Doradztwa Energetycznego finansowanego w ramach FEnIKS na lata 2021-2027.<\/p>\n\n\n\n<p><strong>Edukacja i wsparcie finansowe<\/strong><\/p>\n\n\n\n<p>Kampania ma na celu nie tylko podniesienie \u015bwiadomo\u015bci ekologicznej, ale r\u00f3wnie\u017c wsparcie merytoryczne projekt\u00f3w, kt\u00f3re przyczyniaj\u0105 si\u0119 do poprawy stanu \u015brodowiska. W ramach akcji zaplanowano organizacj\u0119 szkole\u0144, warsztat\u00f3w, a tak\u017ce doradztwo w zakresie mo\u017cliwo\u015bci dofinansowania inwestycji, promowanie nowoczesnych i ekologicznych rozwi\u0105za\u0144.<\/p>\n\n\n\n<p><strong>Kto mo\u017ce skorzysta\u0107?<\/strong><\/p>\n\n\n\n<p>Z kampanii mog\u0105 skorzysta\u0107 zar\u00f3wno osoby prywatne, jak i przedsi\u0119biorstwa, samorz\u0105dy oraz organizacje pozarz\u0105dowe. Ka\u017cdy, kto chce przyczyni\u0107 si\u0119 do poprawy klimatu poprzez realizacj\u0119 inwestycji proekologicznych, ma szans\u0119 uzyska\u0107 wsparcie finansowe i merytoryczne.<\/p>\n\n\n\n<p><strong><u>Planowane wydarzenia w ramach Kampanii:<\/u><\/strong><\/p>\n\n\n\n<figure class=\"wp-block-table\"><table class=\"has-fixed-layout\"><tbody><tr><td rowspan=\"10\">Kampania informacyjno \u2013 edukacyjna: <strong>Wsp\u00f3lnie dla klimatu \u2013 zrealizuj inwestycj\u0119 razem z nami!<\/strong><\/td><td><strong>26 luty 2025<\/strong><strong><\/strong><\/td><td>Rozpocz\u0119cie kampanii: <strong>Wsp\u00f3lnie dla klimatu \u2013 zrealizuj inwestycj\u0119 razem z nami!<\/strong> &nbsp;<\/td><\/tr><tr><td><strong>26 luty 2025<\/strong><strong><\/strong><\/td><td>Szkolenie: Oferta finansowa WFO\u015aiGW w Zielonej G\u00f3rze dla JST.<\/td><\/tr><tr><td><strong>Marzec 2025<\/strong><strong><\/strong><\/td><td>Szkolenie: \u0179r\u00f3d\u0142a finansowania inwestycji w zakresie EE i OZE dla os\u00f3b fizycznych \u2013 przegl\u0105d program\u00f3w. dla JST. &nbsp;<\/td><\/tr><tr><td><strong>Kwiecie\u0144 2025<\/strong><strong><\/strong><\/td><td>Szkolenie z Programu Energia dla wsi.<\/td><\/tr><tr><td><strong>Maj 2025<\/strong><strong><\/strong><\/td><td>Szkolenie z Programu Moja elektrownia wiatrowa.<\/td><\/tr><tr><td><strong>Czerwiec 2025<\/strong><strong><\/strong><\/td><td>Szkolenie z Programu: NaszEauto.<\/td><\/tr><tr><td><strong>Lipiec 2025<\/strong><strong><\/strong><\/td><td>Szkolenie z Programu: M\u00f3j rower elektryczny.<\/td><\/tr><tr><td><strong>Sierpie\u0144 2025<\/strong><strong><\/strong><\/td><td>Szkolenie z Programu: Moje ciep\u0142o.<\/td><\/tr><tr><td><strong>Wrzesie\u0144 2025<\/strong><strong><\/strong><\/td><td>Winobraniowe spotkania energetyczne.<\/td><\/tr><tr><td><strong>Pa\u017adziernik 2025<\/strong><strong><\/strong><\/td><td>Konferencja podsumowuj\u0105ca.<\/td><\/tr><\/tbody><\/table><\/figure>\n\n\n\n<p>Elementem kampanii b\u0119d\u0105 tak\u017ce konkursy plastyczne oraz fotograficzne dla uczni\u00f3w szk\u00f3\u0142 podstawowych i ponadpodstawowych, a tak\u017ce spotkania indywidualne z potencjalnymi inwestorami.<\/p>\n\n\n\n<p>Wojew\u00f3dzki Fundusz Ochrony \u015arodowiska i Gospodarki Wodnej w Zielonej G\u00f3rze zach\u0119ca wszystkich do udzia\u0142u w kampanii. To szansa na realne dzia\u0142ania na rzecz klimatu oraz skorzystanie z dost\u0119pnych form wsparcia finansowego.<\/p>\n\n\n\n<p><strong>Razem mo\u017cemy zadba\u0107 o lepsz\u0105 przysz\u0142o\u015b\u0107 dla nas i kolejnych pokole\u0144!<\/strong><\/p>\n\n\n\n<p>Szczeg\u00f3\u0142owe informacje na temat wydarze\u0144 znajduj\u0105 si\u0119 na stronie: <a href=\"https:\/\/zde.wfosigw.zgora.pl\/\"><strong>https:\/\/zde.wfosigw.zgora.pl\/<\/strong><\/a><strong><\/strong><\/p>\n\n\n\n<p><strong><em>Og\u00f3lnopolski Projekt Doradztwa Energetycznego jest jednocze\u015bnie Operacj\u0105 o&nbsp;znaczeniu strategicznym, kt\u00f3ra wnosi znacz\u0105cy wk\u0142ad w&nbsp;osi\u0105ganie cel\u00f3w programu FEnIKS 2021-2027.<\/em><\/strong><\/p>\n\n\n\n<p><strong><em>Beneficjent i&nbsp;Partner Wiod\u0105cy: NFO\u015aiGW w&nbsp;Warszawie<\/em><\/strong><\/p>\n\n\n\n<p><strong><em>Partnerzy: 16 WFO\u015aiGW<\/em><\/strong><\/p>\n\n\n\n<p><a href=\"https:\/\/www.funduszeeuropejskie.gov.pl\/\"><strong><em>Fundusze Europejskie<\/em><\/strong><\/a><strong><em><\/em><\/strong><\/p>\n\n\n\n<p><a href=\"https:\/\/www.feniks.gov.pl\/\"><strong><em>FEnIKS 2021-2027<\/em><\/strong><\/a><\/p>\n\n\n\n<p><em>www.doradztwo-eneregtyczne.gov.pl<\/em><strong><em><\/em><\/strong><\/p>\n","protected":false},"excerpt":{"rendered":"<p>W dniu 26.02.2025 roku Wojew\u00f3dzki Fundusz Ochrony \u015arodowiska i Gospodarki Wodnejw Zielonej G\u00f3rze rozpoczyna kampani\u0119 informacyjno-edukacyjn\u0105 pod nazw\u0105 \u201eWsp\u00f3lnie dla klimatu \u2013 zrealizuj inwestycj\u0119 razem z nami\u201d. Celem tej inicjatywy jest promowanie dzia\u0142a\u0144 na rzecz ochrony \u015brodowiska oraz zach\u0119canie mieszka\u0144c\u00f3w i instytucji do podejmowania proekologicznych inwestycji. Kampania realizowana jest w ramach Projektu Doradztwa Energetycznego finansowanego&hellip;&nbsp;<a href=\"https:\/\/zde.wfosigw.zgora.pl\/index.php\/2025\/02\/25\/kampania-edukacyjno-informacyjnawspolnie-dla-klimatu-zrealizuj-inwestycje-razem-z-nami\/\" rel=\"bookmark\">Dowiedz si\u0119 wi\u0119cej &raquo;<span class=\"screen-reader-text\">Kampania edukacyjno \u2013 informacyjna:Wsp\u00f3lnie dla klimatu \u2013 zrealizuj inwestycj\u0119 razem z nami!<\/span><\/a><\/p>\n","protected":false},"author":3,"featured_media":498,"comment_status":"closed","ping_status":"closed","sticky":false,"template":"","format":"standard","meta":{"neve_meta_sidebar":"","neve_meta_container":"","neve_meta_enable_content_width":"","neve_meta_content_width":0,"neve_meta_title_alignment":"","neve_meta_author_avatar":"","neve_post_elements_order":"","neve_meta_disable_header":"","neve_meta_disable_footer":"","neve_meta_disable_title":"","_themeisle_gutenberg_block_has_review":false,"footnotes":""},"categories":[8],"tags":[],"class_list":["post-690","post","type-post","status-publish","format-standard","has-post-thumbnail","hentry","category-aktualnosci"],"_links":{"self":[{"href":"https:\/\/zde.wfosigw.zgora.pl\/index.php\/wp-json\/wp\/v2\/posts\/690","targetHints":{"allow":["GET"]}}],"collection":[{"href":"https:\/\/zde.wfosigw.zgora.pl\/index.php\/wp-json\/wp\/v2\/posts"}],"about":[{"href":"https:\/\/zde.wfosigw.zgora.pl\/index.php\/wp-json\/wp\/v2\/types\/post"}],"author":[{"embeddable":true,"href":"https:\/\/zde.wfosigw.zgora.pl\/index.php\/wp-json\/wp\/v2\/users\/3"}],"replies":[{"embeddable":true,"href":"https:\/\/zde.wfosigw.zgora.pl\/index.php\/wp-json\/wp\/v2\/comments?post=690"}],"version-history":[{"count":1,"href":"https:\/\/zde.wfosigw.zgora.pl\/index.php\/wp-json\/wp\/v2\/posts\/690\/revisions"}],"predecessor-version":[{"id":691,"href":"https:\/\/zde.wfosigw.zgora.pl\/index.php\/wp-json\/wp\/v2\/posts\/690\/revisions\/691"}],"wp:featuredmedia":[{"embeddable":true,"href":"https:\/\/zde.wfosigw.zgora.pl\/index.php\/wp-json\/wp\/v2\/media\/498"}],"wp:attachment":[{"href":"https:\/\/zde.wfosigw.zgora.pl\/index.php\/wp-json\/wp\/v2\/media?parent=690"}],"wp:term":[{"taxonomy":"category","embeddable":true,"href":"https:\/\/zde.wfosigw.zgora.pl\/index.php\/wp-json\/wp\/v2\/categories?post=690"},{"taxonomy":"post_tag","embeddable":true,"href":"https:\/\/zde.wfosigw.zgora.pl\/index.php\/wp-json\/wp\/v2\/tags?post=690"}],"curies":[{"name":"wp","href":"https:\/\/api.w.org\/{rel}","templated":true}]}}