{"id":709,"date":"2025-04-11T09:08:09","date_gmt":"2025-04-11T08:08:09","guid":{"rendered":"https:\/\/zde.wfosigw.zgora.pl\/?p=709"},"modified":"2025-04-11T09:08:10","modified_gmt":"2025-04-11T08:08:10","slug":"konferencja-dotyczaca-tworzenia-spoldzielni-energetycznych-juz-w-najblizszy-wtorek-w-wojcieszycach","status":"publish","type":"post","link":"https:\/\/zde.wfosigw.zgora.pl\/index.php\/2025\/04\/11\/konferencja-dotyczaca-tworzenia-spoldzielni-energetycznych-juz-w-najblizszy-wtorek-w-wojcieszycach\/","title":{"rendered":"Konferencja dotycz\u0105ca tworzenia sp\u00f3\u0142dzielni energetycznych ju\u017c w najbli\u017cszy wtorek w Wojcieszycach!"},"content":{"rendered":"\n<figure class=\"wp-block-image size-full\"><img loading=\"lazy\" decoding=\"async\" width=\"945\" height=\"94\" src=\"https:\/\/zde.wfosigw.zgora.pl\/wp-content\/uploads\/2025\/03\/image.png\" alt=\"\" class=\"wp-image-699\" srcset=\"https:\/\/zde.wfosigw.zgora.pl\/wp-content\/uploads\/2025\/03\/image.png 945w, https:\/\/zde.wfosigw.zgora.pl\/wp-content\/uploads\/2025\/03\/image-300x30.png 300w, https:\/\/zde.wfosigw.zgora.pl\/wp-content\/uploads\/2025\/03\/image-768x76.png 768w, https:\/\/zde.wfosigw.zgora.pl\/wp-content\/uploads\/2025\/03\/image-930x94.png 930w\" sizes=\"auto, (max-width: 945px) 100vw, 945px\" \/><\/figure>\n\n\n\n<figure class=\"wp-block-image size-large\"><img loading=\"lazy\" decoding=\"async\" width=\"1024\" height=\"1024\" src=\"https:\/\/zde.wfosigw.zgora.pl\/wp-content\/uploads\/2025\/04\/Konferencja-KOWR-1024x1024.png\" alt=\"\" class=\"wp-image-710\" srcset=\"https:\/\/zde.wfosigw.zgora.pl\/wp-content\/uploads\/2025\/04\/Konferencja-KOWR-1024x1024.png 1024w, https:\/\/zde.wfosigw.zgora.pl\/wp-content\/uploads\/2025\/04\/Konferencja-KOWR-300x300.png 300w, https:\/\/zde.wfosigw.zgora.pl\/wp-content\/uploads\/2025\/04\/Konferencja-KOWR-150x150.png 150w, https:\/\/zde.wfosigw.zgora.pl\/wp-content\/uploads\/2025\/04\/Konferencja-KOWR-768x768.png 768w, https:\/\/zde.wfosigw.zgora.pl\/wp-content\/uploads\/2025\/04\/Konferencja-KOWR.png 1080w\" sizes=\"auto, (max-width: 1024px) 100vw, 1024px\" \/><\/figure>\n\n\n\n<p><strong>Wojew\u00f3dzki Fundusz Ochrony \u015arodowiska i Gospodarki Wodnej w Zielonej G\u00f3rze wraz&nbsp;z&nbsp;Krajowym O\u015brodkiem Wsparcia Rolnictwa \u2013 Oddzia\u0142 Terenowy w Gorzowie Wielkopolskim <\/strong>serdecznie zapraszaj\u0105 do udzia\u0142u w szkoleniu pn:<\/p>\n\n\n\n<p class=\"has-text-align-center\"><strong><em>\u201eSp\u00f3\u0142dzielnie energetyczne. Dlaczego warto je tworzy\u0107?\u201d<\/em><\/strong><\/p>\n\n\n\n<p><strong>Go\u015bciem Specjalnym Konferencji b\u0119dzie Pan Mi\u0142osz Motyka, Sekretarz Stanu w&nbsp;Ministerstwie Klimatu i \u015arodowiska<\/strong><\/p>\n\n\n\n<p>Wydarzenie odb\u0119dzie si\u0119 w dniu&nbsp;<strong>15.04.2025 roku<\/strong><\/p>\n\n\n\n<p>w <strong>Gminnym O\u015brodku Kultury w Wojcieszycach,<\/strong><strong> <\/strong><strong>ul. Jeziorna 8, 66-415 K\u0142odawa<\/strong>.<\/p>\n\n\n\n<p>Podczas spotkania poruszymy kluczowe zagadnienia zwi\u0105zane z zasadami zak\u0142adania sp\u00f3\u0142dzielni energetycznych i ich rol\u0105 w gospodarce energetycznej. Debaty i wyk\u0142ady skupi\u0105 si\u0119&nbsp;na przekazaniu praktycznych informacji o tym jak skutecznie zak\u0142ada\u0107 sp\u00f3\u0142dzielnie energetyczne. Otrzymaj\u0105 Pa\u0144stwo r\u00f3wnie\u017c kompleksowe informacje w zakresie mo\u017cliwo\u015bci pozyskania wsparcia finansowego na inwestycje dotycz\u0105ce OZE i efektywno\u015bci energetycznej.<\/p>\n\n\n\n<p><strong>Szczeg\u00f3\u0142owy program Konferencji:<\/strong><\/p>\n\n\n\n<p>&#x1f565; <strong>10:30 \u2013 11:00<\/strong><br>Rejestracja uczestnik\u00f3w<\/p>\n\n\n\n<p>&#x1f55a; <strong>11:00 \u2013 11:15<\/strong><br>Rozpocz\u0119cie konferencji<\/p>\n\n\n\n<p>&#x1f55a; <strong>11:15 \u2013 11:30<\/strong><br><strong>Mi\u0142osz Motyka<\/strong><br>Sekretarz Stanu w Ministerstwie Klimatu i \u015arodowiska<\/p>\n\n\n\n<p>&#x1f566; <strong>11:30 \u2013 12:00<\/strong><br><strong>\u0141ukasz Kali\u0144ski<\/strong><br>Dyrektor Departamentu Innowacji Krajowego O\u015brodka Wsparcia Rolnictwa<br><em>Zasady zak\u0142adania sp\u00f3\u0142dzielni energetycznych i ich rola w gospodarce energetycznej<\/em><\/p>\n\n\n\n<p>&#x1f55b; <strong>12:00 \u2013 12:30<\/strong><br><strong>Daniel Raczkiewicz<\/strong><br>Cz\u0142onek Zarz\u0105du Krajowej Izby Klastr\u00f3w Energii i Odnawialnych \u0179r\u00f3de\u0142 Energii<br><em>Jak skutecznie wdro\u017cy\u0107 sp\u00f3\u0142dzielni\u0119 energetyczn\u0105, korzy\u015bci i praktyczne do\u015bwiadczenia L\u0105deckiej Sp\u00f3\u0142dzielni Energetycznej<\/em><\/p>\n\n\n\n<p>&#x2615; <strong>12:30 \u2013 12:50<\/strong><br>Przerwa kawowa<\/p>\n\n\n\n<p>&#x1f567; <strong>12:50 \u2013 13:20<\/strong><br><strong>Miros\u0142aw Glaz<\/strong><br>Prezes Wojew\u00f3dzkiego Funduszu Ochrony \u015arodowiska i Gospodarki Wodnej<br><em>Wsparcie doradcze w zakresie realizacji i finansowania inwestycji dotycz\u0105cych efektywno\u015bci energetycznej i odnawialnych \u017ar\u00f3de\u0142 energii<\/em><\/p>\n\n\n\n<p>&#x1f55c; <strong>13:20 \u2013 13:50<\/strong><br><strong>Adam Dominiak<\/strong><br>Prezes Enea Eko sp. z o.o.<br><em>Rola Enea Eko na rynku Odnawialnych \u0179r\u00f3de\u0142 Energii<\/em><\/p>\n\n\n\n<p>&#x1f55d; <strong>13:50 \u2013 14:30<\/strong><br>Panel ekspert\u00f3w<\/p>\n\n\n\n<p>&#x1f37d;&#xfe0f; <strong>14:30 \u2013 15:30<\/strong><br>Obiad<\/p>\n\n\n\n<p>Nie przegap tej okazji!<\/p>\n\n\n\n<p>Do zobaczenia w Wojcieszycach!<\/p>\n\n\n\n<p><strong><em>Konferencja jest realizowana w ramach Projektu Doradztwa Energetycznego finansowanego w ramach FENIKS na lata 2021 &#8211; 2027<\/em><\/strong><\/p>\n\n\n\n<p><strong><em>Og\u00f3lnopolski Projekt Doradztwa Energetycznego jest jednocze\u015bnie Operacj\u0105 o&nbsp;znaczeniu strategicznym, kt\u00f3ra wnosi znacz\u0105cy wk\u0142ad w&nbsp;osi\u0105ganie cel\u00f3w programu FEnIKS 2021-2027.<\/em><\/strong><\/p>\n\n\n\n<p><strong><em>Beneficjent i&nbsp;Partner Wiod\u0105cy: NFO\u015aiGW w&nbsp;Warszawie<\/em><\/strong><\/p>\n\n\n\n<p><strong><em>Partnerzy: 16 WFO\u015aiGW<\/em><\/strong><\/p>\n\n\n\n<p><a href=\"https:\/\/www.funduszeeuropejskie.gov.pl\/\"><strong><em>Fundusze Europejskie<\/em><\/strong><\/a><strong><em><\/em><\/strong><\/p>\n\n\n\n<p><a href=\"https:\/\/www.feniks.gov.pl\/\"><strong><em>FEnIKS 2021-2027<\/em><\/strong><\/a><\/p>\n\n\n\n<p><a href=\"http:\/\/www.doradztwo-eneregtyczne.gov.pl\"><em>www.doradztwo-eneregtyczne.gov.pl<\/em><\/a><em><\/em><\/p>\n\n\n\n<p><\/p>\n","protected":false},"excerpt":{"rendered":"<p>Wojew\u00f3dzki Fundusz Ochrony \u015arodowiska i Gospodarki Wodnej w Zielonej G\u00f3rze wraz&nbsp;z&nbsp;Krajowym O\u015brodkiem Wsparcia Rolnictwa \u2013 Oddzia\u0142 Terenowy w Gorzowie Wielkopolskim serdecznie zapraszaj\u0105 do udzia\u0142u w szkoleniu pn: \u201eSp\u00f3\u0142dzielnie energetyczne. Dlaczego warto je tworzy\u0107?\u201d Go\u015bciem Specjalnym Konferencji b\u0119dzie Pan Mi\u0142osz Motyka, Sekretarz Stanu w&nbsp;Ministerstwie Klimatu i \u015arodowiska Wydarzenie odb\u0119dzie si\u0119 w dniu&nbsp;15.04.2025 roku w Gminnym O\u015brodku&hellip;&nbsp;<a href=\"https:\/\/zde.wfosigw.zgora.pl\/index.php\/2025\/04\/11\/konferencja-dotyczaca-tworzenia-spoldzielni-energetycznych-juz-w-najblizszy-wtorek-w-wojcieszycach\/\" rel=\"bookmark\">Dowiedz si\u0119 wi\u0119cej &raquo;<span class=\"screen-reader-text\">Konferencja dotycz\u0105ca tworzenia sp\u00f3\u0142dzielni energetycznych ju\u017c w najbli\u017cszy wtorek w Wojcieszycach!<\/span><\/a><\/p>\n","protected":false},"author":3,"featured_media":638,"comment_status":"closed","ping_status":"closed","sticky":false,"template":"","format":"standard","meta":{"neve_meta_sidebar":"","neve_meta_container":"","neve_meta_enable_content_width":"","neve_meta_content_width":0,"neve_meta_title_alignment":"","neve_meta_author_avatar":"","neve_post_elements_order":"","neve_meta_disable_header":"","neve_meta_disable_footer":"","neve_meta_disable_title":"","_themeisle_gutenberg_block_has_review":false,"footnotes":""},"categories":[8],"tags":[],"class_list":["post-709","post","type-post","status-publish","format-standard","has-post-thumbnail","hentry","category-aktualnosci"],"_links":{"self":[{"href":"https:\/\/zde.wfosigw.zgora.pl\/index.php\/wp-json\/wp\/v2\/posts\/709","targetHints":{"allow":["GET"]}}],"collection":[{"href":"https:\/\/zde.wfosigw.zgora.pl\/index.php\/wp-json\/wp\/v2\/posts"}],"about":[{"href":"https:\/\/zde.wfosigw.zgora.pl\/index.php\/wp-json\/wp\/v2\/types\/post"}],"author":[{"embeddable":true,"href":"https:\/\/zde.wfosigw.zgora.pl\/index.php\/wp-json\/wp\/v2\/users\/3"}],"replies":[{"embeddable":true,"href":"https:\/\/zde.wfosigw.zgora.pl\/index.php\/wp-json\/wp\/v2\/comments?post=709"}],"version-history":[{"count":1,"href":"https:\/\/zde.wfosigw.zgora.pl\/index.php\/wp-json\/wp\/v2\/posts\/709\/revisions"}],"predecessor-version":[{"id":711,"href":"https:\/\/zde.wfosigw.zgora.pl\/index.php\/wp-json\/wp\/v2\/posts\/709\/revisions\/711"}],"wp:featuredmedia":[{"embeddable":true,"href":"https:\/\/zde.wfosigw.zgora.pl\/index.php\/wp-json\/wp\/v2\/media\/638"}],"wp:attachment":[{"href":"https:\/\/zde.wfosigw.zgora.pl\/index.php\/wp-json\/wp\/v2\/media?parent=709"}],"wp:term":[{"taxonomy":"category","embeddable":true,"href":"https:\/\/zde.wfosigw.zgora.pl\/index.php\/wp-json\/wp\/v2\/categories?post=709"},{"taxonomy":"post_tag","embeddable":true,"href":"https:\/\/zde.wfosigw.zgora.pl\/index.php\/wp-json\/wp\/v2\/tags?post=709"}],"curies":[{"name":"wp","href":"https:\/\/api.w.org\/{rel}","templated":true}]}}