{"id":764,"date":"2025-04-30T08:49:10","date_gmt":"2025-04-30T07:49:10","guid":{"rendered":"https:\/\/zde.wfosigw.zgora.pl\/?p=764"},"modified":"2025-04-30T08:49:55","modified_gmt":"2025-04-30T07:49:55","slug":"z-funduszami-ku-zielonej-przyszlosci-dni-otwarte-funduszy-europejskich-w-zielonej-gorze-juz-9-maja","status":"publish","type":"post","link":"https:\/\/zde.wfosigw.zgora.pl\/index.php\/2025\/04\/30\/z-funduszami-ku-zielonej-przyszlosci-dni-otwarte-funduszy-europejskich-w-zielonej-gorze-juz-9-maja\/","title":{"rendered":"Z Funduszami ku zielonej przysz\u0142o\u015bci \u2013 Dni Otwarte Funduszy Europejskich w Zielonej G\u00f3rze ju\u017c 9 maja!"},"content":{"rendered":"\n<figure class=\"wp-block-image size-full\"><img loading=\"lazy\" decoding=\"async\" width=\"945\" height=\"95\" src=\"https:\/\/zde.wfosigw.zgora.pl\/wp-content\/uploads\/2025\/04\/image-1.png\" alt=\"\" class=\"wp-image-765\" srcset=\"https:\/\/zde.wfosigw.zgora.pl\/wp-content\/uploads\/2025\/04\/image-1.png 945w, https:\/\/zde.wfosigw.zgora.pl\/wp-content\/uploads\/2025\/04\/image-1-300x30.png 300w, https:\/\/zde.wfosigw.zgora.pl\/wp-content\/uploads\/2025\/04\/image-1-768x77.png 768w\" sizes=\"auto, (max-width: 945px) 100vw, 945px\" \/><\/figure>\n\n\n\n<p>Wojew\u00f3dzki Fundusz Ochrony \u015arodowiska i Gospodarki Wodnej w Zielonej G\u00f3rze serdecznie zaprasza wszystkich zainteresowanych na wyj\u0105tkowe wydarzenie \u2013 <strong>Dni&nbsp;Otwarte Funduszy Europejskich<\/strong>, kt\u00f3re odb\u0119d\u0105 si\u0119 <strong>9 maja 2025 roku<\/strong> w godzinach <strong>10:00\u201314:00<\/strong> w siedzibie Funduszu przy ul. Miodowej 11 w Zielonej G\u00f3rze.<\/p>\n\n\n\n<p>To doskona\u0142a okazja, aby uzyska\u0107 fachowe porady od naszego <strong>Zespo\u0142u Doradc\u00f3w Energetycznych<\/strong>, kt\u00f3rzy wyja\u015bni\u0105, jak skorzysta\u0107 z dost\u0119pnych program\u00f3w dofinansowania.<\/p>\n\n\n\n<p>Je\u015bli planujesz:<\/p>\n\n\n\n<ul class=\"wp-block-list\">\n<li>wymian\u0119 starego pieca na nowoczesne, ekologiczne \u017ar\u00f3d\u0142o ciep\u0142a,<\/li>\n\n\n\n<li>termomodernizacj\u0119 budynku mieszkalnego (np. docieplenie \u015bcian, wymian\u0119 okien i drzwi zewn\u0119trznych),<\/li>\n\n\n\n<li>inwestycj\u0119 w panele fotowoltaiczne lub pompy ciep\u0142a,<\/li>\n<\/ul>\n\n\n\n<p>to wydarzenie jest w\u0142a\u015bnie dla Ciebie!<\/p>\n\n\n\n<p>Programy realizowane przez WFO\u015aiGW w Zielonej G\u00f3rze wspieraj\u0105 popraw\u0119 efektywno\u015bci energetycznej budynk\u00f3w, co przek\u0142ada si\u0119 na ni\u017csze koszty eksploatacji oraz wi\u0119ksz\u0105 trosk\u0119 o \u015brodowisko.<\/p>\n\n\n\n<p><strong>Bezp\u0142atne doradztwo tego dnia b\u0119dzie dost\u0119pne dla:<\/strong><\/p>\n\n\n\n<div class=\"wp-block-group is-vertical is-layout-flex wp-container-core-group-is-layout-8cf370e7 wp-block-group-is-layout-flex\">\n<p class=\"has-text-align-left\">&#x2714;os\u00f3b fizycznych,<\/p>\n\n\n\n<p class=\"has-text-align-left\">&#x2714; przedsi\u0119biorstw,<\/p>\n\n\n\n<p class=\"has-text-align-left\">&#x2714; sektora publicznego (w tym gmin),<\/p>\n\n\n\n<p class=\"has-text-align-left\">&#x2714; sektora mieszkaniowego (wsp\u00f3lnot i sp\u00f3\u0142dzielni mieszkaniowych).<\/p>\n<\/div>\n\n\n\n<p>Na spotkanie zapraszamy r\u00f3wnie\u017c <strong>dzieci i m\u0142odzie\u017c<\/strong> \u2013 przygotowali\u015bmy dla nich wiele atrakcji edukacyjnych dotycz\u0105cych ochrony \u015brodowiska, czystego powietrza i troski o&nbsp;klimat. Zach\u0119camy do odwiedzenia Funduszu ca\u0142ymi rodzinami!<\/p>\n\n\n\n<p><strong>Dodatkow\u0105 atrakcj\u0105<\/strong> b\u0119dzie mo\u017cliwo\u015b\u0107 zapoznania si\u0119 z obs\u0142ug\u0105 i funkcjonalno\u015bci\u0105 <strong>samochodu elektrycznego<\/strong>.<\/p>\n\n\n\n<p class=\"has-text-align-center\"><strong>Serdecznie zapraszamy do udzia\u0142u w wydarzeniu \u2013 razem mo\u017cemy zadba\u0107 o zielon\u0105 przysz\u0142o\u015b\u0107!<\/strong><\/p>\n\n\n\n<p class=\"has-text-align-center\">Wydarzenie organizowane jest w ramach <strong>Projektu Doradztwa Energetycznego <\/strong>finansowanego w ramach<strong> FENIKS na lata 2021-2027.<\/strong><\/p>\n\n\n\n<p class=\"has-text-align-center\"><strong>Og\u00f3lnopolski Projekt Doradztwa Energetycznego<\/strong> to operacja o znaczeniu strategicznym, kt\u00f3ra wnosi istotny wk\u0142ad w realizacj\u0119 cel\u00f3w programu FEnIKS 2021\u20132027.<\/p>\n\n\n\n<p class=\"has-text-align-center\"><strong>Partner wiod\u0105cy:<\/strong> NFO\u015aiGW w Warszawie we wsp\u00f3\u0142pracy z 16 WFO\u015aiGW.<strong><\/strong><\/p>\n\n\n\n<p><a href=\"https:\/\/www.facebook.com\/hashtag\/funduszeeuropejskie?__eep__=6&amp;__cft__%5b0%5d=AZX_mGXzI29o87ENpYKLJsrGfFyFHsxi-Ptw5eJP3GOlcoh-I37x389j69vs-s7mB9rx32diqYE2WA3u8jGwf1eDoutQ2Ms8X_D2xD42OSlhGi94Gr-5985EMG8cYDnb3GK1Zt8O6E5vNir8cMQ3WFxFtA7Lz3gN6m8gUDyMmC7C-4BI4j3OuFS9U1PFl4DVJHw&amp;__tn__=*NK-R\">#FunduszeEuropejskie<\/a>&nbsp;<a href=\"https:\/\/www.facebook.com\/hashtag\/funduszeeu?__eep__=6&amp;__cft__%5b0%5d=AZX_mGXzI29o87ENpYKLJsrGfFyFHsxi-Ptw5eJP3GOlcoh-I37x389j69vs-s7mB9rx32diqYE2WA3u8jGwf1eDoutQ2Ms8X_D2xD42OSlhGi94Gr-5985EMG8cYDnb3GK1Zt8O6E5vNir8cMQ3WFxFtA7Lz3gN6m8gUDyMmC7C-4BI4j3OuFS9U1PFl4DVJHw&amp;__tn__=*NK-R\">#FunduszeEU<\/a><\/p>\n\n\n\n<figure class=\"wp-block-image size-large\"><img loading=\"lazy\" decoding=\"async\" width=\"1024\" height=\"1024\" src=\"https:\/\/zde.wfosigw.zgora.pl\/wp-content\/uploads\/2025\/04\/Plakat-DOFE-1024x1024.png\" alt=\"\" class=\"wp-image-763\" srcset=\"https:\/\/zde.wfosigw.zgora.pl\/wp-content\/uploads\/2025\/04\/Plakat-DOFE-1024x1024.png 1024w, https:\/\/zde.wfosigw.zgora.pl\/wp-content\/uploads\/2025\/04\/Plakat-DOFE-300x300.png 300w, https:\/\/zde.wfosigw.zgora.pl\/wp-content\/uploads\/2025\/04\/Plakat-DOFE-150x150.png 150w, https:\/\/zde.wfosigw.zgora.pl\/wp-content\/uploads\/2025\/04\/Plakat-DOFE-768x768.png 768w, https:\/\/zde.wfosigw.zgora.pl\/wp-content\/uploads\/2025\/04\/Plakat-DOFE.png 1200w\" sizes=\"auto, (max-width: 1024px) 100vw, 1024px\" \/><\/figure>\n","protected":false},"excerpt":{"rendered":"<p>Wojew\u00f3dzki Fundusz Ochrony \u015arodowiska i Gospodarki Wodnej w Zielonej G\u00f3rze serdecznie zaprasza wszystkich zainteresowanych na wyj\u0105tkowe wydarzenie \u2013 Dni&nbsp;Otwarte Funduszy Europejskich, kt\u00f3re odb\u0119d\u0105 si\u0119 9 maja 2025 roku w godzinach 10:00\u201314:00 w siedzibie Funduszu przy ul. Miodowej 11 w Zielonej G\u00f3rze. To doskona\u0142a okazja, aby uzyska\u0107 fachowe porady od naszego Zespo\u0142u Doradc\u00f3w Energetycznych, kt\u00f3rzy wyja\u015bni\u0105,&hellip;&nbsp;<a href=\"https:\/\/zde.wfosigw.zgora.pl\/index.php\/2025\/04\/30\/z-funduszami-ku-zielonej-przyszlosci-dni-otwarte-funduszy-europejskich-w-zielonej-gorze-juz-9-maja\/\" rel=\"bookmark\">Dowiedz si\u0119 wi\u0119cej &raquo;<span class=\"screen-reader-text\">Z Funduszami ku zielonej przysz\u0142o\u015bci \u2013 Dni Otwarte Funduszy Europejskich w Zielonej G\u00f3rze ju\u017c 9 maja!<\/span><\/a><\/p>\n","protected":false},"author":7,"featured_media":763,"comment_status":"closed","ping_status":"closed","sticky":false,"template":"","format":"standard","meta":{"neve_meta_sidebar":"","neve_meta_container":"","neve_meta_enable_content_width":"","neve_meta_content_width":0,"neve_meta_title_alignment":"","neve_meta_author_avatar":"","neve_post_elements_order":"","neve_meta_disable_header":"","neve_meta_disable_footer":"","neve_meta_disable_title":"","_themeisle_gutenberg_block_has_review":false,"footnotes":""},"categories":[8],"tags":[],"class_list":["post-764","post","type-post","status-publish","format-standard","has-post-thumbnail","hentry","category-aktualnosci"],"_links":{"self":[{"href":"https:\/\/zde.wfosigw.zgora.pl\/index.php\/wp-json\/wp\/v2\/posts\/764","targetHints":{"allow":["GET"]}}],"collection":[{"href":"https:\/\/zde.wfosigw.zgora.pl\/index.php\/wp-json\/wp\/v2\/posts"}],"about":[{"href":"https:\/\/zde.wfosigw.zgora.pl\/index.php\/wp-json\/wp\/v2\/types\/post"}],"author":[{"embeddable":true,"href":"https:\/\/zde.wfosigw.zgora.pl\/index.php\/wp-json\/wp\/v2\/users\/7"}],"replies":[{"embeddable":true,"href":"https:\/\/zde.wfosigw.zgora.pl\/index.php\/wp-json\/wp\/v2\/comments?post=764"}],"version-history":[{"count":2,"href":"https:\/\/zde.wfosigw.zgora.pl\/index.php\/wp-json\/wp\/v2\/posts\/764\/revisions"}],"predecessor-version":[{"id":767,"href":"https:\/\/zde.wfosigw.zgora.pl\/index.php\/wp-json\/wp\/v2\/posts\/764\/revisions\/767"}],"wp:featuredmedia":[{"embeddable":true,"href":"https:\/\/zde.wfosigw.zgora.pl\/index.php\/wp-json\/wp\/v2\/media\/763"}],"wp:attachment":[{"href":"https:\/\/zde.wfosigw.zgora.pl\/index.php\/wp-json\/wp\/v2\/media?parent=764"}],"wp:term":[{"taxonomy":"category","embeddable":true,"href":"https:\/\/zde.wfosigw.zgora.pl\/index.php\/wp-json\/wp\/v2\/categories?post=764"},{"taxonomy":"post_tag","embeddable":true,"href":"https:\/\/zde.wfosigw.zgora.pl\/index.php\/wp-json\/wp\/v2\/tags?post=764"}],"curies":[{"name":"wp","href":"https:\/\/api.w.org\/{rel}","templated":true}]}}