{"id":771,"date":"2025-05-09T13:23:14","date_gmt":"2025-05-09T12:23:14","guid":{"rendered":"https:\/\/zde.wfosigw.zgora.pl\/?p=771"},"modified":"2025-05-09T13:23:14","modified_gmt":"2025-05-09T12:23:14","slug":"ku-zielonej-przyszlosci-z-funduszami-europejskimi-dni-otwarte-w-zielonej-gorze","status":"publish","type":"post","link":"https:\/\/zde.wfosigw.zgora.pl\/index.php\/2025\/05\/09\/ku-zielonej-przyszlosci-z-funduszami-europejskimi-dni-otwarte-w-zielonej-gorze\/","title":{"rendered":"Ku Zielonej Przysz\u0142o\u015bci z Funduszami Europejskimi \u2013 Dni Otwarte w\u00a0Zielonej G\u00f3rze!"},"content":{"rendered":"\n<figure class=\"wp-block-image size-large\"><img loading=\"lazy\" decoding=\"async\" width=\"1024\" height=\"102\" src=\"https:\/\/zde.wfosigw.zgora.pl\/wp-content\/uploads\/2025\/01\/image-1-1024x102.png\" alt=\"\" class=\"wp-image-575\" srcset=\"https:\/\/zde.wfosigw.zgora.pl\/wp-content\/uploads\/2025\/01\/image-1-1024x102.png 1024w, https:\/\/zde.wfosigw.zgora.pl\/wp-content\/uploads\/2025\/01\/image-1-300x30.png 300w, https:\/\/zde.wfosigw.zgora.pl\/wp-content\/uploads\/2025\/01\/image-1-768x77.png 768w, https:\/\/zde.wfosigw.zgora.pl\/wp-content\/uploads\/2025\/01\/image-1-1536x154.png 1536w, https:\/\/zde.wfosigw.zgora.pl\/wp-content\/uploads\/2025\/01\/image-1.png 1600w\" sizes=\"auto, (max-width: 1024px) 100vw, 1024px\" \/><\/figure>\n\n\n\n<figure class=\"wp-block-image size-large\"><img loading=\"lazy\" decoding=\"async\" width=\"1024\" height=\"768\" src=\"https:\/\/zde.wfosigw.zgora.pl\/wp-content\/uploads\/2025\/05\/IMG-20250509-WA0002-1024x768.jpg\" alt=\"\" class=\"wp-image-773\" srcset=\"https:\/\/zde.wfosigw.zgora.pl\/wp-content\/uploads\/2025\/05\/IMG-20250509-WA0002-1024x768.jpg 1024w, https:\/\/zde.wfosigw.zgora.pl\/wp-content\/uploads\/2025\/05\/IMG-20250509-WA0002-300x225.jpg 300w, https:\/\/zde.wfosigw.zgora.pl\/wp-content\/uploads\/2025\/05\/IMG-20250509-WA0002-768x576.jpg 768w, https:\/\/zde.wfosigw.zgora.pl\/wp-content\/uploads\/2025\/05\/IMG-20250509-WA0002-1536x1152.jpg 1536w, https:\/\/zde.wfosigw.zgora.pl\/wp-content\/uploads\/2025\/05\/IMG-20250509-WA0002.jpg 1600w\" sizes=\"auto, (max-width: 1024px) 100vw, 1024px\" \/><\/figure>\n\n\n\n<p>C\u00f3\u017c to by\u0142 za dzie\u0144! Dzi\u015b w siedzibie WFO\u015aiGW &nbsp;w Zielonej G\u00f3rze odby\u0142y si\u0119 Dni Otwarte Funduszy Europejskich, kt\u00f3re cieszy\u0142y si\u0119 ogromnym zainteresowaniem mieszka\u0144c\u00f3w Lubuskiego. Wydarzenie zorganizowali Doradcy Energetyczni Naszego Funduszu, kt\u00f3rzy z&nbsp;wielkim zaanga\u017cowaniem t\u0142umaczyli wszystkim zainteresowanym, jak skorzysta\u0107 z&nbsp;Funduszy Europejskich i jakie korzy\u015bci niesie zrealizowanie ekologicznych inwestycji.<\/p>\n\n\n\n<p>Rodziny z dzie\u0107mi mia\u0142y niepowtarzaln\u0105 okazj\u0119 dowiedzie\u0107 si\u0119, jak w prosty spos\u00f3b zadba\u0107 o&nbsp;przysz\u0142o\u015b\u0107 naszej planety. Dzieci uczestniczy\u0142y w interaktywnych lekcjach ekologicznych, kt\u00f3re dotyczy\u0142y tematyki segregacji odpad\u00f3w, recyklingu oraz \u015bwiadomych wybor\u00f3w zakupowych. W przerwach mog\u0142y odda\u0107 si\u0119 tw\u00f3rczo\u015bci, korzystaj\u0105c z przygotowanych ekologicznych kolorowanek, a tak\u017ce cieszy\u0107 si\u0119 smacznymi przek\u0105skami \u2013 jab\u0142kami oraz&nbsp;s\u0142odyczami, kt\u00f3re uwielbiaj\u0105 wszystkie maluchy.<\/p>\n\n\n\n<p>Jednak to nie koniec atrakcji! Najm\u0142odsze osoby mia\u0142y szans\u0119 zrobi\u0107 sobie zdj\u0119cie w&nbsp;elektrycznym samochodzie, kt\u00f3ry zosta\u0142 udost\u0119pniony przez WFO\u015aiGW w Zielonej G\u00f3rze. Dla dzieci by\u0142a to nie tylko \u015bwietna zabawa, ale tak\u017ce doskona\u0142a okazja, by zapozna\u0107 si\u0119&nbsp;z&nbsp;nowoczesn\u0105 i ekologiczn\u0105 motoryzacj\u0105.<\/p>\n\n\n\n<p>Wszyscy, kt\u00f3rzy rozwa\u017caj\u0105 termomodernizacj\u0119 swojego domu, wymian\u0119 pieca na bardziej ekologiczne \u017ar\u00f3d\u0142o ciep\u0142a, inwestycj\u0119 w panele fotowoltaiczne lub pompy ciep\u0142a, otrzymali fachowe porady od ekspert\u00f3w, kt\u00f3rzy pomogli wyja\u015bni\u0107 szczeg\u00f3\u0142y dost\u0119pnych program\u00f3w dofinansowania.<\/p>\n\n\n\n<p>Dzi\u0119kujemy wszystkim, kt\u00f3rzy licznie odwiedzili nasze wydarzenie i z entuzjazmem anga\u017cowali si\u0119 w rozmowy o przysz\u0142o\u015bci naszej planety. Wasze zainteresowanie ekologicznymi inwestycjami daje nadziej\u0119 na zielon\u0105 przysz\u0142o\u015b\u0107. Dzi\u0119kujemy r\u00f3wnie\u017c lubuskim mediom za&nbsp;obecno\u015b\u0107 i pomoc w promocji tego wydarzenia!<\/p>\n\n\n\n<p>Zach\u0119camy do dalszego anga\u017cowania si\u0119 w ekologiczne inwestycje, kt\u00f3re wsp\u00f3lnie przyczyni\u0105 si\u0119 do poprawy jako\u015bci \u017cycia i ochrony \u015brodowiska w naszym regionie.<\/p>\n\n\n\n<p>Razem mo\u017cemy zadba\u0107 o zielon\u0105 przysz\u0142o\u015b\u0107!<\/p>\n\n\n\n<p>Wydarzenie zorganizowane w ramach <strong>Projektu Doradztwa Energetycznego <\/strong>finansowanego w ramach<strong> FENIKS na lata 2021-2027.<\/strong><\/p>\n\n\n\n<p><strong>Og\u00f3lnopolski Projekt Doradztwa Energetycznego<\/strong> to operacja o znaczeniu strategicznym, kt\u00f3ra wnosi istotny wk\u0142ad w realizacj\u0119 cel\u00f3w programu FEnIKS 2021\u20132027.<\/p>\n\n\n\n<p><strong>Partner wiod\u0105cy:<\/strong> NFO\u015aiGW w Warszawie we wsp\u00f3\u0142pracy z 16 WFO\u015aiGW.<\/p>\n\n\n\n<p><a href=\"https:\/\/www.facebook.com\/hashtag\/funduszeeuropejskie?__eep__=6&amp;__cft__%5b0%5d=AZX_mGXzI29o87ENpYKLJsrGfFyFHsxi-Ptw5eJP3GOlcoh-I37x389j69vs-s7mB9rx32diqYE2WA3u8jGwf1eDoutQ2Ms8X_D2xD42OSlhGi94Gr-5985EMG8cYDnb3GK1Zt8O6E5vNir8cMQ3WFxFtA7Lz3gN6m8gUDyMmC7C-4BI4j3OuFS9U1PFl4DVJHw&amp;__tn__=*NK-R\">#FunduszeEuropejskie<\/a>&nbsp;<a href=\"https:\/\/www.facebook.com\/hashtag\/funduszeeu?__eep__=6&amp;__cft__%5b0%5d=AZX_mGXzI29o87ENpYKLJsrGfFyFHsxi-Ptw5eJP3GOlcoh-I37x389j69vs-s7mB9rx32diqYE2WA3u8jGwf1eDoutQ2Ms8X_D2xD42OSlhGi94Gr-5985EMG8cYDnb3GK1Zt8O6E5vNir8cMQ3WFxFtA7Lz3gN6m8gUDyMmC7C-4BI4j3OuFS9U1PFl4DVJHw&amp;__tn__=*NK-R\">#FunduszeEU<\/a><\/p>\n\n\n\n<figure class=\"wp-block-gallery has-nested-images columns-default is-cropped wp-block-gallery-1 is-layout-flex wp-block-gallery-is-layout-flex\">\n<figure class=\"wp-block-image size-large\"><img loading=\"lazy\" decoding=\"async\" width=\"1024\" height=\"768\" data-id=\"777\" src=\"https:\/\/zde.wfosigw.zgora.pl\/wp-content\/uploads\/2025\/05\/IMG_20250509_092609820_HDR-1-1024x768.jpg\" alt=\"\" class=\"wp-image-777\" srcset=\"https:\/\/zde.wfosigw.zgora.pl\/wp-content\/uploads\/2025\/05\/IMG_20250509_092609820_HDR-1-1024x768.jpg 1024w, https:\/\/zde.wfosigw.zgora.pl\/wp-content\/uploads\/2025\/05\/IMG_20250509_092609820_HDR-1-300x225.jpg 300w, https:\/\/zde.wfosigw.zgora.pl\/wp-content\/uploads\/2025\/05\/IMG_20250509_092609820_HDR-1-768x576.jpg 768w, https:\/\/zde.wfosigw.zgora.pl\/wp-content\/uploads\/2025\/05\/IMG_20250509_092609820_HDR-1-1536x1152.jpg 1536w, https:\/\/zde.wfosigw.zgora.pl\/wp-content\/uploads\/2025\/05\/IMG_20250509_092609820_HDR-1-2048x1536.jpg 2048w\" sizes=\"auto, (max-width: 1024px) 100vw, 1024px\" \/><\/figure>\n\n\n\n<figure class=\"wp-block-image size-large\"><img loading=\"lazy\" decoding=\"async\" width=\"1024\" height=\"768\" data-id=\"778\" src=\"https:\/\/zde.wfosigw.zgora.pl\/wp-content\/uploads\/2025\/05\/IMG_20250509_135825173_HDR-1024x768.jpg\" alt=\"\" class=\"wp-image-778\" srcset=\"https:\/\/zde.wfosigw.zgora.pl\/wp-content\/uploads\/2025\/05\/IMG_20250509_135825173_HDR-1024x768.jpg 1024w, https:\/\/zde.wfosigw.zgora.pl\/wp-content\/uploads\/2025\/05\/IMG_20250509_135825173_HDR-300x225.jpg 300w, https:\/\/zde.wfosigw.zgora.pl\/wp-content\/uploads\/2025\/05\/IMG_20250509_135825173_HDR-768x576.jpg 768w, https:\/\/zde.wfosigw.zgora.pl\/wp-content\/uploads\/2025\/05\/IMG_20250509_135825173_HDR-1536x1152.jpg 1536w, https:\/\/zde.wfosigw.zgora.pl\/wp-content\/uploads\/2025\/05\/IMG_20250509_135825173_HDR-2048x1536.jpg 2048w\" sizes=\"auto, (max-width: 1024px) 100vw, 1024px\" \/><\/figure>\n\n\n\n<figure class=\"wp-block-image size-large\"><img loading=\"lazy\" decoding=\"async\" width=\"1024\" height=\"768\" data-id=\"774\" src=\"https:\/\/zde.wfosigw.zgora.pl\/wp-content\/uploads\/2025\/05\/IMG-20250509-WA0002-1-1024x768.jpg\" alt=\"\" class=\"wp-image-774\" srcset=\"https:\/\/zde.wfosigw.zgora.pl\/wp-content\/uploads\/2025\/05\/IMG-20250509-WA0002-1-1024x768.jpg 1024w, https:\/\/zde.wfosigw.zgora.pl\/wp-content\/uploads\/2025\/05\/IMG-20250509-WA0002-1-300x225.jpg 300w, https:\/\/zde.wfosigw.zgora.pl\/wp-content\/uploads\/2025\/05\/IMG-20250509-WA0002-1-768x576.jpg 768w, https:\/\/zde.wfosigw.zgora.pl\/wp-content\/uploads\/2025\/05\/IMG-20250509-WA0002-1-1536x1152.jpg 1536w, https:\/\/zde.wfosigw.zgora.pl\/wp-content\/uploads\/2025\/05\/IMG-20250509-WA0002-1.jpg 1600w\" sizes=\"auto, (max-width: 1024px) 100vw, 1024px\" \/><\/figure>\n\n\n\n<figure class=\"wp-block-image size-large\"><img loading=\"lazy\" decoding=\"async\" width=\"768\" height=\"1024\" data-id=\"775\" src=\"https:\/\/zde.wfosigw.zgora.pl\/wp-content\/uploads\/2025\/05\/IMG-20250509-WA0006-768x1024.jpg\" alt=\"\" class=\"wp-image-775\" srcset=\"https:\/\/zde.wfosigw.zgora.pl\/wp-content\/uploads\/2025\/05\/IMG-20250509-WA0006-768x1024.jpg 768w, https:\/\/zde.wfosigw.zgora.pl\/wp-content\/uploads\/2025\/05\/IMG-20250509-WA0006-225x300.jpg 225w, https:\/\/zde.wfosigw.zgora.pl\/wp-content\/uploads\/2025\/05\/IMG-20250509-WA0006-1152x1536.jpg 1152w, https:\/\/zde.wfosigw.zgora.pl\/wp-content\/uploads\/2025\/05\/IMG-20250509-WA0006.jpg 1200w\" sizes=\"auto, (max-width: 768px) 100vw, 768px\" \/><\/figure>\n\n\n\n<figure class=\"wp-block-image size-large\"><img loading=\"lazy\" decoding=\"async\" width=\"768\" height=\"1024\" data-id=\"776\" src=\"https:\/\/zde.wfosigw.zgora.pl\/wp-content\/uploads\/2025\/05\/IMG-20250509-WA0008-768x1024.jpg\" alt=\"\" class=\"wp-image-776\" srcset=\"https:\/\/zde.wfosigw.zgora.pl\/wp-content\/uploads\/2025\/05\/IMG-20250509-WA0008-768x1024.jpg 768w, https:\/\/zde.wfosigw.zgora.pl\/wp-content\/uploads\/2025\/05\/IMG-20250509-WA0008-225x300.jpg 225w, https:\/\/zde.wfosigw.zgora.pl\/wp-content\/uploads\/2025\/05\/IMG-20250509-WA0008-1152x1536.jpg 1152w, https:\/\/zde.wfosigw.zgora.pl\/wp-content\/uploads\/2025\/05\/IMG-20250509-WA0008.jpg 1200w\" sizes=\"auto, (max-width: 768px) 100vw, 768px\" \/><\/figure>\n\n\n\n<figure class=\"wp-block-image size-large\"><img loading=\"lazy\" decoding=\"async\" width=\"867\" height=\"1024\" data-id=\"779\" src=\"https:\/\/zde.wfosigw.zgora.pl\/wp-content\/uploads\/2025\/05\/IMG20250509114332-867x1024.jpg\" alt=\"\" class=\"wp-image-779\" srcset=\"https:\/\/zde.wfosigw.zgora.pl\/wp-content\/uploads\/2025\/05\/IMG20250509114332-867x1024.jpg 867w, https:\/\/zde.wfosigw.zgora.pl\/wp-content\/uploads\/2025\/05\/IMG20250509114332-254x300.jpg 254w, https:\/\/zde.wfosigw.zgora.pl\/wp-content\/uploads\/2025\/05\/IMG20250509114332-768x907.jpg 768w, https:\/\/zde.wfosigw.zgora.pl\/wp-content\/uploads\/2025\/05\/IMG20250509114332-1301x1536.jpg 1301w, https:\/\/zde.wfosigw.zgora.pl\/wp-content\/uploads\/2025\/05\/IMG20250509114332-1734x2048.jpg 1734w\" sizes=\"auto, (max-width: 867px) 100vw, 867px\" \/><\/figure>\n<\/figure>\n","protected":false},"excerpt":{"rendered":"<p>C\u00f3\u017c to by\u0142 za dzie\u0144! Dzi\u015b w siedzibie WFO\u015aiGW &nbsp;w Zielonej G\u00f3rze odby\u0142y si\u0119 Dni Otwarte Funduszy Europejskich, kt\u00f3re cieszy\u0142y si\u0119 ogromnym zainteresowaniem mieszka\u0144c\u00f3w Lubuskiego. Wydarzenie zorganizowali Doradcy Energetyczni Naszego Funduszu, kt\u00f3rzy z&nbsp;wielkim zaanga\u017cowaniem t\u0142umaczyli wszystkim zainteresowanym, jak skorzysta\u0107 z&nbsp;Funduszy Europejskich i jakie korzy\u015bci niesie zrealizowanie ekologicznych inwestycji. Rodziny z dzie\u0107mi mia\u0142y niepowtarzaln\u0105 okazj\u0119 dowiedzie\u0107&hellip;&nbsp;<a href=\"https:\/\/zde.wfosigw.zgora.pl\/index.php\/2025\/05\/09\/ku-zielonej-przyszlosci-z-funduszami-europejskimi-dni-otwarte-w-zielonej-gorze\/\" rel=\"bookmark\">Dowiedz si\u0119 wi\u0119cej &raquo;<span class=\"screen-reader-text\">Ku Zielonej Przysz\u0142o\u015bci z Funduszami Europejskimi \u2013 Dni Otwarte w\u00a0Zielonej G\u00f3rze!<\/span><\/a><\/p>\n","protected":false},"author":3,"featured_media":772,"comment_status":"closed","ping_status":"closed","sticky":false,"template":"","format":"standard","meta":{"neve_meta_sidebar":"","neve_meta_container":"","neve_meta_enable_content_width":"","neve_meta_content_width":0,"neve_meta_title_alignment":"","neve_meta_author_avatar":"","neve_post_elements_order":"","neve_meta_disable_header":"","neve_meta_disable_footer":"","neve_meta_disable_title":"","_themeisle_gutenberg_block_has_review":false,"footnotes":""},"categories":[8],"tags":[],"class_list":["post-771","post","type-post","status-publish","format-standard","has-post-thumbnail","hentry","category-aktualnosci"],"_links":{"self":[{"href":"https:\/\/zde.wfosigw.zgora.pl\/index.php\/wp-json\/wp\/v2\/posts\/771","targetHints":{"allow":["GET"]}}],"collection":[{"href":"https:\/\/zde.wfosigw.zgora.pl\/index.php\/wp-json\/wp\/v2\/posts"}],"about":[{"href":"https:\/\/zde.wfosigw.zgora.pl\/index.php\/wp-json\/wp\/v2\/types\/post"}],"author":[{"embeddable":true,"href":"https:\/\/zde.wfosigw.zgora.pl\/index.php\/wp-json\/wp\/v2\/users\/3"}],"replies":[{"embeddable":true,"href":"https:\/\/zde.wfosigw.zgora.pl\/index.php\/wp-json\/wp\/v2\/comments?post=771"}],"version-history":[{"count":1,"href":"https:\/\/zde.wfosigw.zgora.pl\/index.php\/wp-json\/wp\/v2\/posts\/771\/revisions"}],"predecessor-version":[{"id":780,"href":"https:\/\/zde.wfosigw.zgora.pl\/index.php\/wp-json\/wp\/v2\/posts\/771\/revisions\/780"}],"wp:featuredmedia":[{"embeddable":true,"href":"https:\/\/zde.wfosigw.zgora.pl\/index.php\/wp-json\/wp\/v2\/media\/772"}],"wp:attachment":[{"href":"https:\/\/zde.wfosigw.zgora.pl\/index.php\/wp-json\/wp\/v2\/media?parent=771"}],"wp:term":[{"taxonomy":"category","embeddable":true,"href":"https:\/\/zde.wfosigw.zgora.pl\/index.php\/wp-json\/wp\/v2\/categories?post=771"},{"taxonomy":"post_tag","embeddable":true,"href":"https:\/\/zde.wfosigw.zgora.pl\/index.php\/wp-json\/wp\/v2\/tags?post=771"}],"curies":[{"name":"wp","href":"https:\/\/api.w.org\/{rel}","templated":true}]}}