{"id":781,"date":"2025-05-12T07:45:32","date_gmt":"2025-05-12T06:45:32","guid":{"rendered":"https:\/\/zde.wfosigw.zgora.pl\/?p=781"},"modified":"2025-05-28T10:43:27","modified_gmt":"2025-05-28T09:43:27","slug":"zapraszamy-na-szkolenie-podstawowe-dla-kandydatow-na-energetykow-gminnych","status":"publish","type":"post","link":"https:\/\/zde.wfosigw.zgora.pl\/index.php\/2025\/05\/12\/zapraszamy-na-szkolenie-podstawowe-dla-kandydatow-na-energetykow-gminnych\/","title":{"rendered":"Zapraszamy na  szkolenie podstawowe dla Kandydat\u00f3w na Energetyk\u00f3w Gminnych!"},"content":{"rendered":"\n<figure class=\"wp-block-image size-large\"><img loading=\"lazy\" decoding=\"async\" width=\"1024\" height=\"1024\" src=\"https:\/\/zde.wfosigw.zgora.pl\/wp-content\/uploads\/2025\/05\/Szkolenie-Energetycy-1024x1024.png\" alt=\"\" class=\"wp-image-782\" srcset=\"https:\/\/zde.wfosigw.zgora.pl\/wp-content\/uploads\/2025\/05\/Szkolenie-Energetycy-1024x1024.png 1024w, https:\/\/zde.wfosigw.zgora.pl\/wp-content\/uploads\/2025\/05\/Szkolenie-Energetycy-300x300.png 300w, https:\/\/zde.wfosigw.zgora.pl\/wp-content\/uploads\/2025\/05\/Szkolenie-Energetycy-150x150.png 150w, https:\/\/zde.wfosigw.zgora.pl\/wp-content\/uploads\/2025\/05\/Szkolenie-Energetycy-768x768.png 768w, https:\/\/zde.wfosigw.zgora.pl\/wp-content\/uploads\/2025\/05\/Szkolenie-Energetycy.png 1080w\" sizes=\"auto, (max-width: 1024px) 100vw, 1024px\" \/><\/figure>\n\n\n\n<p><strong>Szanowni Pa\u0144stwo<\/strong>,<\/p>\n\n\n\n<p>Wojew\u00f3dzki Fundusz Ochrony \u015arodowiska i Gospodarki Wodnej w Zielonej G\u00f3rze przyst\u0119puje do organizacji kolejnej, <strong>VI tury szkole\u0144 podstawowych dla Kandydat\u00f3w na Energetyk\u00f3w Gminnych<\/strong>.<\/p>\n\n\n\n<p>Obecna tura szkolenia skierowana jest, tak jak poprzednie, do pracownik\u00f3w gmin wojew\u00f3dztwa lubuskiego oraz os\u00f3b zg\u0142oszonych przez JST, kt\u00f3re nie odby\u0142y do tej pory szkolenia podstawowego.<\/p>\n\n\n\n<p>Zach\u0119camy Pa\u0144stwa do uczestnictwa w tej formie dokszta\u0142cania gminnej kadry samorz\u0105dowej, tym bardziej, \u017ce program szkolenia obejmuje tak\u017ce zakres aktualnie wdra\u017canych i realizowanych priorytetowych program\u00f3w w dziedzinie efektywno\u015bci energetycznej i OZE w Polsce.<\/p>\n\n\n\n<p><strong>Wst\u0119pne zg\u0142oszenia uczestnik\u00f3w mo\u017cna przesy\u0142a\u0107 najp\u00f3\u017aniej do 23.05.2025 r. drog\u0105 elektroniczn\u0105 &#8211; e-mail: <a href=\"mailto:doradztwo@wfosigw.zgora.pl\">doradztwo@wfosigw.zgora.pl<\/a>. W temacie wiadomo\u015bci zwrotnej prosimy o wpisanie: Szkolenie Energetyk\u00f3w Gminnych VI tura.<\/strong><\/p>\n\n\n\n<p>Po otrzymaniu wst\u0119pnych zg\u0142osze\u0144 b\u0119dziemy mogli rozpocz\u0105\u0107 procedur\u0119 organizacyjn\u0105.<\/p>\n\n\n\n<p>W najbli\u017cszych dniach informacja ta zostanie r\u00f3wnie\u017c opublikowana na naszej stronie internetowej<\/p>\n\n\n\n<p>Zach\u0119camy zatem do przes\u0142ania wst\u0119pnych deklaracji udzia\u0142u, podaj\u0105c ilo\u015b\u0107 os\u00f3b z Pa\u0144stwa jednostki organizacyjnej, kt\u00f3re wezm\u0105 udzia\u0142 w planowanym szkoleniu.<\/p>\n\n\n\n<p class=\"has-text-align-center\"><strong>Og\u00f3lnopolski Projekt Doradztwa Energetycznego<\/strong> to operacja o znaczeniu strategicznym, kt\u00f3ra wnosi istotny wk\u0142ad w realizacj\u0119 cel\u00f3w programu FEnIKS 2021\u20132027.<\/p>\n\n\n\n<p class=\"has-text-align-center\"><strong>Partner wiod\u0105cy:<\/strong> NFO\u015aiGW w Warszawie we wsp\u00f3\u0142pracy z 16 WFO\u015aiGW.<\/p>\n\n\n\n<p class=\"has-text-align-center\"><a href=\"https:\/\/www.facebook.com\/hashtag\/funduszeeuropejskie?__eep__=6&amp;__cft__%5b0%5d=AZX_mGXzI29o87ENpYKLJsrGfFyFHsxi-Ptw5eJP3GOlcoh-I37x389j69vs-s7mB9rx32diqYE2WA3u8jGwf1eDoutQ2Ms8X_D2xD42OSlhGi94Gr-5985EMG8cYDnb3GK1Zt8O6E5vNir8cMQ3WFxFtA7Lz3gN6m8gUDyMmC7C-4BI4j3OuFS9U1PFl4DVJHw&amp;__tn__=*NK-R\">#FunduszeEuropejskie<\/a>&nbsp;<a href=\"https:\/\/www.facebook.com\/hashtag\/funduszeeu?__eep__=6&amp;__cft__%5b0%5d=AZX_mGXzI29o87ENpYKLJsrGfFyFHsxi-Ptw5eJP3GOlcoh-I37x389j69vs-s7mB9rx32diqYE2WA3u8jGwf1eDoutQ2Ms8X_D2xD42OSlhGi94Gr-5985EMG8cYDnb3GK1Zt8O6E5vNir8cMQ3WFxFtA7Lz3gN6m8gUDyMmC7C-4BI4j3OuFS9U1PFl4DVJHw&amp;__tn__=*NK-R\">#FunduszeEU<\/a><\/p>\n\n\n\n<p><\/p>\n","protected":false},"excerpt":{"rendered":"<p>Szanowni Pa\u0144stwo, Wojew\u00f3dzki Fundusz Ochrony \u015arodowiska i Gospodarki Wodnej w Zielonej G\u00f3rze przyst\u0119puje do organizacji kolejnej, VI tury szkole\u0144 podstawowych dla Kandydat\u00f3w na Energetyk\u00f3w Gminnych. Obecna tura szkolenia skierowana jest, tak jak poprzednie, do pracownik\u00f3w gmin wojew\u00f3dztwa lubuskiego oraz os\u00f3b zg\u0142oszonych przez JST, kt\u00f3re nie odby\u0142y do tej pory szkolenia podstawowego. Zach\u0119camy Pa\u0144stwa do uczestnictwa&hellip;&nbsp;<a href=\"https:\/\/zde.wfosigw.zgora.pl\/index.php\/2025\/05\/12\/zapraszamy-na-szkolenie-podstawowe-dla-kandydatow-na-energetykow-gminnych\/\" rel=\"bookmark\">Dowiedz si\u0119 wi\u0119cej &raquo;<span class=\"screen-reader-text\">Zapraszamy na  szkolenie podstawowe dla Kandydat\u00f3w na Energetyk\u00f3w Gminnych!<\/span><\/a><\/p>\n","protected":false},"author":3,"featured_media":782,"comment_status":"closed","ping_status":"closed","sticky":false,"template":"","format":"standard","meta":{"neve_meta_sidebar":"","neve_meta_container":"","neve_meta_enable_content_width":"","neve_meta_content_width":0,"neve_meta_title_alignment":"","neve_meta_author_avatar":"","neve_post_elements_order":"","neve_meta_disable_header":"","neve_meta_disable_footer":"","neve_meta_disable_title":"","_themeisle_gutenberg_block_has_review":false,"footnotes":""},"categories":[8],"tags":[],"class_list":["post-781","post","type-post","status-publish","format-standard","has-post-thumbnail","hentry","category-aktualnosci"],"_links":{"self":[{"href":"https:\/\/zde.wfosigw.zgora.pl\/index.php\/wp-json\/wp\/v2\/posts\/781","targetHints":{"allow":["GET"]}}],"collection":[{"href":"https:\/\/zde.wfosigw.zgora.pl\/index.php\/wp-json\/wp\/v2\/posts"}],"about":[{"href":"https:\/\/zde.wfosigw.zgora.pl\/index.php\/wp-json\/wp\/v2\/types\/post"}],"author":[{"embeddable":true,"href":"https:\/\/zde.wfosigw.zgora.pl\/index.php\/wp-json\/wp\/v2\/users\/3"}],"replies":[{"embeddable":true,"href":"https:\/\/zde.wfosigw.zgora.pl\/index.php\/wp-json\/wp\/v2\/comments?post=781"}],"version-history":[{"count":2,"href":"https:\/\/zde.wfosigw.zgora.pl\/index.php\/wp-json\/wp\/v2\/posts\/781\/revisions"}],"predecessor-version":[{"id":841,"href":"https:\/\/zde.wfosigw.zgora.pl\/index.php\/wp-json\/wp\/v2\/posts\/781\/revisions\/841"}],"wp:featuredmedia":[{"embeddable":true,"href":"https:\/\/zde.wfosigw.zgora.pl\/index.php\/wp-json\/wp\/v2\/media\/782"}],"wp:attachment":[{"href":"https:\/\/zde.wfosigw.zgora.pl\/index.php\/wp-json\/wp\/v2\/media?parent=781"}],"wp:term":[{"taxonomy":"category","embeddable":true,"href":"https:\/\/zde.wfosigw.zgora.pl\/index.php\/wp-json\/wp\/v2\/categories?post=781"},{"taxonomy":"post_tag","embeddable":true,"href":"https:\/\/zde.wfosigw.zgora.pl\/index.php\/wp-json\/wp\/v2\/tags?post=781"}],"curies":[{"name":"wp","href":"https:\/\/api.w.org\/{rel}","templated":true}]}}