{"id":786,"date":"2025-05-19T09:41:00","date_gmt":"2025-05-19T08:41:00","guid":{"rendered":"https:\/\/zde.wfosigw.zgora.pl\/?p=786"},"modified":"2025-05-19T09:41:01","modified_gmt":"2025-05-19T08:41:01","slug":"energia-wiedzy-i-innowacji-doradcy-energetyczni-wfosigw-na-konferencji-technicznej-axon-media-w-zielonej-gorze","status":"publish","type":"post","link":"https:\/\/zde.wfosigw.zgora.pl\/index.php\/2025\/05\/19\/energia-wiedzy-i-innowacji-doradcy-energetyczni-wfosigw-na-konferencji-technicznej-axon-media-w-zielonej-gorze\/","title":{"rendered":"Energia wiedzy i innowacji \u2013 Doradcy Energetyczni WFO\u015aiGW na Konferencji Technicznej Axon Media w Zielonej G\u00f3rze"},"content":{"rendered":"\n<figure class=\"wp-block-image size-full is-resized\"><img loading=\"lazy\" decoding=\"async\" width=\"604\" height=\"61\" src=\"https:\/\/zde.wfosigw.zgora.pl\/wp-content\/uploads\/2025\/04\/image.png\" alt=\"\" class=\"wp-image-761\" style=\"width:819px;height:auto\" srcset=\"https:\/\/zde.wfosigw.zgora.pl\/wp-content\/uploads\/2025\/04\/image.png 604w, https:\/\/zde.wfosigw.zgora.pl\/wp-content\/uploads\/2025\/04\/image-300x30.png 300w\" sizes=\"auto, (max-width: 604px) 100vw, 604px\" \/><\/figure>\n\n\n\n<figure class=\"wp-block-image size-large\"><img loading=\"lazy\" decoding=\"async\" width=\"1024\" height=\"768\" src=\"https:\/\/zde.wfosigw.zgora.pl\/wp-content\/uploads\/2025\/05\/IMG-20250519-WA0000-\u2014-kopia-1024x768.jpg\" alt=\"\" class=\"wp-image-787\" srcset=\"https:\/\/zde.wfosigw.zgora.pl\/wp-content\/uploads\/2025\/05\/IMG-20250519-WA0000-\u2014-kopia-1024x768.jpg 1024w, https:\/\/zde.wfosigw.zgora.pl\/wp-content\/uploads\/2025\/05\/IMG-20250519-WA0000-\u2014-kopia-300x225.jpg 300w, https:\/\/zde.wfosigw.zgora.pl\/wp-content\/uploads\/2025\/05\/IMG-20250519-WA0000-\u2014-kopia-768x576.jpg 768w, https:\/\/zde.wfosigw.zgora.pl\/wp-content\/uploads\/2025\/05\/IMG-20250519-WA0000-\u2014-kopia-1536x1152.jpg 1536w, https:\/\/zde.wfosigw.zgora.pl\/wp-content\/uploads\/2025\/05\/IMG-20250519-WA0000-\u2014-kopia.jpg 1600w\" sizes=\"auto, (max-width: 1024px) 100vw, 1024px\" \/><\/figure>\n\n\n\n<p>15 maja w Zielonej G\u00f3rze odby\u0142a si\u0119 Konferencja Techniczna Axon Media po\u015bwi\u0119cona efektywno\u015bci energetycznej w produkcji. W wydarzeniu wzi\u0119li udzia\u0142 r\u00f3wnie\u017c Doradcy Energetyczni Wojew\u00f3dzkiego Funduszu Ochrony \u015arodowiska i&nbsp;Gospodarki Wodnej w Zielonej G\u00f3rze, kt\u00f3rzy aktywnie uczestniczyli w prelekcjach, warsztatach i spotkaniach bran\u017cowych, dziel\u0105c si\u0119 swoj\u0105 wiedz\u0105 oraz&nbsp;do\u015bwiadczeniem w zakresie optymalizacji zu\u017cycia energii.<\/p>\n\n\n\n<p>Podczas konferencji uczestnicy mogli wys\u0142ucha\u0107 ponad 30 specjalistycznych wyst\u0105pie\u0144, wzi\u0105\u0107 udzia\u0142 w praktycznych warsztatach oraz odwiedzi\u0107 stref\u0119 wystawiennicz\u0105, gdzie zaprezentowa\u0142o si\u0119 blisko 40 firm oferuj\u0105cych innowacyjne rozwi\u0105zania dla przemys\u0142u. W centrum uwagi znalaz\u0142y si\u0119 najnowsze technologie, strategie poprawy efektywno\u015bci energetycznej oraz praktyczne narz\u0119dzia wspieraj\u0105ce zr\u00f3wnowa\u017cony rozw\u00f3j.<\/p>\n\n\n\n<p>Obecno\u015b\u0107 Doradc\u00f3w Energetycznych stanowi\u0142a cenne wsparcie merytoryczne dla&nbsp;uczestnik\u00f3w i by\u0142a doskona\u0142\u0105 okazj\u0105 do wymiany do\u015bwiadcze\u0144, nawi\u0105zania nowych kontakt\u00f3w oraz om\u00f3wienia konkretnych rozwi\u0105za\u0144 wspieraj\u0105cych efektywne zarz\u0105dzanie energi\u0105 w zak\u0142adach produkcyjnych. Konferencja pokaza\u0142a, \u017ce po\u0142\u0105czenie wiedzy, technologii i wsp\u00f3\u0142pracy mi\u0119dzysektorowej to klucz do&nbsp;energooszcz\u0119dnej przysz\u0142o\u015bci przemys\u0142u.<\/p>\n\n\n\n<p class=\"has-text-align-center\"><strong>Og\u00f3lnopolski Projekt Doradztwa Energetycznego<\/strong> to operacja o znaczeniu strategicznym, kt\u00f3ra wnosi istotny wk\u0142ad w realizacj\u0119 cel\u00f3w programu FEnIKS 2021\u20132027.<\/p>\n\n\n\n<p class=\"has-text-align-center\"><strong>Partner wiod\u0105cy:<\/strong> NFO\u015aiGW w Warszawie we wsp\u00f3\u0142pracy z 16 WFO\u015aiGW.<\/p>\n\n\n\n<p class=\"has-text-align-center\"><a href=\"https:\/\/www.facebook.com\/hashtag\/funduszeeuropejskie?__eep__=6&amp;__cft__%5b0%5d=AZX_mGXzI29o87ENpYKLJsrGfFyFHsxi-Ptw5eJP3GOlcoh-I37x389j69vs-s7mB9rx32diqYE2WA3u8jGwf1eDoutQ2Ms8X_D2xD42OSlhGi94Gr-5985EMG8cYDnb3GK1Zt8O6E5vNir8cMQ3WFxFtA7Lz3gN6m8gUDyMmC7C-4BI4j3OuFS9U1PFl4DVJHw&amp;__tn__=*NK-R\">#FunduszeEuropejskie<\/a>&nbsp;<a href=\"https:\/\/www.facebook.com\/hashtag\/funduszeeu?__eep__=6&amp;__cft__%5b0%5d=AZX_mGXzI29o87ENpYKLJsrGfFyFHsxi-Ptw5eJP3GOlcoh-I37x389j69vs-s7mB9rx32diqYE2WA3u8jGwf1eDoutQ2Ms8X_D2xD42OSlhGi94Gr-5985EMG8cYDnb3GK1Zt8O6E5vNir8cMQ3WFxFtA7Lz3gN6m8gUDyMmC7C-4BI4j3OuFS9U1PFl4DVJHw&amp;__tn__=*NK-R\">#FunduszeEU<\/a><\/p>\n\n\n\n<figure class=\"wp-block-gallery has-nested-images columns-default is-cropped wp-block-gallery-1 is-layout-flex wp-block-gallery-is-layout-flex\">\n<figure class=\"wp-block-image size-large\"><img loading=\"lazy\" decoding=\"async\" width=\"1024\" height=\"768\" data-id=\"793\" src=\"https:\/\/zde.wfosigw.zgora.pl\/wp-content\/uploads\/2025\/05\/IMG-20250519-WA0006-\u2014-kopia-1024x768.jpg\" alt=\"\" class=\"wp-image-793\" srcset=\"https:\/\/zde.wfosigw.zgora.pl\/wp-content\/uploads\/2025\/05\/IMG-20250519-WA0006-\u2014-kopia-1024x768.jpg 1024w, https:\/\/zde.wfosigw.zgora.pl\/wp-content\/uploads\/2025\/05\/IMG-20250519-WA0006-\u2014-kopia-300x225.jpg 300w, https:\/\/zde.wfosigw.zgora.pl\/wp-content\/uploads\/2025\/05\/IMG-20250519-WA0006-\u2014-kopia-768x576.jpg 768w, https:\/\/zde.wfosigw.zgora.pl\/wp-content\/uploads\/2025\/05\/IMG-20250519-WA0006-\u2014-kopia-1536x1152.jpg 1536w, https:\/\/zde.wfosigw.zgora.pl\/wp-content\/uploads\/2025\/05\/IMG-20250519-WA0006-\u2014-kopia.jpg 1600w\" sizes=\"auto, (max-width: 1024px) 100vw, 1024px\" \/><\/figure>\n\n\n\n<figure class=\"wp-block-image size-large\"><img loading=\"lazy\" decoding=\"async\" width=\"768\" height=\"1024\" data-id=\"792\" src=\"https:\/\/zde.wfosigw.zgora.pl\/wp-content\/uploads\/2025\/05\/IMG-20250519-WA0005-768x1024.jpg\" alt=\"\" class=\"wp-image-792\" srcset=\"https:\/\/zde.wfosigw.zgora.pl\/wp-content\/uploads\/2025\/05\/IMG-20250519-WA0005-768x1024.jpg 768w, https:\/\/zde.wfosigw.zgora.pl\/wp-content\/uploads\/2025\/05\/IMG-20250519-WA0005-225x300.jpg 225w, https:\/\/zde.wfosigw.zgora.pl\/wp-content\/uploads\/2025\/05\/IMG-20250519-WA0005-1152x1536.jpg 1152w, https:\/\/zde.wfosigw.zgora.pl\/wp-content\/uploads\/2025\/05\/IMG-20250519-WA0005.jpg 1200w\" sizes=\"auto, (max-width: 768px) 100vw, 768px\" \/><\/figure>\n\n\n\n<figure class=\"wp-block-image size-large\"><img loading=\"lazy\" decoding=\"async\" width=\"768\" height=\"1024\" data-id=\"791\" src=\"https:\/\/zde.wfosigw.zgora.pl\/wp-content\/uploads\/2025\/05\/IMG-20250519-WA0004-768x1024.jpg\" alt=\"\" class=\"wp-image-791\" srcset=\"https:\/\/zde.wfosigw.zgora.pl\/wp-content\/uploads\/2025\/05\/IMG-20250519-WA0004-768x1024.jpg 768w, https:\/\/zde.wfosigw.zgora.pl\/wp-content\/uploads\/2025\/05\/IMG-20250519-WA0004-225x300.jpg 225w, https:\/\/zde.wfosigw.zgora.pl\/wp-content\/uploads\/2025\/05\/IMG-20250519-WA0004-1152x1536.jpg 1152w, https:\/\/zde.wfosigw.zgora.pl\/wp-content\/uploads\/2025\/05\/IMG-20250519-WA0004.jpg 1200w\" sizes=\"auto, (max-width: 768px) 100vw, 768px\" \/><\/figure>\n\n\n\n<figure class=\"wp-block-image size-large\"><img loading=\"lazy\" decoding=\"async\" width=\"1024\" height=\"768\" data-id=\"790\" src=\"https:\/\/zde.wfosigw.zgora.pl\/wp-content\/uploads\/2025\/05\/IMG-20250519-WA0003-1024x768.jpg\" alt=\"\" class=\"wp-image-790\" srcset=\"https:\/\/zde.wfosigw.zgora.pl\/wp-content\/uploads\/2025\/05\/IMG-20250519-WA0003-1024x768.jpg 1024w, https:\/\/zde.wfosigw.zgora.pl\/wp-content\/uploads\/2025\/05\/IMG-20250519-WA0003-300x225.jpg 300w, https:\/\/zde.wfosigw.zgora.pl\/wp-content\/uploads\/2025\/05\/IMG-20250519-WA0003-768x576.jpg 768w, https:\/\/zde.wfosigw.zgora.pl\/wp-content\/uploads\/2025\/05\/IMG-20250519-WA0003-1536x1152.jpg 1536w, https:\/\/zde.wfosigw.zgora.pl\/wp-content\/uploads\/2025\/05\/IMG-20250519-WA0003.jpg 1600w\" sizes=\"auto, (max-width: 1024px) 100vw, 1024px\" \/><\/figure>\n\n\n\n<figure class=\"wp-block-image size-large\"><img loading=\"lazy\" decoding=\"async\" width=\"1024\" height=\"768\" data-id=\"789\" src=\"https:\/\/zde.wfosigw.zgora.pl\/wp-content\/uploads\/2025\/05\/IMG-20250519-WA0002-\u2014-kopia-1024x768.jpg\" alt=\"\" class=\"wp-image-789\" srcset=\"https:\/\/zde.wfosigw.zgora.pl\/wp-content\/uploads\/2025\/05\/IMG-20250519-WA0002-\u2014-kopia-1024x768.jpg 1024w, https:\/\/zde.wfosigw.zgora.pl\/wp-content\/uploads\/2025\/05\/IMG-20250519-WA0002-\u2014-kopia-300x225.jpg 300w, https:\/\/zde.wfosigw.zgora.pl\/wp-content\/uploads\/2025\/05\/IMG-20250519-WA0002-\u2014-kopia-768x576.jpg 768w, https:\/\/zde.wfosigw.zgora.pl\/wp-content\/uploads\/2025\/05\/IMG-20250519-WA0002-\u2014-kopia-1536x1152.jpg 1536w, https:\/\/zde.wfosigw.zgora.pl\/wp-content\/uploads\/2025\/05\/IMG-20250519-WA0002-\u2014-kopia.jpg 1600w\" sizes=\"auto, (max-width: 1024px) 100vw, 1024px\" \/><\/figure>\n\n\n\n<figure class=\"wp-block-image size-large\"><img loading=\"lazy\" decoding=\"async\" width=\"1024\" height=\"768\" data-id=\"788\" src=\"https:\/\/zde.wfosigw.zgora.pl\/wp-content\/uploads\/2025\/05\/IMG-20250519-WA0001-\u2014-kopia-1024x768.jpg\" alt=\"\" class=\"wp-image-788\" srcset=\"https:\/\/zde.wfosigw.zgora.pl\/wp-content\/uploads\/2025\/05\/IMG-20250519-WA0001-\u2014-kopia-1024x768.jpg 1024w, https:\/\/zde.wfosigw.zgora.pl\/wp-content\/uploads\/2025\/05\/IMG-20250519-WA0001-\u2014-kopia-300x225.jpg 300w, https:\/\/zde.wfosigw.zgora.pl\/wp-content\/uploads\/2025\/05\/IMG-20250519-WA0001-\u2014-kopia-768x576.jpg 768w, https:\/\/zde.wfosigw.zgora.pl\/wp-content\/uploads\/2025\/05\/IMG-20250519-WA0001-\u2014-kopia-1536x1152.jpg 1536w, https:\/\/zde.wfosigw.zgora.pl\/wp-content\/uploads\/2025\/05\/IMG-20250519-WA0001-\u2014-kopia.jpg 1600w\" sizes=\"auto, (max-width: 1024px) 100vw, 1024px\" \/><\/figure>\n\n\n\n<figure class=\"wp-block-image size-large\"><img loading=\"lazy\" decoding=\"async\" width=\"1024\" height=\"768\" data-id=\"787\" src=\"https:\/\/zde.wfosigw.zgora.pl\/wp-content\/uploads\/2025\/05\/IMG-20250519-WA0000-\u2014-kopia-1024x768.jpg\" alt=\"\" class=\"wp-image-787\" srcset=\"https:\/\/zde.wfosigw.zgora.pl\/wp-content\/uploads\/2025\/05\/IMG-20250519-WA0000-\u2014-kopia-1024x768.jpg 1024w, https:\/\/zde.wfosigw.zgora.pl\/wp-content\/uploads\/2025\/05\/IMG-20250519-WA0000-\u2014-kopia-300x225.jpg 300w, https:\/\/zde.wfosigw.zgora.pl\/wp-content\/uploads\/2025\/05\/IMG-20250519-WA0000-\u2014-kopia-768x576.jpg 768w, https:\/\/zde.wfosigw.zgora.pl\/wp-content\/uploads\/2025\/05\/IMG-20250519-WA0000-\u2014-kopia-1536x1152.jpg 1536w, https:\/\/zde.wfosigw.zgora.pl\/wp-content\/uploads\/2025\/05\/IMG-20250519-WA0000-\u2014-kopia.jpg 1600w\" sizes=\"auto, (max-width: 1024px) 100vw, 1024px\" \/><\/figure>\n<\/figure>\n","protected":false},"excerpt":{"rendered":"<p>15 maja w Zielonej G\u00f3rze odby\u0142a si\u0119 Konferencja Techniczna Axon Media po\u015bwi\u0119cona efektywno\u015bci energetycznej w produkcji. W wydarzeniu wzi\u0119li udzia\u0142 r\u00f3wnie\u017c Doradcy Energetyczni Wojew\u00f3dzkiego Funduszu Ochrony \u015arodowiska i&nbsp;Gospodarki Wodnej w Zielonej G\u00f3rze, kt\u00f3rzy aktywnie uczestniczyli w prelekcjach, warsztatach i spotkaniach bran\u017cowych, dziel\u0105c si\u0119 swoj\u0105 wiedz\u0105 oraz&nbsp;do\u015bwiadczeniem w zakresie optymalizacji zu\u017cycia energii. Podczas konferencji uczestnicy mogli&hellip;&nbsp;<a href=\"https:\/\/zde.wfosigw.zgora.pl\/index.php\/2025\/05\/19\/energia-wiedzy-i-innowacji-doradcy-energetyczni-wfosigw-na-konferencji-technicznej-axon-media-w-zielonej-gorze\/\" rel=\"bookmark\">Dowiedz si\u0119 wi\u0119cej &raquo;<span class=\"screen-reader-text\">Energia wiedzy i innowacji \u2013 Doradcy Energetyczni WFO\u015aiGW na Konferencji Technicznej Axon Media w Zielonej G\u00f3rze<\/span><\/a><\/p>\n","protected":false},"author":3,"featured_media":787,"comment_status":"closed","ping_status":"closed","sticky":false,"template":"","format":"standard","meta":{"neve_meta_sidebar":"","neve_meta_container":"","neve_meta_enable_content_width":"","neve_meta_content_width":0,"neve_meta_title_alignment":"","neve_meta_author_avatar":"","neve_post_elements_order":"","neve_meta_disable_header":"","neve_meta_disable_footer":"","neve_meta_disable_title":"","_themeisle_gutenberg_block_has_review":false,"footnotes":""},"categories":[8],"tags":[],"class_list":["post-786","post","type-post","status-publish","format-standard","has-post-thumbnail","hentry","category-aktualnosci"],"_links":{"self":[{"href":"https:\/\/zde.wfosigw.zgora.pl\/index.php\/wp-json\/wp\/v2\/posts\/786","targetHints":{"allow":["GET"]}}],"collection":[{"href":"https:\/\/zde.wfosigw.zgora.pl\/index.php\/wp-json\/wp\/v2\/posts"}],"about":[{"href":"https:\/\/zde.wfosigw.zgora.pl\/index.php\/wp-json\/wp\/v2\/types\/post"}],"author":[{"embeddable":true,"href":"https:\/\/zde.wfosigw.zgora.pl\/index.php\/wp-json\/wp\/v2\/users\/3"}],"replies":[{"embeddable":true,"href":"https:\/\/zde.wfosigw.zgora.pl\/index.php\/wp-json\/wp\/v2\/comments?post=786"}],"version-history":[{"count":1,"href":"https:\/\/zde.wfosigw.zgora.pl\/index.php\/wp-json\/wp\/v2\/posts\/786\/revisions"}],"predecessor-version":[{"id":794,"href":"https:\/\/zde.wfosigw.zgora.pl\/index.php\/wp-json\/wp\/v2\/posts\/786\/revisions\/794"}],"wp:featuredmedia":[{"embeddable":true,"href":"https:\/\/zde.wfosigw.zgora.pl\/index.php\/wp-json\/wp\/v2\/media\/787"}],"wp:attachment":[{"href":"https:\/\/zde.wfosigw.zgora.pl\/index.php\/wp-json\/wp\/v2\/media?parent=786"}],"wp:term":[{"taxonomy":"category","embeddable":true,"href":"https:\/\/zde.wfosigw.zgora.pl\/index.php\/wp-json\/wp\/v2\/categories?post=786"},{"taxonomy":"post_tag","embeddable":true,"href":"https:\/\/zde.wfosigw.zgora.pl\/index.php\/wp-json\/wp\/v2\/tags?post=786"}],"curies":[{"name":"wp","href":"https:\/\/api.w.org\/{rel}","templated":true}]}}