{"id":842,"date":"2025-05-30T14:33:30","date_gmt":"2025-05-30T13:33:30","guid":{"rendered":"https:\/\/zde.wfosigw.zgora.pl\/?p=842"},"modified":"2025-05-30T14:33:31","modified_gmt":"2025-05-30T13:33:31","slug":"wspolnie-dla-klimatu-szkolenie-o-programie-moja-elektrownia-wiatrowa","status":"publish","type":"post","link":"https:\/\/zde.wfosigw.zgora.pl\/index.php\/2025\/05\/30\/wspolnie-dla-klimatu-szkolenie-o-programie-moja-elektrownia-wiatrowa\/","title":{"rendered":"Wsp\u00f3lnie dla klimatu \u2013 szkolenie o programie \u201eMoja Elektrownia Wiatrowa\u201d"},"content":{"rendered":"\n<figure class=\"wp-block-image size-full\"><img loading=\"lazy\" decoding=\"async\" width=\"945\" height=\"95\" src=\"https:\/\/zde.wfosigw.zgora.pl\/wp-content\/uploads\/2025\/04\/image-1.png\" alt=\"\" class=\"wp-image-765\" srcset=\"https:\/\/zde.wfosigw.zgora.pl\/wp-content\/uploads\/2025\/04\/image-1.png 945w, https:\/\/zde.wfosigw.zgora.pl\/wp-content\/uploads\/2025\/04\/image-1-300x30.png 300w, https:\/\/zde.wfosigw.zgora.pl\/wp-content\/uploads\/2025\/04\/image-1-768x77.png 768w\" sizes=\"auto, (max-width: 945px) 100vw, 945px\" \/><\/figure>\n\n\n\n<figure class=\"wp-block-image size-full\"><img loading=\"lazy\" decoding=\"async\" width=\"978\" height=\"594\" src=\"https:\/\/zde.wfosigw.zgora.pl\/wp-content\/uploads\/2025\/05\/foto-1.png\" alt=\"\" class=\"wp-image-844\" srcset=\"https:\/\/zde.wfosigw.zgora.pl\/wp-content\/uploads\/2025\/05\/foto-1.png 978w, https:\/\/zde.wfosigw.zgora.pl\/wp-content\/uploads\/2025\/05\/foto-1-300x182.png 300w, https:\/\/zde.wfosigw.zgora.pl\/wp-content\/uploads\/2025\/05\/foto-1-768x466.png 768w\" sizes=\"auto, (max-width: 978px) 100vw, 978px\" \/><\/figure>\n\n\n\n<p><strong>Wsp\u00f3lnie dla klimatu \u2013 szkolenie o programie \u201eMoja Elektrownia Wiatrowa\u201d<\/strong><\/p>\n\n\n\n<p>W ramach kampanii informacyjno-edukacyjnej <strong>\u201eWsp\u00f3lnie dla klimatu \u2013 zrealizuj inwestycj\u0119 razem z nami\u201d<\/strong>, Doradcy Energetyczni WFO\u015aiGW w Zielonej G\u00f3rze zorganizowali kolejne spotkanie online. Tym razem tematem by\u0142o <strong>finansowanie inwestycji w odnawialne \u017ar\u00f3d\u0142a energii dla os\u00f3b fizycznych<\/strong>, ze szczeg\u00f3lnym uwzgl\u0119dnieniem programu <strong>\u201eMoja Elektrownia Wiatrowa\u201d<\/strong>.<\/p>\n\n\n\n<p>W szkoleniu wzi\u0119li udzia\u0142 przedstawiciele jednostek samorz\u0105du terytorialnego z wojew\u00f3dztwa lubuskiego. Uczestnicy zapoznali si\u0119 z zasadami ubiegania si\u0119 o dofinansowanie na zakup i&nbsp; monta\u017c przydomowej si\u0142owni wiatrowej oraz \u2013 opcjonalnie \u2013 magazynu energii elektrycznej.<\/p>\n\n\n\n<p><strong>Zapraszamy na kolejne spotkania organizowane w ramach kampanii \u201eWsp\u00f3lnie dla klimatu\u201d!<\/strong><br><br>Szczeg\u00f3\u0142owe informacje o terminach i tematach szkole\u0144 ju\u017c wkr\u00f3tce na naszej stronie internetowej oraz profilach spo\u0142eczno\u015bciowych.<\/p>\n\n\n\n<p class=\"has-text-align-center\"><em>Szkolenie zrealizowano w ramach Projektu Doradztwa Energetycznego finansowanego w ramach FEnIKS na lata 2021 &#8211; 2027<\/em><\/p>\n\n\n\n<p class=\"has-text-align-center\"><strong><em>Og\u00f3lnopolski Projekt Doradztwa Energetycznego jest jednocze\u015bnie Operacj\u0105 o&nbsp;znaczeniu strategicznym, kt\u00f3ra wnosi znacz\u0105cy wk\u0142ad w&nbsp;osi\u0105ganie cel\u00f3w programu FEnIKS 2021-2027.<\/em><\/strong><\/p>\n\n\n\n<p class=\"has-text-align-center\"><strong><em>Beneficjent i&nbsp;Partner Wiod\u0105cy: NFO\u015aiGW w&nbsp;Warszawie<\/em><\/strong><\/p>\n\n\n\n<p class=\"has-text-align-center\"><strong><em>Partnerzy: WFO\u015aiGW w&nbsp;Bia\u0142ymstoku, WFO\u015aiGW w&nbsp;Gda\u0144sku, WFO\u015aiGW w&nbsp;Katowicach, WFO\u015aiGW w&nbsp;Kielcach, WFO\u015aiGW w&nbsp;Krakowie, WFO\u015aiGW w&nbsp;Lublinie, WFO\u015aiGW w&nbsp;\u0141odzi, WFO\u015aiGW w&nbsp;Olsztynie, WFO\u015aiGW w&nbsp;Opolu, WFO\u015aiGW w&nbsp;Poznaniu, WFO\u015aiGW w&nbsp;Rzeszowie, WFO\u015aiGW w&nbsp;Szczecinie, WFO\u015aiGW w&nbsp;Toruniu, WFO\u015aiGW w&nbsp;Warszawie, WFO\u015aiGW w&nbsp;Zielonej G\u00f3rze, WFO\u015aiGW we Wroc\u0142awiu.<\/em><\/strong><\/p>\n\n\n\n<p class=\"has-text-align-center\"><a href=\"https:\/\/www.funduszeeuropejskie.gov.pl\/\"><strong><em>Fundusze Europejskie<\/em><\/strong><\/a><strong><em><\/em><\/strong><\/p>\n\n\n\n<p class=\"has-text-align-center\"><a href=\"https:\/\/www.feniks.gov.pl\/\"><strong><em>FEnIKS 2021-2027<\/em><\/strong><\/a><strong><em><\/em><\/strong><\/p>\n\n\n\n<p class=\"has-text-align-center\"><\/p>\n","protected":false},"excerpt":{"rendered":"<p>Wsp\u00f3lnie dla klimatu \u2013 szkolenie o programie \u201eMoja Elektrownia Wiatrowa\u201d W ramach kampanii informacyjno-edukacyjnej \u201eWsp\u00f3lnie dla klimatu \u2013 zrealizuj inwestycj\u0119 razem z nami\u201d, Doradcy Energetyczni WFO\u015aiGW w Zielonej G\u00f3rze zorganizowali kolejne spotkanie online. Tym razem tematem by\u0142o finansowanie inwestycji w odnawialne \u017ar\u00f3d\u0142a energii dla os\u00f3b fizycznych, ze szczeg\u00f3lnym uwzgl\u0119dnieniem programu \u201eMoja Elektrownia Wiatrowa\u201d. W szkoleniu&hellip;&nbsp;<a href=\"https:\/\/zde.wfosigw.zgora.pl\/index.php\/2025\/05\/30\/wspolnie-dla-klimatu-szkolenie-o-programie-moja-elektrownia-wiatrowa\/\" rel=\"bookmark\">Dowiedz si\u0119 wi\u0119cej &raquo;<span class=\"screen-reader-text\">Wsp\u00f3lnie dla klimatu \u2013 szkolenie o programie \u201eMoja Elektrownia Wiatrowa\u201d<\/span><\/a><\/p>\n","protected":false},"author":3,"featured_media":843,"comment_status":"closed","ping_status":"closed","sticky":false,"template":"","format":"standard","meta":{"neve_meta_sidebar":"","neve_meta_container":"","neve_meta_enable_content_width":"","neve_meta_content_width":0,"neve_meta_title_alignment":"","neve_meta_author_avatar":"","neve_post_elements_order":"","neve_meta_disable_header":"","neve_meta_disable_footer":"","neve_meta_disable_title":"","_themeisle_gutenberg_block_has_review":false,"footnotes":""},"categories":[8],"tags":[],"class_list":["post-842","post","type-post","status-publish","format-standard","has-post-thumbnail","hentry","category-aktualnosci"],"_links":{"self":[{"href":"https:\/\/zde.wfosigw.zgora.pl\/index.php\/wp-json\/wp\/v2\/posts\/842","targetHints":{"allow":["GET"]}}],"collection":[{"href":"https:\/\/zde.wfosigw.zgora.pl\/index.php\/wp-json\/wp\/v2\/posts"}],"about":[{"href":"https:\/\/zde.wfosigw.zgora.pl\/index.php\/wp-json\/wp\/v2\/types\/post"}],"author":[{"embeddable":true,"href":"https:\/\/zde.wfosigw.zgora.pl\/index.php\/wp-json\/wp\/v2\/users\/3"}],"replies":[{"embeddable":true,"href":"https:\/\/zde.wfosigw.zgora.pl\/index.php\/wp-json\/wp\/v2\/comments?post=842"}],"version-history":[{"count":1,"href":"https:\/\/zde.wfosigw.zgora.pl\/index.php\/wp-json\/wp\/v2\/posts\/842\/revisions"}],"predecessor-version":[{"id":845,"href":"https:\/\/zde.wfosigw.zgora.pl\/index.php\/wp-json\/wp\/v2\/posts\/842\/revisions\/845"}],"wp:featuredmedia":[{"embeddable":true,"href":"https:\/\/zde.wfosigw.zgora.pl\/index.php\/wp-json\/wp\/v2\/media\/843"}],"wp:attachment":[{"href":"https:\/\/zde.wfosigw.zgora.pl\/index.php\/wp-json\/wp\/v2\/media?parent=842"}],"wp:term":[{"taxonomy":"category","embeddable":true,"href":"https:\/\/zde.wfosigw.zgora.pl\/index.php\/wp-json\/wp\/v2\/categories?post=842"},{"taxonomy":"post_tag","embeddable":true,"href":"https:\/\/zde.wfosigw.zgora.pl\/index.php\/wp-json\/wp\/v2\/tags?post=842"}],"curies":[{"name":"wp","href":"https:\/\/api.w.org\/{rel}","templated":true}]}}