{"id":894,"date":"2025-06-13T12:39:39","date_gmt":"2025-06-13T11:39:39","guid":{"rendered":"https:\/\/zde.wfosigw.zgora.pl\/?p=894"},"modified":"2025-06-13T12:39:40","modified_gmt":"2025-06-13T11:39:40","slug":"coraz-wiecej-elektrykow-na-naszych-drogach-to-mozliwe-dzieki-programowi-naszeauto","status":"publish","type":"post","link":"https:\/\/zde.wfosigw.zgora.pl\/index.php\/2025\/06\/13\/coraz-wiecej-elektrykow-na-naszych-drogach-to-mozliwe-dzieki-programowi-naszeauto\/","title":{"rendered":"Coraz wi\u0119cej elektryk\u00f3w na naszych drogach? To mo\u017cliwe dzi\u0119ki Programowi NaszEauto!"},"content":{"rendered":"\n<figure class=\"wp-block-image size-full\"><img loading=\"lazy\" decoding=\"async\" width=\"619\" height=\"60\" src=\"https:\/\/zde.wfosigw.zgora.pl\/wp-content\/uploads\/2025\/06\/image.png\" alt=\"\" class=\"wp-image-879\" srcset=\"https:\/\/zde.wfosigw.zgora.pl\/wp-content\/uploads\/2025\/06\/image.png 619w, https:\/\/zde.wfosigw.zgora.pl\/wp-content\/uploads\/2025\/06\/image-300x29.png 300w\" sizes=\"auto, (max-width: 619px) 100vw, 619px\" \/><\/figure>\n\n\n\n<figure class=\"wp-block-image size-large\"><img loading=\"lazy\" decoding=\"async\" width=\"1024\" height=\"768\" src=\"https:\/\/zde.wfosigw.zgora.pl\/wp-content\/uploads\/2025\/06\/IMG-20250613-WA0001-1024x768.jpg\" alt=\"\" class=\"wp-image-895\" srcset=\"https:\/\/zde.wfosigw.zgora.pl\/wp-content\/uploads\/2025\/06\/IMG-20250613-WA0001-1024x768.jpg 1024w, https:\/\/zde.wfosigw.zgora.pl\/wp-content\/uploads\/2025\/06\/IMG-20250613-WA0001-300x225.jpg 300w, https:\/\/zde.wfosigw.zgora.pl\/wp-content\/uploads\/2025\/06\/IMG-20250613-WA0001-768x576.jpg 768w, https:\/\/zde.wfosigw.zgora.pl\/wp-content\/uploads\/2025\/06\/IMG-20250613-WA0001-1536x1152.jpg 1536w, https:\/\/zde.wfosigw.zgora.pl\/wp-content\/uploads\/2025\/06\/IMG-20250613-WA0001.jpg 1600w\" sizes=\"auto, (max-width: 1024px) 100vw, 1024px\" \/><\/figure>\n\n\n\n<p>Wczoraj, 12 czerwca 2025 r., odby\u0142o si\u0119 szkolenie online organizowane przez Doradc\u00f3w Energetycznych Wojew\u00f3dzkiego Funduszu Ochrony \u015arodowiska i Gospodarki Wodnej w&nbsp;Zielonej G\u00f3rze, po\u015bwi\u0119cone mo\u017cliwo\u015bciom finansowania inwestycji w zakresie efektywno\u015bci energetycznej i OZE &#8211; Program <strong>NaszEauto<\/strong>.<\/p>\n\n\n\n<p class=\"has-text-align-left\">Szkolenie cieszy\u0142o si\u0119 bardzo du\u017cym zainteresowaniem &#8211; dzi\u0119kujemy wszystkim uczestnikom za aktywny udzia\u0142 i zaanga\u017cowanie! Cieszy nas, \u017ce temat elektromobilno\u015bci, spotyka si\u0119 z tak du\u017cym odzewem z Pa\u0144stwa strony!<\/p>\n\n\n\n<p>Podczas spotkania szczeg\u00f3\u0142owo om\u00f3wili\u015bmy zasady realizacji inwestycji oraz proces ubiegania si\u0119 o dofinansowanie z Programu NaszEauto. Wierzymy, \u017ce dzi\u0119ki przekazanej wiedzy coraz wi\u0119cej pojazd\u00f3w elektrycznych b\u0119dzie pojawia\u0107 si\u0119 na lubuskich i krajowych drogach \u2013 to&nbsp;realny krok w stron\u0119 bardziej zielonej i przyjaznej \u015brodowisku przysz\u0142o\u015bci.<\/p>\n\n\n\n<p>Szkolenie odby\u0142o si\u0119 w ramach kampanii <strong>\u201eWsp\u00f3lnie dla klimatu \u2013 zrealizuj inwestycj\u0119 razem z nami\u201d<\/strong>, kt\u00f3rej celem jest promowanie dzia\u0142a\u0144 proekologicznych poprzez cykl szkole\u0144, warsztat\u00f3w i spotka\u0144 edukacyjnych.<\/p>\n\n\n\n<p>Dzi\u0119kujemy za wsp\u00f3lne dzia\u0142anie na rzecz klimatu i ju\u017c dzi\u015b zapraszamy na kolejne wydarzenia \u2013 \u015bled\u017acie nasz\u0105 stron\u0119 internetow\u0105 i media spo\u0142eczno\u015bciowe!<\/p>\n\n\n\n<p><em>Szkolenie zrealizowano w ramach Projektu Doradztwa Energetycznego finansowanego w ramach FEnIKS na lata 2021 \u2013 2027<\/em><\/p>\n\n\n\n<p><em><strong>Og\u00f3lnopolski Projekt Doradztwa Energetycznego jest jednocze\u015bnie Operacj\u0105 o&nbsp;znaczeniu strategicznym, kt\u00f3ra wnosi znacz\u0105cy wk\u0142ad w&nbsp;osi\u0105ganie cel\u00f3w programu FEnIKS 2021-2027.<\/strong><\/em><\/p>\n\n\n\n<p><em><strong>Beneficjent i&nbsp;Partner Wiod\u0105cy: NFO\u015aiGW w&nbsp;Warszawie<\/strong><\/em><\/p>\n\n\n\n<p><em><strong>Partnerzy: WFO\u015aiGW w&nbsp;Bia\u0142ymstoku, WFO\u015aiGW w&nbsp;Gda\u0144sku, WFO\u015aiGW w&nbsp;Katowicach, WFO\u015aiGW w&nbsp;Kielcach, WFO\u015aiGW w&nbsp;Krakowie, WFO\u015aiGW w&nbsp;Lublinie, WFO\u015aiGW w&nbsp;\u0141odzi, WFO\u015aiGW w&nbsp;Olsztynie, WFO\u015aiGW w&nbsp;Opolu, WFO\u015aiGW w&nbsp;Poznaniu, WFO\u015aiGW w&nbsp;Rzeszowie, WFO\u015aiGW w&nbsp;Szczecinie, WFO\u015aiGW w&nbsp;Toruniu, WFO\u015aiGW w&nbsp;Warszawie, WFO\u015aiGW w&nbsp;Zielonej G\u00f3rze, WFO\u015aiGW we Wroc\u0142awiu.<\/strong><\/em><\/p>\n\n\n\n<p><a href=\"https:\/\/www.funduszeeuropejskie.gov.pl\/\"><em><strong>Fundusze Europejskie<\/strong><\/em><\/a><\/p>\n\n\n\n<p><a href=\"https:\/\/www.feniks.gov.pl\/\"><em><strong>FEnIKS 2021-2027<\/strong><\/em><\/a><\/p>\n\n\n\n<p><\/p>\n","protected":false},"excerpt":{"rendered":"<p>Wczoraj, 12 czerwca 2025 r., odby\u0142o si\u0119 szkolenie online organizowane przez Doradc\u00f3w Energetycznych Wojew\u00f3dzkiego Funduszu Ochrony \u015arodowiska i Gospodarki Wodnej w&nbsp;Zielonej G\u00f3rze, po\u015bwi\u0119cone mo\u017cliwo\u015bciom finansowania inwestycji w zakresie efektywno\u015bci energetycznej i OZE &#8211; Program NaszEauto. Szkolenie cieszy\u0142o si\u0119 bardzo du\u017cym zainteresowaniem &#8211; dzi\u0119kujemy wszystkim uczestnikom za aktywny udzia\u0142 i zaanga\u017cowanie! Cieszy nas, \u017ce temat elektromobilno\u015bci,&hellip;&nbsp;<a href=\"https:\/\/zde.wfosigw.zgora.pl\/index.php\/2025\/06\/13\/coraz-wiecej-elektrykow-na-naszych-drogach-to-mozliwe-dzieki-programowi-naszeauto\/\" rel=\"bookmark\">Dowiedz si\u0119 wi\u0119cej &raquo;<span class=\"screen-reader-text\">Coraz wi\u0119cej elektryk\u00f3w na naszych drogach? To mo\u017cliwe dzi\u0119ki Programowi NaszEauto!<\/span><\/a><\/p>\n","protected":false},"author":3,"featured_media":880,"comment_status":"closed","ping_status":"closed","sticky":false,"template":"","format":"standard","meta":{"neve_meta_sidebar":"","neve_meta_container":"","neve_meta_enable_content_width":"","neve_meta_content_width":0,"neve_meta_title_alignment":"","neve_meta_author_avatar":"","neve_post_elements_order":"","neve_meta_disable_header":"","neve_meta_disable_footer":"","neve_meta_disable_title":"","_themeisle_gutenberg_block_has_review":false,"footnotes":""},"categories":[8],"tags":[],"class_list":["post-894","post","type-post","status-publish","format-standard","has-post-thumbnail","hentry","category-aktualnosci"],"_links":{"self":[{"href":"https:\/\/zde.wfosigw.zgora.pl\/index.php\/wp-json\/wp\/v2\/posts\/894","targetHints":{"allow":["GET"]}}],"collection":[{"href":"https:\/\/zde.wfosigw.zgora.pl\/index.php\/wp-json\/wp\/v2\/posts"}],"about":[{"href":"https:\/\/zde.wfosigw.zgora.pl\/index.php\/wp-json\/wp\/v2\/types\/post"}],"author":[{"embeddable":true,"href":"https:\/\/zde.wfosigw.zgora.pl\/index.php\/wp-json\/wp\/v2\/users\/3"}],"replies":[{"embeddable":true,"href":"https:\/\/zde.wfosigw.zgora.pl\/index.php\/wp-json\/wp\/v2\/comments?post=894"}],"version-history":[{"count":1,"href":"https:\/\/zde.wfosigw.zgora.pl\/index.php\/wp-json\/wp\/v2\/posts\/894\/revisions"}],"predecessor-version":[{"id":896,"href":"https:\/\/zde.wfosigw.zgora.pl\/index.php\/wp-json\/wp\/v2\/posts\/894\/revisions\/896"}],"wp:featuredmedia":[{"embeddable":true,"href":"https:\/\/zde.wfosigw.zgora.pl\/index.php\/wp-json\/wp\/v2\/media\/880"}],"wp:attachment":[{"href":"https:\/\/zde.wfosigw.zgora.pl\/index.php\/wp-json\/wp\/v2\/media?parent=894"}],"wp:term":[{"taxonomy":"category","embeddable":true,"href":"https:\/\/zde.wfosigw.zgora.pl\/index.php\/wp-json\/wp\/v2\/categories?post=894"},{"taxonomy":"post_tag","embeddable":true,"href":"https:\/\/zde.wfosigw.zgora.pl\/index.php\/wp-json\/wp\/v2\/tags?post=894"}],"curies":[{"name":"wp","href":"https:\/\/api.w.org\/{rel}","templated":true}]}}