{"id":897,"date":"2025-06-16T08:14:29","date_gmt":"2025-06-16T07:14:29","guid":{"rendered":"https:\/\/zde.wfosigw.zgora.pl\/?p=897"},"modified":"2025-06-16T09:26:17","modified_gmt":"2025-06-16T08:26:17","slug":"wez-udzial-w-szkoleniu-uproszczona-ocena-efektywnosci-i-wykorzystanie-kalkulatora-ppp","status":"publish","type":"post","link":"https:\/\/zde.wfosigw.zgora.pl\/index.php\/2025\/06\/16\/wez-udzial-w-szkoleniu-uproszczona-ocena-efektywnosci-i-wykorzystanie-kalkulatora-ppp\/","title":{"rendered":"We\u017a udzia\u0142 w szkoleniu \u201eUproszczona ocena efektywno\u015bci i wykorzystanie kalkulatora PPP\u201d"},"content":{"rendered":"\n<figure class=\"wp-block-image size-large\"><img loading=\"lazy\" decoding=\"async\" width=\"1024\" height=\"1024\" src=\"https:\/\/zde.wfosigw.zgora.pl\/wp-content\/uploads\/2025\/06\/Szkolenie-1-1024x1024.png\" alt=\"\" class=\"wp-image-900\" srcset=\"https:\/\/zde.wfosigw.zgora.pl\/wp-content\/uploads\/2025\/06\/Szkolenie-1-1024x1024.png 1024w, https:\/\/zde.wfosigw.zgora.pl\/wp-content\/uploads\/2025\/06\/Szkolenie-1-300x300.png 300w, https:\/\/zde.wfosigw.zgora.pl\/wp-content\/uploads\/2025\/06\/Szkolenie-1-150x150.png 150w, https:\/\/zde.wfosigw.zgora.pl\/wp-content\/uploads\/2025\/06\/Szkolenie-1-768x768.png 768w, https:\/\/zde.wfosigw.zgora.pl\/wp-content\/uploads\/2025\/06\/Szkolenie-1.png 1080w\" sizes=\"auto, (max-width: 1024px) 100vw, 1024px\" \/><\/figure>\n\n\n\n<p>Szanowni Pa\u0144stwo,<\/p>\n\n\n\n<p>w imieniu Ministerstwa Funduszy i Polityki Regionalnej zapraszamy do udzia\u0142u w szkoleniu online pt. <strong>\u201eUproszczona ocena efektywno\u015bci i wykorzystanie kalkulatora PPP\u201d<\/strong>, kt\u00f3re odb\u0119dzie si\u0119 w&nbsp; dniu&nbsp;<strong>24 czerwca 2025 r. w godzinach 10:00\u201312:30<\/strong>.<\/p>\n\n\n\n<p>Szkolenie po\u015bwi\u0119cone b\u0119dzie kluczowym zagadnieniom zwi\u0105zanym z przygotowaniem projekt\u00f3w partnerstwa publiczno-prywatnego (PPP), ze szczeg\u00f3lnym uwzgl\u0119dnieniem praktycznego zastosowania narz\u0119dzi wspieraj\u0105cych ocen\u0119 efektywno\u015bci, w tym bezp\u0142atnego kalkulatora PPP.<\/p>\n\n\n\n<p>Wydarzenie skierowane jest do przedstawicieli jednostek samorz\u0105du terytorialnego oraz innych podmiot\u00f3w publicznych, kt\u00f3re planuj\u0105 lub rozwa\u017caj\u0105 realizacj\u0119 inwestycji w formule PPP. Uczestnicy szkolenia zapoznaj\u0105 si\u0119 z uproszczonymi metodami oceny efektywno\u015bci projekt\u00f3w oraz naucz\u0105 si\u0119, jak w praktyce korzysta\u0107 z dost\u0119pnych narz\u0119dzi analitycznych.<\/p>\n\n\n\n<p> <strong>Formularz rejestracyjny dost\u0119pny jest pod\u00a0adresem: <\/strong><a href=\"https:\/\/www.ppp.gov.pl\/form\/zapiszy-na-szkolenie-ocena-efekt\">https:\/\/www.ppp.gov.pl\/form\/zapiszy-na-szkolenie-ocena-efekt<\/a><\/p>\n\n\n\n<p>Jednocze\u015bnie zach\u0119camy Pa\u0144stwa do udzia\u0142u w badaniu ankietowym, kt\u00f3rego celem jest lepsze dopasowanie oferty szkoleniowej MFiPR do rzeczywistych potrzeb podmiot\u00f3w publicznych \u2013 zar\u00f3wno jednostek samorz\u0105du terytorialnego, jak i instytucji wspieraj\u0105cych realizacj\u0119 inwestycji.<\/p>\n\n\n\n<p>Pa\u0144stwa opinie i sugestie b\u0119d\u0105 niezwykle cenne dla MFiPR przy planowaniu przysz\u0142ych dzia\u0142a\u0144 edukacyjnych i doradczych.<\/p>\n\n\n\n<p><strong>Link do ankiety: <\/strong><a href=\"https:\/\/www.webankieta.pl\/ankieta\/1501678\/ankieta-dotyczaca-potrzeb-szkoleniowych-w-zakresie-partnerstwa-publiczno-prywatnego-ppp.html?lang=pl\">https:\/\/www.webankieta.pl\/ankieta\/1501678\/ankieta-dotyczaca-potrzeb-szkoleniowych-w-zakresie-partnerstwa-publiczno-prywatnego-ppp.html?lang=pl<\/a><\/p>\n\n\n\n<p>#FunduszeEuropejskie<\/p>\n\n\n\n<p><\/p>\n","protected":false},"excerpt":{"rendered":"<p>Szanowni Pa\u0144stwo, w imieniu Ministerstwa Funduszy i Polityki Regionalnej zapraszamy do udzia\u0142u w szkoleniu online pt. \u201eUproszczona ocena efektywno\u015bci i wykorzystanie kalkulatora PPP\u201d, kt\u00f3re odb\u0119dzie si\u0119 w&nbsp; dniu&nbsp;24 czerwca 2025 r. w godzinach 10:00\u201312:30. Szkolenie po\u015bwi\u0119cone b\u0119dzie kluczowym zagadnieniom zwi\u0105zanym z przygotowaniem projekt\u00f3w partnerstwa publiczno-prywatnego (PPP), ze szczeg\u00f3lnym uwzgl\u0119dnieniem praktycznego zastosowania narz\u0119dzi wspieraj\u0105cych ocen\u0119 efektywno\u015bci,&hellip;&nbsp;<a href=\"https:\/\/zde.wfosigw.zgora.pl\/index.php\/2025\/06\/16\/wez-udzial-w-szkoleniu-uproszczona-ocena-efektywnosci-i-wykorzystanie-kalkulatora-ppp\/\" rel=\"bookmark\">Dowiedz si\u0119 wi\u0119cej &raquo;<span class=\"screen-reader-text\">We\u017a udzia\u0142 w szkoleniu \u201eUproszczona ocena efektywno\u015bci i wykorzystanie kalkulatora PPP\u201d<\/span><\/a><\/p>\n","protected":false},"author":3,"featured_media":276,"comment_status":"closed","ping_status":"closed","sticky":false,"template":"","format":"standard","meta":{"neve_meta_sidebar":"","neve_meta_container":"","neve_meta_enable_content_width":"","neve_meta_content_width":0,"neve_meta_title_alignment":"","neve_meta_author_avatar":"","neve_post_elements_order":"","neve_meta_disable_header":"","neve_meta_disable_footer":"","neve_meta_disable_title":"","_themeisle_gutenberg_block_has_review":false,"footnotes":""},"categories":[8],"tags":[],"class_list":["post-897","post","type-post","status-publish","format-standard","has-post-thumbnail","hentry","category-aktualnosci"],"_links":{"self":[{"href":"https:\/\/zde.wfosigw.zgora.pl\/index.php\/wp-json\/wp\/v2\/posts\/897","targetHints":{"allow":["GET"]}}],"collection":[{"href":"https:\/\/zde.wfosigw.zgora.pl\/index.php\/wp-json\/wp\/v2\/posts"}],"about":[{"href":"https:\/\/zde.wfosigw.zgora.pl\/index.php\/wp-json\/wp\/v2\/types\/post"}],"author":[{"embeddable":true,"href":"https:\/\/zde.wfosigw.zgora.pl\/index.php\/wp-json\/wp\/v2\/users\/3"}],"replies":[{"embeddable":true,"href":"https:\/\/zde.wfosigw.zgora.pl\/index.php\/wp-json\/wp\/v2\/comments?post=897"}],"version-history":[{"count":3,"href":"https:\/\/zde.wfosigw.zgora.pl\/index.php\/wp-json\/wp\/v2\/posts\/897\/revisions"}],"predecessor-version":[{"id":902,"href":"https:\/\/zde.wfosigw.zgora.pl\/index.php\/wp-json\/wp\/v2\/posts\/897\/revisions\/902"}],"wp:featuredmedia":[{"embeddable":true,"href":"https:\/\/zde.wfosigw.zgora.pl\/index.php\/wp-json\/wp\/v2\/media\/276"}],"wp:attachment":[{"href":"https:\/\/zde.wfosigw.zgora.pl\/index.php\/wp-json\/wp\/v2\/media?parent=897"}],"wp:term":[{"taxonomy":"category","embeddable":true,"href":"https:\/\/zde.wfosigw.zgora.pl\/index.php\/wp-json\/wp\/v2\/categories?post=897"},{"taxonomy":"post_tag","embeddable":true,"href":"https:\/\/zde.wfosigw.zgora.pl\/index.php\/wp-json\/wp\/v2\/tags?post=897"}],"curies":[{"name":"wp","href":"https:\/\/api.w.org\/{rel}","templated":true}]}}