{"id":903,"date":"2025-06-18T07:57:11","date_gmt":"2025-06-18T06:57:11","guid":{"rendered":"https:\/\/zde.wfosigw.zgora.pl\/?p=903"},"modified":"2025-06-18T08:46:58","modified_gmt":"2025-06-18T07:46:58","slug":"doradcy-energetyczni-wfosigw-na-xiii-ogolnopolskim-szczycie-energetycznym-ose-gdansk-2025","status":"publish","type":"post","link":"https:\/\/zde.wfosigw.zgora.pl\/index.php\/2025\/06\/18\/doradcy-energetyczni-wfosigw-na-xiii-ogolnopolskim-szczycie-energetycznym-ose-gdansk-2025\/","title":{"rendered":"Doradcy Energetyczni WFO\u015aiGW na XIII Og\u00f3lnopolskim Szczycie Energetycznym OSE GDA\u0143SK 2025"},"content":{"rendered":"\n<figure class=\"wp-block-image size-full\"><img loading=\"lazy\" decoding=\"async\" width=\"619\" height=\"60\" src=\"https:\/\/zde.wfosigw.zgora.pl\/wp-content\/uploads\/2025\/06\/image.png\" alt=\"\" class=\"wp-image-879\" srcset=\"https:\/\/zde.wfosigw.zgora.pl\/wp-content\/uploads\/2025\/06\/image.png 619w, https:\/\/zde.wfosigw.zgora.pl\/wp-content\/uploads\/2025\/06\/image-300x29.png 300w\" sizes=\"auto, (max-width: 619px) 100vw, 619px\" \/><\/figure>\n\n\n\n<figure class=\"wp-block-image size-large\"><img loading=\"lazy\" decoding=\"async\" width=\"1024\" height=\"768\" src=\"https:\/\/zde.wfosigw.zgora.pl\/wp-content\/uploads\/2025\/06\/IMG-20250617-WA0007-1024x768.jpg\" alt=\"\" class=\"wp-image-906\" srcset=\"https:\/\/zde.wfosigw.zgora.pl\/wp-content\/uploads\/2025\/06\/IMG-20250617-WA0007-1024x768.jpg 1024w, https:\/\/zde.wfosigw.zgora.pl\/wp-content\/uploads\/2025\/06\/IMG-20250617-WA0007-300x225.jpg 300w, https:\/\/zde.wfosigw.zgora.pl\/wp-content\/uploads\/2025\/06\/IMG-20250617-WA0007-768x576.jpg 768w, https:\/\/zde.wfosigw.zgora.pl\/wp-content\/uploads\/2025\/06\/IMG-20250617-WA0007-1536x1152.jpg 1536w, https:\/\/zde.wfosigw.zgora.pl\/wp-content\/uploads\/2025\/06\/IMG-20250617-WA0007.jpg 2016w\" sizes=\"auto, (max-width: 1024px) 100vw, 1024px\" \/><\/figure>\n\n\n\n<p>W dniach 16\u201317 czerwca 2025 r. Doradcy Energetyczni z WFO\u015aiGW w Zielonej G\u00f3rze uczestniczyli w XIII edycji Og\u00f3lnopolskiego Szczytu Energetycznego OSE GDA\u0143SK 2025, kt\u00f3ry tradycyjnie odby\u0142 si\u0119 w niezwyk\u0142ej przestrzeni Muzeum II Wojny \u015awiatowej w Gda\u0144sku. Tegoroczny Szczyt odbywa\u0142 si\u0119 pod has\u0142em: <strong>\u201eBezpiecze\u0144stwo energetyczne Europy \u2013 rewizja europejskiej polityki energetycznej\u201d<\/strong>, gromadz\u0105c czo\u0142owych przedstawicieli \u015bwiata polityki, biznesu, nauki i gospodarki.<\/p>\n\n\n\n<p>W centrum uwagi znalaz\u0142y si\u0119 najwa\u017cniejsze wyzwania stoj\u0105ce dzi\u015b przed Europ\u0105 i Polsk\u0105 w&nbsp;kontek\u015bcie transformacji energetycznej. Eksperci debatowali o reorganizacji unijnej polityki energetycznej, roli odnawialnych \u017ar\u00f3de\u0142 energii, rozwoju energetyki j\u0105drowej, zielonego wodoru, biogazu oraz offshore. Poruszano tak\u017ce kwestie zwi\u0105zane z bezpiecze\u0144stwem infrastruktury krytycznej i transformacj\u0105 sektora ciep\u0142owniczego.<\/p>\n\n\n\n<p>W ci\u0105gu dw\u00f3ch intensywnych dni uczestniczyli\u015bmy w a\u017c 8 panelach tematycznych, gdzie nie&nbsp;brakowa\u0142o inspiruj\u0105cych rozm\u00f3w, najnowszych trend\u00f3w technologicznych oraz praktycznych rozwi\u0105za\u0144 s\u0142u\u017c\u0105cych zwi\u0119kszeniu bezpiecze\u0144stwa energetycznego w Polsce i&nbsp;Europie.<\/p>\n\n\n\n<p>To by\u0142o wyj\u0105tkowe forum wymiany do\u015bwiadcze\u0144 i wiedzy, kt\u00f3re przynios\u0142o nam ogrom inspiracji i nowej energii do dalszej pracy! Ju\u017c nie mo\u017cemy si\u0119 doczeka\u0107, by dzieli\u0107 si\u0119 z Wami tym, czego si\u0119 nauczyli\u015bmy \u2013 podczas spotka\u0144, konsultacji i wsp\u00f3lnych dzia\u0142a\u0144 na rzecz zielonej przysz\u0142o\u015bci!<\/p>\n\n\n\n<p>Projekt Doradztwa Energetycznego finansowany jest w ramach Programu FEnIKS na lata 2021 -2027<\/p>\n\n\n\n<p><strong>Og\u00f3lnopolski Projekt Doradztwa Energetycznego<\/strong> to operacja o znaczeniu strategicznym, kt\u00f3ra wnosi istotny wk\u0142ad w realizacj\u0119 cel\u00f3w programu FEnIKS 2021\u20132027.<\/p>\n\n\n\n<p><strong>Partner wiod\u0105cy:<\/strong> NFO\u015aiGW w Warszawie we wsp\u00f3\u0142pracy z 16 WFO\u015aiGW.<\/p>\n\n\n\n<p><a href=\"https:\/\/www.facebook.com\/hashtag\/funduszeeuropejskie?__eep__=6&amp;__cft__%5b0%5d=AZX_mGXzI29o87ENpYKLJsrGfFyFHsxi-Ptw5eJP3GOlcoh-I37x389j69vs-s7mB9rx32diqYE2WA3u8jGwf1eDoutQ2Ms8X_D2xD42OSlhGi94Gr-5985EMG8cYDnb3GK1Zt8O6E5vNir8cMQ3WFxFtA7Lz3gN6m8gUDyMmC7C-4BI4j3OuFS9U1PFl4DVJHw&amp;__tn__=*NK-R\">#FunduszeEuropejskie<\/a>&nbsp;<a href=\"https:\/\/www.facebook.com\/hashtag\/funduszeeu?__eep__=6&amp;__cft__%5b0%5d=AZX_mGXzI29o87ENpYKLJsrGfFyFHsxi-Ptw5eJP3GOlcoh-I37x389j69vs-s7mB9rx32diqYE2WA3u8jGwf1eDoutQ2Ms8X_D2xD42OSlhGi94Gr-5985EMG8cYDnb3GK1Zt8O6E5vNir8cMQ3WFxFtA7Lz3gN6m8gUDyMmC7C-4BI4j3OuFS9U1PFl4DVJHw&amp;__tn__=*NK-R\">#FunduszeEU<\/a><\/p>\n\n\n\n<figure class=\"wp-block-gallery has-nested-images columns-default is-cropped wp-block-gallery-1 is-layout-flex wp-block-gallery-is-layout-flex\">\n<figure class=\"wp-block-image size-large\"><img loading=\"lazy\" decoding=\"async\" width=\"1024\" height=\"683\" data-id=\"907\" src=\"https:\/\/zde.wfosigw.zgora.pl\/wp-content\/uploads\/2025\/06\/IMG-20250617-WA0011-1024x683.jpg\" alt=\"\" class=\"wp-image-907\" srcset=\"https:\/\/zde.wfosigw.zgora.pl\/wp-content\/uploads\/2025\/06\/IMG-20250617-WA0011-1024x683.jpg 1024w, https:\/\/zde.wfosigw.zgora.pl\/wp-content\/uploads\/2025\/06\/IMG-20250617-WA0011-300x200.jpg 300w, https:\/\/zde.wfosigw.zgora.pl\/wp-content\/uploads\/2025\/06\/IMG-20250617-WA0011-768x512.jpg 768w, https:\/\/zde.wfosigw.zgora.pl\/wp-content\/uploads\/2025\/06\/IMG-20250617-WA0011-1536x1024.jpg 1536w, https:\/\/zde.wfosigw.zgora.pl\/wp-content\/uploads\/2025\/06\/IMG-20250617-WA0011-930x620.jpg 930w, https:\/\/zde.wfosigw.zgora.pl\/wp-content\/uploads\/2025\/06\/IMG-20250617-WA0011.jpg 2048w\" sizes=\"auto, (max-width: 1024px) 100vw, 1024px\" \/><\/figure>\n\n\n\n<figure class=\"wp-block-image size-large\"><img loading=\"lazy\" decoding=\"async\" width=\"1024\" height=\"768\" data-id=\"906\" src=\"https:\/\/zde.wfosigw.zgora.pl\/wp-content\/uploads\/2025\/06\/IMG-20250617-WA0007-1024x768.jpg\" alt=\"\" class=\"wp-image-906\" srcset=\"https:\/\/zde.wfosigw.zgora.pl\/wp-content\/uploads\/2025\/06\/IMG-20250617-WA0007-1024x768.jpg 1024w, https:\/\/zde.wfosigw.zgora.pl\/wp-content\/uploads\/2025\/06\/IMG-20250617-WA0007-300x225.jpg 300w, https:\/\/zde.wfosigw.zgora.pl\/wp-content\/uploads\/2025\/06\/IMG-20250617-WA0007-768x576.jpg 768w, https:\/\/zde.wfosigw.zgora.pl\/wp-content\/uploads\/2025\/06\/IMG-20250617-WA0007-1536x1152.jpg 1536w, https:\/\/zde.wfosigw.zgora.pl\/wp-content\/uploads\/2025\/06\/IMG-20250617-WA0007.jpg 2016w\" sizes=\"auto, (max-width: 1024px) 100vw, 1024px\" \/><\/figure>\n\n\n\n<figure class=\"wp-block-image size-large\"><img loading=\"lazy\" decoding=\"async\" width=\"1024\" height=\"768\" data-id=\"905\" src=\"https:\/\/zde.wfosigw.zgora.pl\/wp-content\/uploads\/2025\/06\/IMG-20250617-WA0005-1024x768.jpg\" alt=\"\" class=\"wp-image-905\" srcset=\"https:\/\/zde.wfosigw.zgora.pl\/wp-content\/uploads\/2025\/06\/IMG-20250617-WA0005-1024x768.jpg 1024w, https:\/\/zde.wfosigw.zgora.pl\/wp-content\/uploads\/2025\/06\/IMG-20250617-WA0005-300x225.jpg 300w, https:\/\/zde.wfosigw.zgora.pl\/wp-content\/uploads\/2025\/06\/IMG-20250617-WA0005-768x576.jpg 768w, https:\/\/zde.wfosigw.zgora.pl\/wp-content\/uploads\/2025\/06\/IMG-20250617-WA0005-1536x1152.jpg 1536w, https:\/\/zde.wfosigw.zgora.pl\/wp-content\/uploads\/2025\/06\/IMG-20250617-WA0005.jpg 2040w\" sizes=\"auto, (max-width: 1024px) 100vw, 1024px\" \/><\/figure>\n\n\n\n<figure class=\"wp-block-image size-large\"><img loading=\"lazy\" decoding=\"async\" width=\"1024\" height=\"768\" data-id=\"904\" src=\"https:\/\/zde.wfosigw.zgora.pl\/wp-content\/uploads\/2025\/06\/IMG-20250617-WA0003-1024x768.jpg\" alt=\"\" class=\"wp-image-904\" srcset=\"https:\/\/zde.wfosigw.zgora.pl\/wp-content\/uploads\/2025\/06\/IMG-20250617-WA0003-1024x768.jpg 1024w, https:\/\/zde.wfosigw.zgora.pl\/wp-content\/uploads\/2025\/06\/IMG-20250617-WA0003-300x225.jpg 300w, https:\/\/zde.wfosigw.zgora.pl\/wp-content\/uploads\/2025\/06\/IMG-20250617-WA0003-768x576.jpg 768w, https:\/\/zde.wfosigw.zgora.pl\/wp-content\/uploads\/2025\/06\/IMG-20250617-WA0003-1536x1152.jpg 1536w, https:\/\/zde.wfosigw.zgora.pl\/wp-content\/uploads\/2025\/06\/IMG-20250617-WA0003.jpg 2016w\" sizes=\"auto, (max-width: 1024px) 100vw, 1024px\" \/><\/figure>\n<\/figure>\n","protected":false},"excerpt":{"rendered":"<p>W dniach 16\u201317 czerwca 2025 r. Doradcy Energetyczni z WFO\u015aiGW w Zielonej G\u00f3rze uczestniczyli w XIII edycji Og\u00f3lnopolskiego Szczytu Energetycznego OSE GDA\u0143SK 2025, kt\u00f3ry tradycyjnie odby\u0142 si\u0119 w niezwyk\u0142ej przestrzeni Muzeum II Wojny \u015awiatowej w Gda\u0144sku. Tegoroczny Szczyt odbywa\u0142 si\u0119 pod has\u0142em: \u201eBezpiecze\u0144stwo energetyczne Europy \u2013 rewizja europejskiej polityki energetycznej\u201d, gromadz\u0105c czo\u0142owych przedstawicieli \u015bwiata polityki,&hellip;&nbsp;<a href=\"https:\/\/zde.wfosigw.zgora.pl\/index.php\/2025\/06\/18\/doradcy-energetyczni-wfosigw-na-xiii-ogolnopolskim-szczycie-energetycznym-ose-gdansk-2025\/\" rel=\"bookmark\">Dowiedz si\u0119 wi\u0119cej &raquo;<span class=\"screen-reader-text\">Doradcy Energetyczni WFO\u015aiGW na XIII Og\u00f3lnopolskim Szczycie Energetycznym OSE GDA\u0143SK 2025<\/span><\/a><\/p>\n","protected":false},"author":3,"featured_media":905,"comment_status":"closed","ping_status":"closed","sticky":false,"template":"","format":"standard","meta":{"neve_meta_sidebar":"","neve_meta_container":"","neve_meta_enable_content_width":"","neve_meta_content_width":0,"neve_meta_title_alignment":"","neve_meta_author_avatar":"","neve_post_elements_order":"","neve_meta_disable_header":"","neve_meta_disable_footer":"","neve_meta_disable_title":"","_themeisle_gutenberg_block_has_review":false,"footnotes":""},"categories":[8],"tags":[],"class_list":["post-903","post","type-post","status-publish","format-standard","has-post-thumbnail","hentry","category-aktualnosci"],"_links":{"self":[{"href":"https:\/\/zde.wfosigw.zgora.pl\/index.php\/wp-json\/wp\/v2\/posts\/903","targetHints":{"allow":["GET"]}}],"collection":[{"href":"https:\/\/zde.wfosigw.zgora.pl\/index.php\/wp-json\/wp\/v2\/posts"}],"about":[{"href":"https:\/\/zde.wfosigw.zgora.pl\/index.php\/wp-json\/wp\/v2\/types\/post"}],"author":[{"embeddable":true,"href":"https:\/\/zde.wfosigw.zgora.pl\/index.php\/wp-json\/wp\/v2\/users\/3"}],"replies":[{"embeddable":true,"href":"https:\/\/zde.wfosigw.zgora.pl\/index.php\/wp-json\/wp\/v2\/comments?post=903"}],"version-history":[{"count":4,"href":"https:\/\/zde.wfosigw.zgora.pl\/index.php\/wp-json\/wp\/v2\/posts\/903\/revisions"}],"predecessor-version":[{"id":913,"href":"https:\/\/zde.wfosigw.zgora.pl\/index.php\/wp-json\/wp\/v2\/posts\/903\/revisions\/913"}],"wp:featuredmedia":[{"embeddable":true,"href":"https:\/\/zde.wfosigw.zgora.pl\/index.php\/wp-json\/wp\/v2\/media\/905"}],"wp:attachment":[{"href":"https:\/\/zde.wfosigw.zgora.pl\/index.php\/wp-json\/wp\/v2\/media?parent=903"}],"wp:term":[{"taxonomy":"category","embeddable":true,"href":"https:\/\/zde.wfosigw.zgora.pl\/index.php\/wp-json\/wp\/v2\/categories?post=903"},{"taxonomy":"post_tag","embeddable":true,"href":"https:\/\/zde.wfosigw.zgora.pl\/index.php\/wp-json\/wp\/v2\/tags?post=903"}],"curies":[{"name":"wp","href":"https:\/\/api.w.org\/{rel}","templated":true}]}}