{"id":919,"date":"2025-07-25T12:50:47","date_gmt":"2025-07-25T11:50:47","guid":{"rendered":"https:\/\/zde.wfosigw.zgora.pl\/?p=919"},"modified":"2025-07-25T12:50:48","modified_gmt":"2025-07-25T11:50:48","slug":"ekologiczne-inwestycje-zyskuja-na-popularnosci-doradczy-piatek-za-nami","status":"publish","type":"post","link":"https:\/\/zde.wfosigw.zgora.pl\/index.php\/2025\/07\/25\/ekologiczne-inwestycje-zyskuja-na-popularnosci-doradczy-piatek-za-nami\/","title":{"rendered":"Ekologiczne inwestycje zyskuj\u0105 na popularno\u015bci \u2013 Doradczy Pi\u0105tek za nami!"},"content":{"rendered":"\n<figure class=\"wp-block-image size-large\"><img loading=\"lazy\" decoding=\"async\" width=\"1024\" height=\"102\" src=\"https:\/\/zde.wfosigw.zgora.pl\/wp-content\/uploads\/2025\/05\/obraz-1024x102.png\" alt=\"\" class=\"wp-image-816\" srcset=\"https:\/\/zde.wfosigw.zgora.pl\/wp-content\/uploads\/2025\/05\/obraz-1024x102.png 1024w, https:\/\/zde.wfosigw.zgora.pl\/wp-content\/uploads\/2025\/05\/obraz-300x30.png 300w, https:\/\/zde.wfosigw.zgora.pl\/wp-content\/uploads\/2025\/05\/obraz-768x77.png 768w, https:\/\/zde.wfosigw.zgora.pl\/wp-content\/uploads\/2025\/05\/obraz.png 1239w\" sizes=\"auto, (max-width: 1024px) 100vw, 1024px\" \/><\/figure>\n\n\n\n<p>Serdecznie dzi\u0119kujemy wszystkim, kt\u00f3rzy dzi\u015b, <strong>25 lipca 2025 r.<\/strong>  odwiedzili nas w siedzibie <strong>WFO\u015aiGW w Zielonej G\u00f3rze<\/strong> podczas akcji <strong>Doradczy Pi\u0105tek<\/strong>. Nasi <strong>Doradcy Energetyczni<\/strong> mieli przyjemno\u015b\u0107 udzieli\u0107 wielu indywidualnych konsultacji, pomagaj\u0105c w planowaniu i finansowaniu inwestycji proekologicznych.<\/p>\n\n\n\n<p>Cieszymy si\u0119, \u017ce tak wiele os\u00f3b chce dzia\u0142a\u0107 na rzecz czystszego powietrza i bardziej ekologicznego otoczenia. \u017byczymy powodzenia w realizacji zielonych inwestycji i skutecznego pozyskiwania dofinansowa\u0144!<\/p>\n\n\n\n<p>&#x1f4cc; <strong>Planujesz ekologiczn\u0105 inwestycj\u0119 i potrzebujesz wsparcia?<\/strong> \u015aled\u017a nasze informacje i pami\u0119taj, z wiedzy i do\u015bwiadczenia naszych Doradc\u00f3w mo\u017cesz korzysta\u0107 <strong>ka\u017cdego dnia<\/strong>!<\/p>\n\n\n\n<p>&#x27a1;&#xfe0f; <strong>Zach\u0119camy do kontaktu i udzia\u0142u w kolejnych edycjach Doradczego Pi\u0105tku.<\/strong> <\/p>\n\n\n\n<p>Razem zrobimy krok w stron\u0119 ekologicznej przysz\u0142o\u015bci! &#x1f331;&#x1f49a;<\/p>\n\n\n\n<figure class=\"wp-block-gallery has-nested-images columns-default is-cropped wp-block-gallery-1 is-layout-flex wp-block-gallery-is-layout-flex\">\n<figure class=\"wp-block-image size-large\"><img loading=\"lazy\" decoding=\"async\" width=\"768\" height=\"1024\" data-id=\"921\" src=\"https:\/\/zde.wfosigw.zgora.pl\/wp-content\/uploads\/2025\/07\/IMG-20250725-WA0001-1-768x1024.jpg\" alt=\"\" class=\"wp-image-921\" srcset=\"https:\/\/zde.wfosigw.zgora.pl\/wp-content\/uploads\/2025\/07\/IMG-20250725-WA0001-1-768x1024.jpg 768w, https:\/\/zde.wfosigw.zgora.pl\/wp-content\/uploads\/2025\/07\/IMG-20250725-WA0001-1-225x300.jpg 225w, https:\/\/zde.wfosigw.zgora.pl\/wp-content\/uploads\/2025\/07\/IMG-20250725-WA0001-1-1152x1536.jpg 1152w, https:\/\/zde.wfosigw.zgora.pl\/wp-content\/uploads\/2025\/07\/IMG-20250725-WA0001-1.jpg 1536w\" sizes=\"auto, (max-width: 768px) 100vw, 768px\" \/><\/figure>\n\n\n\n<figure class=\"wp-block-image size-large\"><img loading=\"lazy\" decoding=\"async\" width=\"768\" height=\"1024\" data-id=\"922\" src=\"https:\/\/zde.wfosigw.zgora.pl\/wp-content\/uploads\/2025\/07\/IMG-20250725-WA0002-768x1024.jpg\" alt=\"\" class=\"wp-image-922\" srcset=\"https:\/\/zde.wfosigw.zgora.pl\/wp-content\/uploads\/2025\/07\/IMG-20250725-WA0002-768x1024.jpg 768w, https:\/\/zde.wfosigw.zgora.pl\/wp-content\/uploads\/2025\/07\/IMG-20250725-WA0002-225x300.jpg 225w, https:\/\/zde.wfosigw.zgora.pl\/wp-content\/uploads\/2025\/07\/IMG-20250725-WA0002-1152x1536.jpg 1152w, https:\/\/zde.wfosigw.zgora.pl\/wp-content\/uploads\/2025\/07\/IMG-20250725-WA0002.jpg 1200w\" sizes=\"auto, (max-width: 768px) 100vw, 768px\" \/><\/figure>\n\n\n\n<figure class=\"wp-block-image size-large\"><img loading=\"lazy\" decoding=\"async\" width=\"768\" height=\"1024\" data-id=\"923\" src=\"https:\/\/zde.wfosigw.zgora.pl\/wp-content\/uploads\/2025\/07\/IMG-20250725-WA0003-768x1024.jpg\" alt=\"\" class=\"wp-image-923\" srcset=\"https:\/\/zde.wfosigw.zgora.pl\/wp-content\/uploads\/2025\/07\/IMG-20250725-WA0003-768x1024.jpg 768w, https:\/\/zde.wfosigw.zgora.pl\/wp-content\/uploads\/2025\/07\/IMG-20250725-WA0003-225x300.jpg 225w, https:\/\/zde.wfosigw.zgora.pl\/wp-content\/uploads\/2025\/07\/IMG-20250725-WA0003-1152x1536.jpg 1152w, https:\/\/zde.wfosigw.zgora.pl\/wp-content\/uploads\/2025\/07\/IMG-20250725-WA0003.jpg 1200w\" sizes=\"auto, (max-width: 768px) 100vw, 768px\" \/><\/figure>\n<\/figure>\n\n\n\n<p class=\"has-text-align-center\">Projekt Doradztwa Energetycznego finansowany jest w ramach Programu FEnIKS na lata 2021 -2027<\/p>\n\n\n\n<p class=\"has-text-align-center\"><strong>Og\u00f3lnopolski Projekt Doradztwa Energetycznego<\/strong> to operacja o znaczeniu strategicznym, kt\u00f3ra wnosi istotny wk\u0142ad w realizacj\u0119 cel\u00f3w programu FEnIKS 2021\u20132027.<\/p>\n\n\n\n<p class=\"has-text-align-center\"><strong>Partner wiod\u0105cy:<\/strong> NFO\u015aiGW w Warszawie we wsp\u00f3\u0142pracy z 16 WFO\u015aiGW.<\/p>\n\n\n\n<p class=\"has-text-align-center\"><a href=\"https:\/\/www.facebook.com\/hashtag\/funduszeeuropejskie?__eep__=6&amp;__cft__%5b0%5d=AZX_mGXzI29o87ENpYKLJsrGfFyFHsxi-Ptw5eJP3GOlcoh-I37x389j69vs-s7mB9rx32diqYE2WA3u8jGwf1eDoutQ2Ms8X_D2xD42OSlhGi94Gr-5985EMG8cYDnb3GK1Zt8O6E5vNir8cMQ3WFxFtA7Lz3gN6m8gUDyMmC7C-4BI4j3OuFS9U1PFl4DVJHw&amp;__tn__=*NK-R\">#FunduszeEuropejskie<\/a>&nbsp;<a href=\"https:\/\/www.facebook.com\/hashtag\/funduszeeu?__eep__=6&amp;__cft__%5b0%5d=AZX_mGXzI29o87ENpYKLJsrGfFyFHsxi-Ptw5eJP3GOlcoh-I37x389j69vs-s7mB9rx32diqYE2WA3u8jGwf1eDoutQ2Ms8X_D2xD42OSlhGi94Gr-5985EMG8cYDnb3GK1Zt8O6E5vNir8cMQ3WFxFtA7Lz3gN6m8gUDyMmC7C-4BI4j3OuFS9U1PFl4DVJHw&amp;__tn__=*NK-R\">#FunduszeEU<\/a><\/p>\n","protected":false},"excerpt":{"rendered":"<p>Serdecznie dzi\u0119kujemy wszystkim, kt\u00f3rzy dzi\u015b, 25 lipca 2025 r. odwiedzili nas w siedzibie WFO\u015aiGW w Zielonej G\u00f3rze podczas akcji Doradczy Pi\u0105tek. Nasi Doradcy Energetyczni mieli przyjemno\u015b\u0107 udzieli\u0107 wielu indywidualnych konsultacji, pomagaj\u0105c w planowaniu i finansowaniu inwestycji proekologicznych. Cieszymy si\u0119, \u017ce tak wiele os\u00f3b chce dzia\u0142a\u0107 na rzecz czystszego powietrza i bardziej ekologicznego otoczenia. \u017byczymy powodzenia&hellip;&nbsp;<a href=\"https:\/\/zde.wfosigw.zgora.pl\/index.php\/2025\/07\/25\/ekologiczne-inwestycje-zyskuja-na-popularnosci-doradczy-piatek-za-nami\/\" rel=\"bookmark\">Dowiedz si\u0119 wi\u0119cej &raquo;<span class=\"screen-reader-text\">Ekologiczne inwestycje zyskuj\u0105 na popularno\u015bci \u2013 Doradczy Pi\u0105tek za nami!<\/span><\/a><\/p>\n","protected":false},"author":3,"featured_media":923,"comment_status":"closed","ping_status":"closed","sticky":false,"template":"","format":"standard","meta":{"neve_meta_sidebar":"","neve_meta_container":"","neve_meta_enable_content_width":"","neve_meta_content_width":0,"neve_meta_title_alignment":"","neve_meta_author_avatar":"","neve_post_elements_order":"","neve_meta_disable_header":"","neve_meta_disable_footer":"","neve_meta_disable_title":"","_themeisle_gutenberg_block_has_review":false,"footnotes":""},"categories":[8],"tags":[],"class_list":["post-919","post","type-post","status-publish","format-standard","has-post-thumbnail","hentry","category-aktualnosci"],"_links":{"self":[{"href":"https:\/\/zde.wfosigw.zgora.pl\/index.php\/wp-json\/wp\/v2\/posts\/919","targetHints":{"allow":["GET"]}}],"collection":[{"href":"https:\/\/zde.wfosigw.zgora.pl\/index.php\/wp-json\/wp\/v2\/posts"}],"about":[{"href":"https:\/\/zde.wfosigw.zgora.pl\/index.php\/wp-json\/wp\/v2\/types\/post"}],"author":[{"embeddable":true,"href":"https:\/\/zde.wfosigw.zgora.pl\/index.php\/wp-json\/wp\/v2\/users\/3"}],"replies":[{"embeddable":true,"href":"https:\/\/zde.wfosigw.zgora.pl\/index.php\/wp-json\/wp\/v2\/comments?post=919"}],"version-history":[{"count":1,"href":"https:\/\/zde.wfosigw.zgora.pl\/index.php\/wp-json\/wp\/v2\/posts\/919\/revisions"}],"predecessor-version":[{"id":924,"href":"https:\/\/zde.wfosigw.zgora.pl\/index.php\/wp-json\/wp\/v2\/posts\/919\/revisions\/924"}],"wp:featuredmedia":[{"embeddable":true,"href":"https:\/\/zde.wfosigw.zgora.pl\/index.php\/wp-json\/wp\/v2\/media\/923"}],"wp:attachment":[{"href":"https:\/\/zde.wfosigw.zgora.pl\/index.php\/wp-json\/wp\/v2\/media?parent=919"}],"wp:term":[{"taxonomy":"category","embeddable":true,"href":"https:\/\/zde.wfosigw.zgora.pl\/index.php\/wp-json\/wp\/v2\/categories?post=919"},{"taxonomy":"post_tag","embeddable":true,"href":"https:\/\/zde.wfosigw.zgora.pl\/index.php\/wp-json\/wp\/v2\/tags?post=919"}],"curies":[{"name":"wp","href":"https:\/\/api.w.org\/{rel}","templated":true}]}}