{"id":935,"date":"2025-08-13T08:29:17","date_gmt":"2025-08-13T07:29:17","guid":{"rendered":"https:\/\/zde.wfosigw.zgora.pl\/?p=935"},"modified":"2025-08-13T08:29:18","modified_gmt":"2025-08-13T07:29:18","slug":"szkolenie-finansowanie-inwestycji-w-ramach-programu-moj-prad-za-nami","status":"publish","type":"post","link":"https:\/\/zde.wfosigw.zgora.pl\/index.php\/2025\/08\/13\/szkolenie-finansowanie-inwestycji-w-ramach-programu-moj-prad-za-nami\/","title":{"rendered":"Szkolenie \u201eFinansowanie inwestycji w ramach Programu M\u00f3j Pr\u0105d\u201d za nami"},"content":{"rendered":"\n<figure class=\"wp-block-image size-full is-resized\"><img loading=\"lazy\" decoding=\"async\" width=\"619\" height=\"60\" src=\"https:\/\/zde.wfosigw.zgora.pl\/wp-content\/uploads\/2025\/06\/image.png\" alt=\"\" class=\"wp-image-879\" style=\"width:819px;height:auto\" srcset=\"https:\/\/zde.wfosigw.zgora.pl\/wp-content\/uploads\/2025\/06\/image.png 619w, https:\/\/zde.wfosigw.zgora.pl\/wp-content\/uploads\/2025\/06\/image-300x29.png 300w\" sizes=\"auto, (max-width: 619px) 100vw, 619px\" \/><\/figure>\n\n\n\n<figure class=\"wp-block-image size-large\"><img loading=\"lazy\" decoding=\"async\" width=\"1024\" height=\"768\" src=\"https:\/\/zde.wfosigw.zgora.pl\/wp-content\/uploads\/2025\/08\/1000030596-1024x768.jpg\" alt=\"\" class=\"wp-image-938\" srcset=\"https:\/\/zde.wfosigw.zgora.pl\/wp-content\/uploads\/2025\/08\/1000030596-1024x768.jpg 1024w, https:\/\/zde.wfosigw.zgora.pl\/wp-content\/uploads\/2025\/08\/1000030596-300x225.jpg 300w, https:\/\/zde.wfosigw.zgora.pl\/wp-content\/uploads\/2025\/08\/1000030596-768x576.jpg 768w, https:\/\/zde.wfosigw.zgora.pl\/wp-content\/uploads\/2025\/08\/1000030596-1536x1152.jpg 1536w, https:\/\/zde.wfosigw.zgora.pl\/wp-content\/uploads\/2025\/08\/1000030596-2048x1536.jpg 2048w\" sizes=\"auto, (max-width: 1024px) 100vw, 1024px\" \/><\/figure>\n\n\n\n<p>W dniu <strong>8 sierpnia 2025 r.<\/strong> odby\u0142o si\u0119 szkolenie online zorganizowane przez <strong>Doradc\u00f3w Energetycznych w ramach Projektu Doradztwa Energetycznego<\/strong>, dzia\u0142aj\u0105cych przy <strong>Wojew\u00f3dzkim Funduszu Ochrony \u015arodowiska i Gospodarki Wodnej w Zielonej G\u00f3rze<\/strong>.<\/p>\n\n\n\n<p>Tematem spotkania by\u0142o <strong>finansowanie inwestycji w ramach Programu \u201eM\u00f3j Pr\u0105d\u201d<\/strong>.<\/p>\n\n\n\n<p>Podczas szkolenia uczestnicy zapoznali si\u0119 z:<\/p>\n\n\n\n<ul class=\"wp-block-list\">\n<li>zasadami realizacji inwestycji,<\/li>\n\n\n\n<li>mo\u017cliwo\u015bciami uzyskania dofinansowania,<\/li>\n\n\n\n<li>praktycznymi wskaz\u00f3wkami dotycz\u0105cymi sk\u0142adania wniosk\u00f3w.<\/li>\n<\/ul>\n\n\n\n<p>Szkolenie zosta\u0142o przeprowadzone online za po\u015brednictwem platformy Microsoft Teams i spotka\u0142o si\u0119 z du\u017cym zainteresowaniem.<\/p>\n\n\n\n<p>Dzi\u0119kujemy za udzia\u0142 i zapraszamy na kolejne spotkania organizowane przez Doradc\u00f3w Energetycznych.<\/p>\n\n\n\n<p class=\"has-text-align-center\">Szkolenie by\u0142o kolejnym spotkaniem realizowanym w ramach \u00a0kampanii informacyjno \u2013 edukacyjnej:<\/p>\n\n\n\n<p class=\"has-text-align-center\"><strong><em>\u201eWsp\u00f3lnie dla klimatu \u2013<\/em><\/strong> <strong><em>zrealizuj inwestycj\u0119 razem z nami\u201d.<\/em><\/strong><\/p>\n\n\n\n<p class=\"has-text-align-center\">W ramach kampanii realizowany jest m.in. cykl szkole\u0144, warsztat\u00f3w i spotka\u0144 dla przedstawicieli jst, os\u00f3b fizycznych oraz przedsi\u0119biorc\u00f3w.<\/p>\n\n\n\n<p class=\"has-text-align-center\"><em>Szkolenie zrealizowane w ramach Projektu Doradztwa Energetycznego finansowanego w ramach FEnIKS na lata 2021 \u2013 2027<\/em><\/p>\n\n\n\n<p class=\"has-text-align-center\"><strong><em>Og\u00f3lnopolski Projekt Doradztwa Energetycznego jest jednocze\u015bnie Operacj\u0105 o&nbsp;znaczeniu strategicznym, kt\u00f3ra wnosi znacz\u0105cy wk\u0142ad w&nbsp;osi\u0105ganie cel\u00f3w programu FEnIKS 2021-2027.<\/em><\/strong><\/p>\n\n\n\n<p class=\"has-text-align-center\"><strong><em>Beneficjent i&nbsp;Partner Wiod\u0105cy: NFO\u015aiGW w&nbsp;Warszawie<\/em><\/strong><\/p>\n\n\n\n<p class=\"has-text-align-center\"><strong><em>Partnerzy: WFO\u015aiGW w&nbsp;Bia\u0142ymstoku, WFO\u015aiGW w&nbsp;Gda\u0144sku, WFO\u015aiGW w&nbsp;Katowicach, WFO\u015aiGW w&nbsp;Kielcach, WFO\u015aiGW w&nbsp;Krakowie, WFO\u015aiGW w&nbsp;Lublinie, WFO\u015aiGW w&nbsp;\u0141odzi, WFO\u015aiGW w&nbsp;Olsztynie, WFO\u015aiGW w&nbsp;Opolu, WFO\u015aiGW w&nbsp;Poznaniu, WFO\u015aiGW w&nbsp;Rzeszowie, WFO\u015aiGW w&nbsp;Szczecinie, WFO\u015aiGW w&nbsp;Toruniu, WFO\u015aiGW w&nbsp;Warszawie, WFO\u015aiGW w&nbsp;Zielonej G\u00f3rze, WFO\u015aiGW we Wroc\u0142awiu.<\/em><\/strong><\/p>\n\n\n\n<p class=\"has-text-align-center\"><a href=\"https:\/\/www.funduszeeuropejskie.gov.pl\/\"><strong><em>Fundusze Europejskie<\/em><\/strong><\/a><\/p>\n\n\n\n<p class=\"has-text-align-center\"><a href=\"https:\/\/www.feniks.gov.pl\/\"><strong><em>FEnIKS 2021-2027<\/em><\/strong><\/a><\/p>\n","protected":false},"excerpt":{"rendered":"<p>W dniu 8 sierpnia 2025 r. odby\u0142o si\u0119 szkolenie online zorganizowane przez Doradc\u00f3w Energetycznych w ramach Projektu Doradztwa Energetycznego, dzia\u0142aj\u0105cych przy Wojew\u00f3dzkim Funduszu Ochrony \u015arodowiska i Gospodarki Wodnej w Zielonej G\u00f3rze. Tematem spotkania by\u0142o finansowanie inwestycji w ramach Programu \u201eM\u00f3j Pr\u0105d\u201d. Podczas szkolenia uczestnicy zapoznali si\u0119 z: Szkolenie zosta\u0142o przeprowadzone online za po\u015brednictwem platformy Microsoft&hellip;&nbsp;<a href=\"https:\/\/zde.wfosigw.zgora.pl\/index.php\/2025\/08\/13\/szkolenie-finansowanie-inwestycji-w-ramach-programu-moj-prad-za-nami\/\" rel=\"bookmark\">Dowiedz si\u0119 wi\u0119cej &raquo;<span class=\"screen-reader-text\">Szkolenie \u201eFinansowanie inwestycji w ramach Programu M\u00f3j Pr\u0105d\u201d za nami<\/span><\/a><\/p>\n","protected":false},"author":3,"featured_media":905,"comment_status":"closed","ping_status":"closed","sticky":false,"template":"","format":"standard","meta":{"neve_meta_sidebar":"","neve_meta_container":"","neve_meta_enable_content_width":"","neve_meta_content_width":0,"neve_meta_title_alignment":"","neve_meta_author_avatar":"","neve_post_elements_order":"","neve_meta_disable_header":"","neve_meta_disable_footer":"","neve_meta_disable_title":"","_themeisle_gutenberg_block_has_review":false,"footnotes":""},"categories":[8],"tags":[],"class_list":["post-935","post","type-post","status-publish","format-standard","has-post-thumbnail","hentry","category-aktualnosci"],"_links":{"self":[{"href":"https:\/\/zde.wfosigw.zgora.pl\/index.php\/wp-json\/wp\/v2\/posts\/935","targetHints":{"allow":["GET"]}}],"collection":[{"href":"https:\/\/zde.wfosigw.zgora.pl\/index.php\/wp-json\/wp\/v2\/posts"}],"about":[{"href":"https:\/\/zde.wfosigw.zgora.pl\/index.php\/wp-json\/wp\/v2\/types\/post"}],"author":[{"embeddable":true,"href":"https:\/\/zde.wfosigw.zgora.pl\/index.php\/wp-json\/wp\/v2\/users\/3"}],"replies":[{"embeddable":true,"href":"https:\/\/zde.wfosigw.zgora.pl\/index.php\/wp-json\/wp\/v2\/comments?post=935"}],"version-history":[{"count":1,"href":"https:\/\/zde.wfosigw.zgora.pl\/index.php\/wp-json\/wp\/v2\/posts\/935\/revisions"}],"predecessor-version":[{"id":940,"href":"https:\/\/zde.wfosigw.zgora.pl\/index.php\/wp-json\/wp\/v2\/posts\/935\/revisions\/940"}],"wp:featuredmedia":[{"embeddable":true,"href":"https:\/\/zde.wfosigw.zgora.pl\/index.php\/wp-json\/wp\/v2\/media\/905"}],"wp:attachment":[{"href":"https:\/\/zde.wfosigw.zgora.pl\/index.php\/wp-json\/wp\/v2\/media?parent=935"}],"wp:term":[{"taxonomy":"category","embeddable":true,"href":"https:\/\/zde.wfosigw.zgora.pl\/index.php\/wp-json\/wp\/v2\/categories?post=935"},{"taxonomy":"post_tag","embeddable":true,"href":"https:\/\/zde.wfosigw.zgora.pl\/index.php\/wp-json\/wp\/v2\/tags?post=935"}],"curies":[{"name":"wp","href":"https:\/\/api.w.org\/{rel}","templated":true}]}}