{"id":942,"date":"2025-08-04T07:34:41","date_gmt":"2025-08-04T06:34:41","guid":{"rendered":"https:\/\/zde.wfosigw.zgora.pl\/?p=942"},"modified":"2025-08-14T07:42:42","modified_gmt":"2025-08-14T06:42:42","slug":"ekologia-edukacja-i-swietna-zabawa-dziekujemy-za-wspolne-chwile-na-xvii-festiwalu-kultury-lowieckiej-w-bytnicy","status":"publish","type":"post","link":"https:\/\/zde.wfosigw.zgora.pl\/index.php\/2025\/08\/04\/ekologia-edukacja-i-swietna-zabawa-dziekujemy-za-wspolne-chwile-na-xvii-festiwalu-kultury-lowieckiej-w-bytnicy\/","title":{"rendered":"Ekologia, edukacja i \u015bwietna zabawa \u2013 dzi\u0119kujemy za wsp\u00f3lne chwile na XVII Festiwalu Kultury \u0141owieckiej w Bytnicy!"},"content":{"rendered":"\n<figure class=\"wp-block-image size-full is-resized\"><img loading=\"lazy\" decoding=\"async\" width=\"619\" height=\"60\" src=\"https:\/\/zde.wfosigw.zgora.pl\/wp-content\/uploads\/2025\/06\/image.png\" alt=\"\" class=\"wp-image-879\" style=\"width:746px;height:auto\" srcset=\"https:\/\/zde.wfosigw.zgora.pl\/wp-content\/uploads\/2025\/06\/image.png 619w, https:\/\/zde.wfosigw.zgora.pl\/wp-content\/uploads\/2025\/06\/image-300x29.png 300w\" sizes=\"auto, (max-width: 619px) 100vw, 619px\" \/><\/figure>\n\n\n\n<p>2 sierpnia br. mieli\u015bmy przyjemno\u015b\u0107 uczestniczy\u0107 w XVII Festiwalu Kultury \u0141owieckiej w Bytnicy \u2013 wydarzeniu, kt\u00f3re nie tylko piel\u0119gnuje lokalne tradycje, ale r\u00f3wnie\u017c stwarza przestrze\u0144 do rozm\u00f3w o przysz\u0142o\u015bci naszej planety. Na festiwalu zaprezentowali\u015bmy stoisko Doradztwa Energetycznego w ramach Projektu Doradztwa Energetycznego \u2013 WFO\u015aiGW w Zielonej G\u00f3rze.<\/p>\n\n\n\n<p>Nasze stoisko odwiedzi\u0142o wiele os\u00f3b, a zainteresowanie przeros\u0142o nasze oczekiwania. Szczeg\u00f3lne podzi\u0119kowania kierujemy do rodzin z dzie\u0107mi \u2013 to w\u0142a\u015bnie dzi\u0119ki Wam mogli\u015bmy w praktyce realizowa\u0107 cele edukacji ekologicznej. Dzieci z zapa\u0142em bra\u0142y udzia\u0142 w kreatywnych aktywno\u015bciach, a rodzice ch\u0119tnie rozmawiali z naszymi doradcami o mo\u017cliwo\u015bciach skorzystania z program\u00f3w wspieraj\u0105cych ekologiczne inwestycje, takich jak \u201eCzyste Powietrze\u201d czy Projekt Doradztwa Energetycznego.<\/p>\n\n\n\n<p>Cieszymy si\u0119, \u017ce wsp\u00f3lnie uda\u0142o si\u0119 stworzy\u0107 miejsce otwarte na dialog, wymian\u0119 wiedzy i inspiracj\u0119 do wprowadzania zmian, kt\u00f3re s\u0142u\u017c\u0105 \u015brodowisku. Nasza strefa chilloutu, konkursy ekologiczne, zdrowe przek\u0105ski i k\u0105cik dla najm\u0142odszych spotka\u0142y si\u0119 z bardzo ciep\u0142ym przyj\u0119ciem, co tylko utwierdza nas w przekonaniu, \u017ce takie inicjatywy maj\u0105 realn\u0105 warto\u015b\u0107.<\/p>\n\n\n\n<p>Gratulujemy organizatorom za wzorowe przygotowanie wydarzenia \u2013 za atmosfer\u0119, r\u00f3\u017cnorodno\u015b\u0107 atrakcji i profesjonalizm. Z dum\u0105 byli\u015bmy cz\u0119\u015bci\u0105 tego wyj\u0105tkowego dnia.<\/p>\n\n\n\n<p>Dzi\u0119kujemy za wszystkie rozmowy, u\u015bmiechy i wsp\u00f3lne chwile \u2013 do zobaczenia za rok!<\/p>\n\n\n\n<p class=\"has-text-align-center\">Projekt Doradztwa Energetycznego finansowany jest w ramach Programu FEnIKS na lata 2021 -2027<\/p>\n\n\n\n<p class=\"has-text-align-center\"><strong>Og\u00f3lnopolski Projekt Doradztwa Energetycznego<\/strong> to operacja o znaczeniu strategicznym, kt\u00f3ra wnosi istotny wk\u0142ad w realizacj\u0119 cel\u00f3w programu FEnIKS 2021\u20132027.<\/p>\n\n\n\n<p class=\"has-text-align-center\"><strong>Partner wiod\u0105cy:<\/strong> NFO\u015aiGW w Warszawie we wsp\u00f3\u0142pracy z 16 WFO\u015aiGW.<\/p>\n\n\n\n<p class=\"has-text-align-center\"><a href=\"https:\/\/www.facebook.com\/hashtag\/funduszeeuropejskie?__eep__=6&amp;__cft__%5b0%5d=AZX_mGXzI29o87ENpYKLJsrGfFyFHsxi-Ptw5eJP3GOlcoh-I37x389j69vs-s7mB9rx32diqYE2WA3u8jGwf1eDoutQ2Ms8X_D2xD42OSlhGi94Gr-5985EMG8cYDnb3GK1Zt8O6E5vNir8cMQ3WFxFtA7Lz3gN6m8gUDyMmC7C-4BI4j3OuFS9U1PFl4DVJHw&amp;__tn__=*NK-R\">#FunduszeEuropejskie<\/a>&nbsp;<a href=\"https:\/\/www.facebook.com\/hashtag\/funduszeeu?__eep__=6&amp;__cft__%5b0%5d=AZX_mGXzI29o87ENpYKLJsrGfFyFHsxi-Ptw5eJP3GOlcoh-I37x389j69vs-s7mB9rx32diqYE2WA3u8jGwf1eDoutQ2Ms8X_D2xD42OSlhGi94Gr-5985EMG8cYDnb3GK1Zt8O6E5vNir8cMQ3WFxFtA7Lz3gN6m8gUDyMmC7C-4BI4j3OuFS9U1PFl4DVJHw&amp;__tn__=*NK-R\">#FunduszeEU<\/a><\/p>\n\n\n\n<figure class=\"wp-block-gallery has-nested-images columns-default is-cropped wp-block-gallery-1 is-layout-flex wp-block-gallery-is-layout-flex\">\n<figure class=\"wp-block-image size-large\"><img loading=\"lazy\" decoding=\"async\" width=\"736\" height=\"1000\" data-id=\"943\" src=\"https:\/\/zde.wfosigw.zgora.pl\/wp-content\/uploads\/2025\/08\/525879532_1257503712833831_2922641643259683934_n.jpg\" alt=\"\" class=\"wp-image-943\" srcset=\"https:\/\/zde.wfosigw.zgora.pl\/wp-content\/uploads\/2025\/08\/525879532_1257503712833831_2922641643259683934_n.jpg 736w, https:\/\/zde.wfosigw.zgora.pl\/wp-content\/uploads\/2025\/08\/525879532_1257503712833831_2922641643259683934_n-221x300.jpg 221w\" sizes=\"auto, (max-width: 736px) 100vw, 736px\" \/><\/figure>\n\n\n\n<figure class=\"wp-block-image size-large\"><img loading=\"lazy\" decoding=\"async\" width=\"736\" height=\"1000\" data-id=\"944\" src=\"https:\/\/zde.wfosigw.zgora.pl\/wp-content\/uploads\/2025\/08\/515491650_1257503666167169_1592578604807813733_n.jpg\" alt=\"\" class=\"wp-image-944\" srcset=\"https:\/\/zde.wfosigw.zgora.pl\/wp-content\/uploads\/2025\/08\/515491650_1257503666167169_1592578604807813733_n.jpg 736w, https:\/\/zde.wfosigw.zgora.pl\/wp-content\/uploads\/2025\/08\/515491650_1257503666167169_1592578604807813733_n-221x300.jpg 221w\" sizes=\"auto, (max-width: 736px) 100vw, 736px\" \/><\/figure>\n\n\n\n<figure class=\"wp-block-image size-large\"><img loading=\"lazy\" decoding=\"async\" width=\"1024\" height=\"768\" data-id=\"945\" src=\"https:\/\/zde.wfosigw.zgora.pl\/wp-content\/uploads\/2025\/08\/519407151_1257506816166854_8955653812362851907_n-1024x768.jpg\" alt=\"\" class=\"wp-image-945\" srcset=\"https:\/\/zde.wfosigw.zgora.pl\/wp-content\/uploads\/2025\/08\/519407151_1257506816166854_8955653812362851907_n-1024x768.jpg 1024w, https:\/\/zde.wfosigw.zgora.pl\/wp-content\/uploads\/2025\/08\/519407151_1257506816166854_8955653812362851907_n-300x225.jpg 300w, https:\/\/zde.wfosigw.zgora.pl\/wp-content\/uploads\/2025\/08\/519407151_1257506816166854_8955653812362851907_n-768x576.jpg 768w, https:\/\/zde.wfosigw.zgora.pl\/wp-content\/uploads\/2025\/08\/519407151_1257506816166854_8955653812362851907_n-1536x1152.jpg 1536w, https:\/\/zde.wfosigw.zgora.pl\/wp-content\/uploads\/2025\/08\/519407151_1257506816166854_8955653812362851907_n.jpg 2048w\" sizes=\"auto, (max-width: 1024px) 100vw, 1024px\" \/><\/figure>\n\n\n\n<figure class=\"wp-block-image size-large\"><img loading=\"lazy\" decoding=\"async\" width=\"1024\" height=\"768\" data-id=\"946\" src=\"https:\/\/zde.wfosigw.zgora.pl\/wp-content\/uploads\/2025\/08\/515501505_1257506736166862_8416750320919205272_n-1024x768.jpg\" alt=\"\" class=\"wp-image-946\" srcset=\"https:\/\/zde.wfosigw.zgora.pl\/wp-content\/uploads\/2025\/08\/515501505_1257506736166862_8416750320919205272_n-1024x768.jpg 1024w, https:\/\/zde.wfosigw.zgora.pl\/wp-content\/uploads\/2025\/08\/515501505_1257506736166862_8416750320919205272_n-300x225.jpg 300w, https:\/\/zde.wfosigw.zgora.pl\/wp-content\/uploads\/2025\/08\/515501505_1257506736166862_8416750320919205272_n-768x576.jpg 768w, https:\/\/zde.wfosigw.zgora.pl\/wp-content\/uploads\/2025\/08\/515501505_1257506736166862_8416750320919205272_n-1536x1152.jpg 1536w, https:\/\/zde.wfosigw.zgora.pl\/wp-content\/uploads\/2025\/08\/515501505_1257506736166862_8416750320919205272_n.jpg 2048w\" sizes=\"auto, (max-width: 1024px) 100vw, 1024px\" \/><\/figure>\n<\/figure>\n","protected":false},"excerpt":{"rendered":"<p>2 sierpnia br. mieli\u015bmy przyjemno\u015b\u0107 uczestniczy\u0107 w XVII Festiwalu Kultury \u0141owieckiej w Bytnicy \u2013 wydarzeniu, kt\u00f3re nie tylko piel\u0119gnuje lokalne tradycje, ale r\u00f3wnie\u017c stwarza przestrze\u0144 do rozm\u00f3w o przysz\u0142o\u015bci naszej planety. Na festiwalu zaprezentowali\u015bmy stoisko Doradztwa Energetycznego w ramach Projektu Doradztwa Energetycznego \u2013 WFO\u015aiGW w Zielonej G\u00f3rze. Nasze stoisko odwiedzi\u0142o wiele os\u00f3b, a zainteresowanie przeros\u0142o&hellip;&nbsp;<a href=\"https:\/\/zde.wfosigw.zgora.pl\/index.php\/2025\/08\/04\/ekologia-edukacja-i-swietna-zabawa-dziekujemy-za-wspolne-chwile-na-xvii-festiwalu-kultury-lowieckiej-w-bytnicy\/\" rel=\"bookmark\">Dowiedz si\u0119 wi\u0119cej &raquo;<span class=\"screen-reader-text\">Ekologia, edukacja i \u015bwietna zabawa \u2013 dzi\u0119kujemy za wsp\u00f3lne chwile na XVII Festiwalu Kultury \u0141owieckiej w Bytnicy!<\/span><\/a><\/p>\n","protected":false},"author":3,"featured_media":946,"comment_status":"closed","ping_status":"closed","sticky":false,"template":"","format":"standard","meta":{"neve_meta_sidebar":"","neve_meta_container":"","neve_meta_enable_content_width":"","neve_meta_content_width":0,"neve_meta_title_alignment":"","neve_meta_author_avatar":"","neve_post_elements_order":"","neve_meta_disable_header":"","neve_meta_disable_footer":"","neve_meta_disable_title":"","_themeisle_gutenberg_block_has_review":false,"footnotes":""},"categories":[8],"tags":[],"class_list":["post-942","post","type-post","status-publish","format-standard","has-post-thumbnail","hentry","category-aktualnosci"],"_links":{"self":[{"href":"https:\/\/zde.wfosigw.zgora.pl\/index.php\/wp-json\/wp\/v2\/posts\/942","targetHints":{"allow":["GET"]}}],"collection":[{"href":"https:\/\/zde.wfosigw.zgora.pl\/index.php\/wp-json\/wp\/v2\/posts"}],"about":[{"href":"https:\/\/zde.wfosigw.zgora.pl\/index.php\/wp-json\/wp\/v2\/types\/post"}],"author":[{"embeddable":true,"href":"https:\/\/zde.wfosigw.zgora.pl\/index.php\/wp-json\/wp\/v2\/users\/3"}],"replies":[{"embeddable":true,"href":"https:\/\/zde.wfosigw.zgora.pl\/index.php\/wp-json\/wp\/v2\/comments?post=942"}],"version-history":[{"count":1,"href":"https:\/\/zde.wfosigw.zgora.pl\/index.php\/wp-json\/wp\/v2\/posts\/942\/revisions"}],"predecessor-version":[{"id":947,"href":"https:\/\/zde.wfosigw.zgora.pl\/index.php\/wp-json\/wp\/v2\/posts\/942\/revisions\/947"}],"wp:featuredmedia":[{"embeddable":true,"href":"https:\/\/zde.wfosigw.zgora.pl\/index.php\/wp-json\/wp\/v2\/media\/946"}],"wp:attachment":[{"href":"https:\/\/zde.wfosigw.zgora.pl\/index.php\/wp-json\/wp\/v2\/media?parent=942"}],"wp:term":[{"taxonomy":"category","embeddable":true,"href":"https:\/\/zde.wfosigw.zgora.pl\/index.php\/wp-json\/wp\/v2\/categories?post=942"},{"taxonomy":"post_tag","embeddable":true,"href":"https:\/\/zde.wfosigw.zgora.pl\/index.php\/wp-json\/wp\/v2\/tags?post=942"}],"curies":[{"name":"wp","href":"https:\/\/api.w.org\/{rel}","templated":true}]}}