{"id":954,"date":"2025-08-20T08:25:35","date_gmt":"2025-08-20T07:25:35","guid":{"rendered":"https:\/\/zde.wfosigw.zgora.pl\/?p=954"},"modified":"2025-08-20T08:25:35","modified_gmt":"2025-08-20T07:25:35","slug":"rozpoczynamy-serie-szkolen-dla-gmin-jak-dobrze-przygotowac-sie-do-termomodernizacji-budynku-podstawy-sporzadzania-i-weryfikacji-audytow-energetycznych-oraz-swiadectw-charakte","status":"publish","type":"post","link":"https:\/\/zde.wfosigw.zgora.pl\/index.php\/2025\/08\/20\/rozpoczynamy-serie-szkolen-dla-gmin-jak-dobrze-przygotowac-sie-do-termomodernizacji-budynku-podstawy-sporzadzania-i-weryfikacji-audytow-energetycznych-oraz-swiadectw-charakte\/","title":{"rendered":"Rozpoczynamy seri\u0119 szkole\u0144 dla gmin:       \u201eJak dobrze przygotowa\u0107 si\u0119 do termomodernizacji budynku \u2013 podstawy sporz\u0105dzania i weryfikacji audyt\u00f3w energetycznych oraz \u015bwiadectw charakterystyki energetycznej\u201d.                Koniecznie pami\u0119taj o zg\u0142oszeniu!"},"content":{"rendered":"\n<figure class=\"wp-block-image size-large\"><img loading=\"lazy\" decoding=\"async\" width=\"1024\" height=\"102\" src=\"https:\/\/zde.wfosigw.zgora.pl\/wp-content\/uploads\/2025\/05\/obraz-1024x102.png\" alt=\"\" class=\"wp-image-816\" srcset=\"https:\/\/zde.wfosigw.zgora.pl\/wp-content\/uploads\/2025\/05\/obraz-1024x102.png 1024w, https:\/\/zde.wfosigw.zgora.pl\/wp-content\/uploads\/2025\/05\/obraz-300x30.png 300w, https:\/\/zde.wfosigw.zgora.pl\/wp-content\/uploads\/2025\/05\/obraz-768x77.png 768w, https:\/\/zde.wfosigw.zgora.pl\/wp-content\/uploads\/2025\/05\/obraz.png 1239w\" sizes=\"auto, (max-width: 1024px) 100vw, 1024px\" \/><\/figure>\n\n\n\n<p><strong>Szanowni Pa\u0144stwo,<\/strong><\/p>\n\n\n\n<p>Wojew\u00f3dzki Fundusz Ochrony \u015arodowiska i Gospodarki Wodnej w Zielonej G\u00f3rze organizuje szkolenie pt.:<\/p>\n\n\n\n<p><strong><em>\u201eJak dobrze przygotowa\u0107 si\u0119 do termomodernizacji budynku \u2013 podstawy sporz\u0105dzania i weryfikacji audyt\u00f3w energetycznych oraz \u015bwiadectw charakterystyki energetycznej\u201d<\/em><\/strong><em>.<\/em><\/p>\n\n\n\n<p>Szkolenie skierowane jest do pracownik\u00f3w jednostek samorz\u0105du terytorialnego \u2013 w szczeg\u00f3lno\u015bci gmin \u2013 i ma na celu poszerzenie wiedzy z zakresu:<\/p>\n\n\n\n<ul class=\"wp-block-list\">\n<li>termomodernizacji budynk\u00f3w,<\/li>\n\n\n\n<li>zasad sporz\u0105dzania i weryfikacji audyt\u00f3w energetycznych,<\/li>\n\n\n\n<li>przygotowywania \u015bwiadectw charakterystyki energetycznej,<br>r\u00f3wnie\u017c w kontek\u015bcie realizacji rz\u0105dowego <strong>Programu Czyste Powietrze<\/strong>.<\/li>\n<\/ul>\n\n\n\n<p>Ze wzgl\u0119d\u00f3w logistycznych szkolenie odb\u0119dzie si\u0119 w sze\u015bciu lokalizacjach w Wojew\u00f3dztwie Lubuskim. Terminy, lokalizacje oraz przydzielone gminy wskazujemy poni\u017cej:<\/p>\n\n\n\n<p><strong><u>Terminy, miejsce i godzina szkole\u0144:<\/u><\/strong><\/p>\n\n\n\n<ul class=\"wp-block-list\">\n<li><strong>27 sierpnia <a>2025<\/a><\/strong><strong> r., godz. 10.00<\/strong><strong>, potwierdzenie udzia\u0142u do dnia 22.08.2025 r.,<\/strong><\/li>\n<\/ul>\n\n\n\n<p><strong>Gminy:<\/strong> Zielona G\u00f3ra, Czerwie\u0144sk, Sulech\u00f3w, Babimost, \u015awidnica, Nowogr\u00f3d Bobrza\u0144ski, Kargowa, Trzebiech\u00f3w, Bojad\u0142a, Zab\u00f3r.<\/p>\n\n\n\n<p><strong>Miejsce: Siedziba WFO\u015aiGW w Zielonej G\u00f3rze, ul. Miodowa 11.<\/strong><\/p>\n\n\n\n<ul class=\"wp-block-list\">\n<li><strong>2 wrze\u015bnia 2025 r., godz. 10.00, potwierdzenie udzia\u0142u do dnia 27.08.2025 r.,<\/strong><\/li>\n<\/ul>\n\n\n\n<p><strong>Gminy: <\/strong>Krosno Odrza\u0144skie, D\u0105bie, Bobrowice, Bytnica, Maszewo, Gubin Miasto, Gubin Gmina, Cybinka, Torzym, Sul\u0119cin, Rzepin, S\u0142ubice, Brody.<\/p>\n\n\n\n<p><strong>Miejsce: <\/strong>\u015awietlica Wiejska Stary Raduszec, Stary Raduszec 71A, 66-600 Krosno Odrza\u0144skie.<\/p>\n\n\n\n<ul class=\"wp-block-list\">\n<li><strong>4 wrze\u015bnia 2025 r., godz. 10.00, potwierdzenie udzia\u0142u do dnia 27.08.2025 r.<\/strong><\/li>\n<\/ul>\n\n\n\n<p><strong>Gminy:<\/strong> Nowa S\u00f3l &#8211; Miasto, Nowa S\u00f3l Gmina, Oty\u0144, Ko\u017cuch\u00f3w, Nowe Miasteczko, Bytom Odrza\u0144ski, Siedlisko, Kolsko, Szlichtyngowa, Wschowa, S\u0142awa.<\/p>\n\n\n\n<p><strong>Miejsce: <\/strong>Centrum Aktywno\u015bci Spo\u0142ecznej ul. Kasprowicza 12 67-100 Nowa S\u00f3l.<\/p>\n\n\n\n<ul class=\"wp-block-list\">\n<li><strong>16 wrze\u015bnia 2025 r., godz. 10.00, potwierdzenie udzia\u0142u do dnia 10.09.2025 r.,<\/strong><\/li>\n<\/ul>\n\n\n\n<p><strong>Gminy:<\/strong> Dobiegniew, Strzelce Kraje\u0144skie, Drezdenko, Stare Kurowo, Zwierzyn, K\u0142odawa, Santok, Deszczno, Bogdaniec, Witnica, Kostrzyn nad Odr\u0105, Lubiszyn, Gorz\u00f3w Wlkp., S\u0142o\u0144sk, Krzeszyce, Lubniewice, Bledzew, Skwierzyna, G\u00f3rzyca, O\u015bno Lubuskie.<\/p>\n\n\n\n<p><strong>Miejsce: <\/strong>Urz\u0105d Miasta w Gorzowie Wlkp. Sala sesyjna, ul. Sikorskiego 4, 66-400 Gorz\u00f3w Wlkp.<\/p>\n\n\n\n<ul class=\"wp-block-list\">\n<li><strong>18 wrze\u015bnia, 2025 r., godz. 10.00, potwierdzenie udzia\u0142u do dnia 10.09.2025 r.,<\/strong><\/li>\n<\/ul>\n\n\n\n<p><strong>Gminy:<\/strong> Sk\u0105pe, Szczaniec, Zb\u0105szynek, \u015awiebodzin, Lubrza, \u0141ag\u00f3w, Trzciel, Mi\u0119dzyrzecz, Pszczew, Przytoczna.<\/p>\n\n\n\n<p><strong>Miejsce: <\/strong>Sala sesyjna ratusza, Plac Jana Paw\u0142a II 1, 66-200 \u015awiebodzin<\/p>\n\n\n\n<ul class=\"wp-block-list\">\n<li><strong>23 wrze\u015bnia 2025 r., godz. 10.00, potwierdzenie udzia\u0142u do dnia 10.09.2025 r.,<\/strong><\/li>\n<\/ul>\n\n\n\n<p><strong>Gminy:<\/strong> Brze\u017anica, Niegos\u0142awice, Szprotawa, Ma\u0142omice, \u017baga\u0144 Miasto, \u017baga\u0144 Gmina, I\u0142owa, Gozdnica, Wymiarki, \u017bary Miasto, \u017bary Gmina, Jasie\u0144, Lubsko, Tuplice, Trzebiel, \u0141\u0119knica, Przew\u00f3z, Lipinki \u0141u\u017cyckie.<\/p>\n\n\n\n<p><strong>Miejsce: <\/strong>Sala konferencyjna w \u017baga\u0144skim Pa\u0142acu Kultury, ul. Jana Paw\u0142a II 7, 68-100 \u017baga\u0144.<\/p>\n\n\n\n<p><strong>Zg\u0142oszenie na szkolenie (imi\u0119 i nazwisko uczestnika, nazwa gminy) nale\u017cy wysy\u0142a\u0107 na adres e-mail: <a href=\"mailto:szkolenia.doradcy@wfosigw.zgora.pl\">szkolenia.doradcy@wfosigw.zgora.pl<\/a><\/strong><strong><\/strong><\/p>\n\n\n\n<p><strong>Ze wzgl\u0119d\u00f3w organizacyjnych prosimy o zg\u0142aszanie maksymalnie 2 os\u00f3b z jednej gminy.<\/strong><strong><\/strong><\/p>\n\n\n\n<p><strong>Program szkolenia dost\u0119pny na dole strony jako za\u0142\u0105cznik.<\/strong><\/p>\n\n\n\n<p><strong>Udzia\u0142 w szkoleniu jest bezp\u0142atny.<\/strong><\/p>\n\n\n\n<p><em>Szkolenie realizowane jest w ramach Projektu Doradztwa Energetycznego finansowanego w ramach FEnIKS na lata 2021 &#8211; 2027<\/em><\/p>\n\n\n\n<p><em><strong>Og\u00f3lnopolski Projekt Doradztwa Energetycznego jest jednocze\u015bnie Operacj\u0105 o&nbsp;znaczeniu strategicznym, kt\u00f3ra wnosi znacz\u0105cy wk\u0142ad w&nbsp;osi\u0105ganie cel\u00f3w programu FEnIKS 2021-2027.<\/strong><\/em><\/p>\n\n\n\n<p><em><strong>Beneficjent i&nbsp;Partner Wiod\u0105cy: NFO\u015aiGW w&nbsp;Warszawie<\/strong><\/em><\/p>\n\n\n\n<p><em><strong>Partnerzy: WFO\u015aiGW w&nbsp;Bia\u0142ymstoku, WFO\u015aiGW w&nbsp;Gda\u0144sku, WFO\u015aiGW w&nbsp;Katowicach, WFO\u015aiGW w&nbsp;Kielcach, WFO\u015aiGW w&nbsp;Krakowie, WFO\u015aiGW w&nbsp;Lublinie, WFO\u015aiGW w&nbsp;\u0141odzi, WFO\u015aiGW w&nbsp;Olsztynie, WFO\u015aiGW w&nbsp;Opolu, WFO\u015aiGW w&nbsp;Poznaniu, WFO\u015aiGW w&nbsp;Rzeszowie, WFO\u015aiGW w&nbsp;Szczecinie, WFO\u015aiGW w&nbsp;Toruniu, WFO\u015aiGW w&nbsp;Warszawie, WFO\u015aiGW w&nbsp;Zielonej G\u00f3rze, WFO\u015aiGW we Wroc\u0142awiu.<\/strong><\/em><\/p>\n\n\n\n<p><a href=\"https:\/\/www.funduszeeuropejskie.gov.pl\/\"><em><strong>Fundusze Europejskie<\/strong><\/em><\/a><\/p>\n\n\n\n<p><a href=\"https:\/\/www.feniks.gov.pl\/\"><em><strong>FEnIKS 2021-2027<\/strong><\/em><\/a><\/p>\n\n\n\n<p>W razie pyta\u0144 prosimy o kontakt:<\/p>\n\n\n\n<p>Magdalena Graczyk tel. 68&nbsp;419 68 21<\/p>\n\n\n\n<figure class=\"wp-block-image size-large\"><img loading=\"lazy\" decoding=\"async\" width=\"1024\" height=\"1024\" src=\"https:\/\/zde.wfosigw.zgora.pl\/wp-content\/uploads\/2025\/08\/Szkolenie-audyty-1024x1024.png\" alt=\"\" class=\"wp-image-955\" srcset=\"https:\/\/zde.wfosigw.zgora.pl\/wp-content\/uploads\/2025\/08\/Szkolenie-audyty-1024x1024.png 1024w, https:\/\/zde.wfosigw.zgora.pl\/wp-content\/uploads\/2025\/08\/Szkolenie-audyty-300x300.png 300w, https:\/\/zde.wfosigw.zgora.pl\/wp-content\/uploads\/2025\/08\/Szkolenie-audyty-150x150.png 150w, https:\/\/zde.wfosigw.zgora.pl\/wp-content\/uploads\/2025\/08\/Szkolenie-audyty-768x768.png 768w, https:\/\/zde.wfosigw.zgora.pl\/wp-content\/uploads\/2025\/08\/Szkolenie-audyty.png 1080w\" sizes=\"auto, (max-width: 1024px) 100vw, 1024px\" \/><\/figure>\n\n\n\n<div class=\"wp-block-file\"><a id=\"wp-block-file--media-27476550-e959-4e29-af24-6a18e531a55d\" href=\"https:\/\/zde.wfosigw.zgora.pl\/wp-content\/uploads\/2025\/08\/Program-szkolenia.doc\">Program szkolenia<\/a><a href=\"https:\/\/zde.wfosigw.zgora.pl\/wp-content\/uploads\/2025\/08\/Program-szkolenia.doc\" class=\"wp-block-file__button wp-element-button\" download aria-describedby=\"wp-block-file--media-27476550-e959-4e29-af24-6a18e531a55d\">Pobierz<\/a><\/div>\n\n\n\n<p><\/p>\n","protected":false},"excerpt":{"rendered":"<p>Szanowni Pa\u0144stwo, Wojew\u00f3dzki Fundusz Ochrony \u015arodowiska i Gospodarki Wodnej w Zielonej G\u00f3rze organizuje szkolenie pt.: \u201eJak dobrze przygotowa\u0107 si\u0119 do termomodernizacji budynku \u2013 podstawy sporz\u0105dzania i weryfikacji audyt\u00f3w energetycznych oraz \u015bwiadectw charakterystyki energetycznej\u201d. Szkolenie skierowane jest do pracownik\u00f3w jednostek samorz\u0105du terytorialnego \u2013 w szczeg\u00f3lno\u015bci gmin \u2013 i ma na celu poszerzenie wiedzy z zakresu: Ze&hellip;&nbsp;<a href=\"https:\/\/zde.wfosigw.zgora.pl\/index.php\/2025\/08\/20\/rozpoczynamy-serie-szkolen-dla-gmin-jak-dobrze-przygotowac-sie-do-termomodernizacji-budynku-podstawy-sporzadzania-i-weryfikacji-audytow-energetycznych-oraz-swiadectw-charakte\/\" rel=\"bookmark\">Dowiedz si\u0119 wi\u0119cej &raquo;<span class=\"screen-reader-text\">Rozpoczynamy seri\u0119 szkole\u0144 dla gmin:       \u201eJak dobrze przygotowa\u0107 si\u0119 do termomodernizacji budynku \u2013 podstawy sporz\u0105dzania i weryfikacji audyt\u00f3w energetycznych oraz \u015bwiadectw charakterystyki energetycznej\u201d.                Koniecznie pami\u0119taj o zg\u0142oszeniu!<\/span><\/a><\/p>\n","protected":false},"author":3,"featured_media":955,"comment_status":"closed","ping_status":"closed","sticky":false,"template":"","format":"standard","meta":{"neve_meta_sidebar":"","neve_meta_container":"","neve_meta_enable_content_width":"","neve_meta_content_width":0,"neve_meta_title_alignment":"","neve_meta_author_avatar":"","neve_post_elements_order":"","neve_meta_disable_header":"","neve_meta_disable_footer":"","neve_meta_disable_title":"","_themeisle_gutenberg_block_has_review":false,"footnotes":""},"categories":[8],"tags":[],"class_list":["post-954","post","type-post","status-publish","format-standard","has-post-thumbnail","hentry","category-aktualnosci"],"_links":{"self":[{"href":"https:\/\/zde.wfosigw.zgora.pl\/index.php\/wp-json\/wp\/v2\/posts\/954","targetHints":{"allow":["GET"]}}],"collection":[{"href":"https:\/\/zde.wfosigw.zgora.pl\/index.php\/wp-json\/wp\/v2\/posts"}],"about":[{"href":"https:\/\/zde.wfosigw.zgora.pl\/index.php\/wp-json\/wp\/v2\/types\/post"}],"author":[{"embeddable":true,"href":"https:\/\/zde.wfosigw.zgora.pl\/index.php\/wp-json\/wp\/v2\/users\/3"}],"replies":[{"embeddable":true,"href":"https:\/\/zde.wfosigw.zgora.pl\/index.php\/wp-json\/wp\/v2\/comments?post=954"}],"version-history":[{"count":1,"href":"https:\/\/zde.wfosigw.zgora.pl\/index.php\/wp-json\/wp\/v2\/posts\/954\/revisions"}],"predecessor-version":[{"id":957,"href":"https:\/\/zde.wfosigw.zgora.pl\/index.php\/wp-json\/wp\/v2\/posts\/954\/revisions\/957"}],"wp:featuredmedia":[{"embeddable":true,"href":"https:\/\/zde.wfosigw.zgora.pl\/index.php\/wp-json\/wp\/v2\/media\/955"}],"wp:attachment":[{"href":"https:\/\/zde.wfosigw.zgora.pl\/index.php\/wp-json\/wp\/v2\/media?parent=954"}],"wp:term":[{"taxonomy":"category","embeddable":true,"href":"https:\/\/zde.wfosigw.zgora.pl\/index.php\/wp-json\/wp\/v2\/categories?post=954"},{"taxonomy":"post_tag","embeddable":true,"href":"https:\/\/zde.wfosigw.zgora.pl\/index.php\/wp-json\/wp\/v2\/tags?post=954"}],"curies":[{"name":"wp","href":"https:\/\/api.w.org\/{rel}","templated":true}]}}