{"id":958,"date":"2025-08-21T12:16:35","date_gmt":"2025-08-21T11:16:35","guid":{"rendered":"https:\/\/zde.wfosigw.zgora.pl\/?p=958"},"modified":"2025-08-21T12:16:35","modified_gmt":"2025-08-21T11:16:35","slug":"cieplo-z-natury-wiedza-na-wage-dotacji","status":"publish","type":"post","link":"https:\/\/zde.wfosigw.zgora.pl\/index.php\/2025\/08\/21\/cieplo-z-natury-wiedza-na-wage-dotacji\/","title":{"rendered":"Ciep\u0142o z natury &#8211; wiedza na wag\u0119 dotacji!"},"content":{"rendered":"\n<figure class=\"wp-block-image size-full\"><img loading=\"lazy\" decoding=\"async\" width=\"619\" height=\"60\" src=\"https:\/\/zde.wfosigw.zgora.pl\/wp-content\/uploads\/2025\/06\/image.png\" alt=\"\" class=\"wp-image-879\" srcset=\"https:\/\/zde.wfosigw.zgora.pl\/wp-content\/uploads\/2025\/06\/image.png 619w, https:\/\/zde.wfosigw.zgora.pl\/wp-content\/uploads\/2025\/06\/image-300x29.png 300w\" sizes=\"auto, (max-width: 619px) 100vw, 619px\" \/><\/figure>\n\n\n\n<figure class=\"wp-block-image size-large\"><img loading=\"lazy\" decoding=\"async\" width=\"1024\" height=\"768\" src=\"https:\/\/zde.wfosigw.zgora.pl\/wp-content\/uploads\/2025\/08\/IMG_20250821_095655136-1024x768.jpg\" alt=\"\" class=\"wp-image-960\" srcset=\"https:\/\/zde.wfosigw.zgora.pl\/wp-content\/uploads\/2025\/08\/IMG_20250821_095655136-1024x768.jpg 1024w, https:\/\/zde.wfosigw.zgora.pl\/wp-content\/uploads\/2025\/08\/IMG_20250821_095655136-300x225.jpg 300w, https:\/\/zde.wfosigw.zgora.pl\/wp-content\/uploads\/2025\/08\/IMG_20250821_095655136-768x576.jpg 768w, https:\/\/zde.wfosigw.zgora.pl\/wp-content\/uploads\/2025\/08\/IMG_20250821_095655136-1536x1152.jpg 1536w, https:\/\/zde.wfosigw.zgora.pl\/wp-content\/uploads\/2025\/08\/IMG_20250821_095655136-2048x1536.jpg 2048w\" sizes=\"auto, (max-width: 1024px) 100vw, 1024px\" \/><\/figure>\n\n\n\n<p>Dzi\u015b, 21 sierpnia 2025 r., Doradcy Energetyczni WFO\u015aiGW w Zielonej G\u00f3rze poprowadzili szkolenie online pt. <strong>\u201eFinansowanie inwestycji w ramach Programu Moje Ciep\u0142o\u201d <\/strong>skierowane do mieszka\u0144c\u00f3w wojew\u00f3dztwa lubuskiego zainteresowanych ekologicznymi rozwi\u0105zaniami grzewczymi dla dom\u00f3w jednorodzinnych.<\/p>\n\n\n\n<p>Podczas spotkania om\u00f3wiono szczeg\u00f3\u0142owe zasady realizacji inwestycji oraz procedur\u0119 ubiegania si\u0119 o dofinansowanie w ramach programu <strong>Moje Ciep\u0142o<\/strong>, kt\u00f3ry wspiera instalacj\u0119 pomp ciep\u0142a w nowych budynkach mieszkalnych.<\/p>\n\n\n\n<p>Dzi\u0119kujemy wszystkim uczestnikom za liczne pytania, aktywno\u015b\u0107 i zaanga\u017cowanie!<\/p>\n\n\n\n<p><strong>Zach\u0119camy do udzia\u0142u w kolejnych szkoleniach oraz do kontaktu z naszymi Doradcami Energetycznymi \u2013 jeste\u015bmy tu, by wspiera\u0107 zielon\u0105 transformacj\u0119!<\/strong><\/p>\n\n\n\n<p><strong>Zmieniaj dom i &nbsp;klimat! Postaw na czyst\u0105 energi\u0119.<\/strong><\/p>\n\n\n\n<p class=\"has-text-align-center\">Szkolenie zrealizowane w ramach &nbsp;kampanii informacyjno \u2013 edukacyjnej:<\/p>\n\n\n\n<p class=\"has-text-align-center\"><em><strong>\u201eWsp\u00f3lnie dla klimatu \u2013<\/strong><\/em> <em><strong>zrealizuj inwestycj\u0119 razem z nami\u201d.<\/strong><\/em><\/p>\n\n\n\n<p class=\"has-text-align-center\">W ramach kampanii realizowany jest m.in. cykl szkole\u0144, warsztat\u00f3w i spotka\u0144 dla przedstawicieli jst, os\u00f3b fizycznych oraz przedsi\u0119biorc\u00f3w.<\/p>\n\n\n\n<p class=\"has-text-align-center\"><em>Szkolenie <\/em><em>zrealizowane<\/em><em> w ramach Projektu Doradztwa Energetycznego finansowanego w ramach FEnIKS na lata 2021 \u2013 2027<\/em><\/p>\n\n\n\n<p class=\"has-text-align-center\"><em><strong>Og\u00f3lnopolski Projekt Doradztwa Energetycznego jest jednocze\u015bnie Operacj\u0105 o&nbsp;znaczeniu strategicznym, kt\u00f3ra wnosi znacz\u0105cy wk\u0142ad w&nbsp;osi\u0105ganie cel\u00f3w programu FEnIKS 2021-2027.<\/strong><\/em><\/p>\n\n\n\n<p class=\"has-text-align-center\"><em><strong>Beneficjent i&nbsp;Partner Wiod\u0105cy: NFO\u015aiGW w&nbsp;Warszawie<\/strong><\/em><\/p>\n\n\n\n<p><em><strong>Partnerzy: WFO\u015aiGW w&nbsp;Bia\u0142ymstoku, WFO\u015aiGW w&nbsp;Gda\u0144sku, WFO\u015aiGW w&nbsp;Katowicach, WFO\u015aiGW w&nbsp;Kielcach, WFO\u015aiGW w&nbsp;Krakowie, WFO\u015aiGW w&nbsp;Lublinie, WFO\u015aiGW w&nbsp;\u0141odzi, WFO\u015aiGW w&nbsp;Olsztynie, WFO\u015aiGW w&nbsp;Opolu, WFO\u015aiGW w&nbsp;Poznaniu, WFO\u015aiGW w&nbsp;Rzeszowie, WFO\u015aiGW w&nbsp;Szczecinie, WFO\u015aiGW w&nbsp;Toruniu, WFO\u015aiGW w&nbsp;Warszawie, WFO\u015aiGW w&nbsp;Zielonej G\u00f3rze, WFO\u015aiGW we Wroc\u0142awiu.<\/strong><\/em><\/p>\n\n\n\n<p class=\"has-text-align-center\"><a href=\"https:\/\/www.funduszeeuropejskie.gov.pl\/\"><em><strong>Fundusze Europejskie<\/strong><\/em><\/a><\/p>\n\n\n\n<p class=\"has-text-align-center\"><a href=\"https:\/\/www.feniks.gov.pl\/\"><em><strong>FEnIKS 2021-2027<\/strong><\/em><\/a><\/p>\n\n\n\n<figure class=\"wp-block-image size-large\"><img loading=\"lazy\" decoding=\"async\" width=\"1024\" height=\"768\" src=\"https:\/\/zde.wfosigw.zgora.pl\/wp-content\/uploads\/2025\/08\/IMG_20250821_111131451-1024x768.jpg\" alt=\"\" class=\"wp-image-959\" srcset=\"https:\/\/zde.wfosigw.zgora.pl\/wp-content\/uploads\/2025\/08\/IMG_20250821_111131451-1024x768.jpg 1024w, https:\/\/zde.wfosigw.zgora.pl\/wp-content\/uploads\/2025\/08\/IMG_20250821_111131451-300x225.jpg 300w, https:\/\/zde.wfosigw.zgora.pl\/wp-content\/uploads\/2025\/08\/IMG_20250821_111131451-768x576.jpg 768w, https:\/\/zde.wfosigw.zgora.pl\/wp-content\/uploads\/2025\/08\/IMG_20250821_111131451-1536x1152.jpg 1536w, https:\/\/zde.wfosigw.zgora.pl\/wp-content\/uploads\/2025\/08\/IMG_20250821_111131451-2048x1536.jpg 2048w\" sizes=\"auto, (max-width: 1024px) 100vw, 1024px\" \/><\/figure>\n\n\n\n<p><\/p>\n","protected":false},"excerpt":{"rendered":"<p>Dzi\u015b, 21 sierpnia 2025 r., Doradcy Energetyczni WFO\u015aiGW w Zielonej G\u00f3rze poprowadzili szkolenie online pt. \u201eFinansowanie inwestycji w ramach Programu Moje Ciep\u0142o\u201d skierowane do mieszka\u0144c\u00f3w wojew\u00f3dztwa lubuskiego zainteresowanych ekologicznymi rozwi\u0105zaniami grzewczymi dla dom\u00f3w jednorodzinnych. Podczas spotkania om\u00f3wiono szczeg\u00f3\u0142owe zasady realizacji inwestycji oraz procedur\u0119 ubiegania si\u0119 o dofinansowanie w ramach programu Moje Ciep\u0142o, kt\u00f3ry wspiera instalacj\u0119&hellip;&nbsp;<a href=\"https:\/\/zde.wfosigw.zgora.pl\/index.php\/2025\/08\/21\/cieplo-z-natury-wiedza-na-wage-dotacji\/\" rel=\"bookmark\">Dowiedz si\u0119 wi\u0119cej &raquo;<span class=\"screen-reader-text\">Ciep\u0142o z natury &#8211; wiedza na wag\u0119 dotacji!<\/span><\/a><\/p>\n","protected":false},"author":3,"featured_media":959,"comment_status":"closed","ping_status":"closed","sticky":false,"template":"","format":"standard","meta":{"neve_meta_sidebar":"","neve_meta_container":"","neve_meta_enable_content_width":"","neve_meta_content_width":0,"neve_meta_title_alignment":"","neve_meta_author_avatar":"","neve_post_elements_order":"","neve_meta_disable_header":"","neve_meta_disable_footer":"","neve_meta_disable_title":"","_themeisle_gutenberg_block_has_review":false,"footnotes":""},"categories":[8],"tags":[],"class_list":["post-958","post","type-post","status-publish","format-standard","has-post-thumbnail","hentry","category-aktualnosci"],"_links":{"self":[{"href":"https:\/\/zde.wfosigw.zgora.pl\/index.php\/wp-json\/wp\/v2\/posts\/958","targetHints":{"allow":["GET"]}}],"collection":[{"href":"https:\/\/zde.wfosigw.zgora.pl\/index.php\/wp-json\/wp\/v2\/posts"}],"about":[{"href":"https:\/\/zde.wfosigw.zgora.pl\/index.php\/wp-json\/wp\/v2\/types\/post"}],"author":[{"embeddable":true,"href":"https:\/\/zde.wfosigw.zgora.pl\/index.php\/wp-json\/wp\/v2\/users\/3"}],"replies":[{"embeddable":true,"href":"https:\/\/zde.wfosigw.zgora.pl\/index.php\/wp-json\/wp\/v2\/comments?post=958"}],"version-history":[{"count":1,"href":"https:\/\/zde.wfosigw.zgora.pl\/index.php\/wp-json\/wp\/v2\/posts\/958\/revisions"}],"predecessor-version":[{"id":961,"href":"https:\/\/zde.wfosigw.zgora.pl\/index.php\/wp-json\/wp\/v2\/posts\/958\/revisions\/961"}],"wp:featuredmedia":[{"embeddable":true,"href":"https:\/\/zde.wfosigw.zgora.pl\/index.php\/wp-json\/wp\/v2\/media\/959"}],"wp:attachment":[{"href":"https:\/\/zde.wfosigw.zgora.pl\/index.php\/wp-json\/wp\/v2\/media?parent=958"}],"wp:term":[{"taxonomy":"category","embeddable":true,"href":"https:\/\/zde.wfosigw.zgora.pl\/index.php\/wp-json\/wp\/v2\/categories?post=958"},{"taxonomy":"post_tag","embeddable":true,"href":"https:\/\/zde.wfosigw.zgora.pl\/index.php\/wp-json\/wp\/v2\/tags?post=958"}],"curies":[{"name":"wp","href":"https:\/\/api.w.org\/{rel}","templated":true}]}}