{"id":968,"date":"2025-08-26T13:51:18","date_gmt":"2025-08-26T12:51:18","guid":{"rendered":"https:\/\/zde.wfosigw.zgora.pl\/?p=968"},"modified":"2025-08-26T13:51:19","modified_gmt":"2025-08-26T12:51:19","slug":"23-sierpnia-2025-r-odbyly-sie-dozynki-gminne-w-gluchowie","status":"publish","type":"post","link":"https:\/\/zde.wfosigw.zgora.pl\/index.php\/2025\/08\/26\/23-sierpnia-2025-r-odbyly-sie-dozynki-gminne-w-gluchowie\/","title":{"rendered":"23 sierpnia 2025 r. odby\u0142y si\u0119 Do\u017cynki Gminne w G\u0142uchowie."},"content":{"rendered":"\n<p>Podczas wydarzenia swoje stoisko wystawili Doradcy Energetyczni, kt\u00f3rzy promowali projekt doradztwa energetycznego oraz przedstawiali mo\u017cliwo\u015bci finansowania inwestycji z zakresu odnawialnych \u017ar\u00f3de\u0142 energii (OZE) i poprawy efektywno\u015bci energetycznej budynk\u00f3w.<\/p>\n\n\n\n<p>Mieszka\u0144cy mieli okazj\u0119 skorzysta\u0107 z bezp\u0142atnych porad dotycz\u0105cych m.in. termomodernizacji budynk\u00f3w, instalacji fotowoltaicznych, pomp ciep\u0142a, a tak\u017ce dost\u0119pnych program\u00f3w dofinansowa\u0144 i dotacji. Stoisko cieszy\u0142o si\u0119 du\u017cym zainteresowaniem i by\u0142o doskona\u0142\u0105 okazj\u0105 do rozm\u00f3w na temat energooszcz\u0119dnych rozwi\u0105za\u0144 dla gospodarstw domowych.<\/p>\n\n\n\n<figure class=\"wp-block-image size-full\"><img loading=\"lazy\" decoding=\"async\" width=\"1024\" height=\"768\" src=\"https:\/\/zde.wfosigw.zgora.pl\/wp-content\/uploads\/2025\/08\/wfos_festyn_001.jpg\" alt=\"\" class=\"wp-image-964\" srcset=\"https:\/\/zde.wfosigw.zgora.pl\/wp-content\/uploads\/2025\/08\/wfos_festyn_001.jpg 1024w, https:\/\/zde.wfosigw.zgora.pl\/wp-content\/uploads\/2025\/08\/wfos_festyn_001-300x225.jpg 300w, https:\/\/zde.wfosigw.zgora.pl\/wp-content\/uploads\/2025\/08\/wfos_festyn_001-768x576.jpg 768w\" sizes=\"auto, (max-width: 1024px) 100vw, 1024px\" \/><\/figure>\n\n\n\n<figure class=\"wp-block-image size-full\"><img loading=\"lazy\" decoding=\"async\" width=\"1024\" height=\"768\" src=\"https:\/\/zde.wfosigw.zgora.pl\/wp-content\/uploads\/2025\/08\/wfos_festyn_002.jpg\" alt=\"\" class=\"wp-image-965\" srcset=\"https:\/\/zde.wfosigw.zgora.pl\/wp-content\/uploads\/2025\/08\/wfos_festyn_002.jpg 1024w, https:\/\/zde.wfosigw.zgora.pl\/wp-content\/uploads\/2025\/08\/wfos_festyn_002-300x225.jpg 300w, https:\/\/zde.wfosigw.zgora.pl\/wp-content\/uploads\/2025\/08\/wfos_festyn_002-768x576.jpg 768w\" sizes=\"auto, (max-width: 1024px) 100vw, 1024px\" \/><\/figure>\n\n\n\n<figure class=\"wp-block-image size-full\"><img loading=\"lazy\" decoding=\"async\" width=\"1024\" height=\"768\" src=\"https:\/\/zde.wfosigw.zgora.pl\/wp-content\/uploads\/2025\/08\/wfos_festyn_003.jpg\" alt=\"\" class=\"wp-image-963\" srcset=\"https:\/\/zde.wfosigw.zgora.pl\/wp-content\/uploads\/2025\/08\/wfos_festyn_003.jpg 1024w, https:\/\/zde.wfosigw.zgora.pl\/wp-content\/uploads\/2025\/08\/wfos_festyn_003-300x225.jpg 300w, https:\/\/zde.wfosigw.zgora.pl\/wp-content\/uploads\/2025\/08\/wfos_festyn_003-768x576.jpg 768w\" sizes=\"auto, (max-width: 1024px) 100vw, 1024px\" \/><figcaption class=\"wp-element-caption\">oppo_0<\/figcaption><\/figure>\n","protected":false},"excerpt":{"rendered":"<p>Podczas wydarzenia swoje stoisko wystawili Doradcy Energetyczni, kt\u00f3rzy promowali projekt doradztwa energetycznego oraz przedstawiali mo\u017cliwo\u015bci finansowania inwestycji z zakresu odnawialnych \u017ar\u00f3de\u0142 energii (OZE) i poprawy efektywno\u015bci energetycznej budynk\u00f3w. Mieszka\u0144cy mieli okazj\u0119 skorzysta\u0107 z bezp\u0142atnych porad dotycz\u0105cych m.in. termomodernizacji budynk\u00f3w, instalacji fotowoltaicznych, pomp ciep\u0142a, a tak\u017ce dost\u0119pnych program\u00f3w dofinansowa\u0144 i dotacji. Stoisko cieszy\u0142o si\u0119 du\u017cym zainteresowaniem&hellip;&nbsp;<a href=\"https:\/\/zde.wfosigw.zgora.pl\/index.php\/2025\/08\/26\/23-sierpnia-2025-r-odbyly-sie-dozynki-gminne-w-gluchowie\/\" rel=\"bookmark\">Dowiedz si\u0119 wi\u0119cej &raquo;<span class=\"screen-reader-text\">23 sierpnia 2025 r. odby\u0142y si\u0119 Do\u017cynki Gminne w G\u0142uchowie.<\/span><\/a><\/p>\n","protected":false},"author":8,"featured_media":964,"comment_status":"closed","ping_status":"closed","sticky":false,"template":"","format":"standard","meta":{"neve_meta_sidebar":"","neve_meta_container":"","neve_meta_enable_content_width":"","neve_meta_content_width":0,"neve_meta_title_alignment":"","neve_meta_author_avatar":"","neve_post_elements_order":"","neve_meta_disable_header":"","neve_meta_disable_footer":"","neve_meta_disable_title":"","_themeisle_gutenberg_block_has_review":false,"footnotes":""},"categories":[8],"tags":[],"class_list":["post-968","post","type-post","status-publish","format-standard","has-post-thumbnail","hentry","category-aktualnosci"],"_links":{"self":[{"href":"https:\/\/zde.wfosigw.zgora.pl\/index.php\/wp-json\/wp\/v2\/posts\/968","targetHints":{"allow":["GET"]}}],"collection":[{"href":"https:\/\/zde.wfosigw.zgora.pl\/index.php\/wp-json\/wp\/v2\/posts"}],"about":[{"href":"https:\/\/zde.wfosigw.zgora.pl\/index.php\/wp-json\/wp\/v2\/types\/post"}],"author":[{"embeddable":true,"href":"https:\/\/zde.wfosigw.zgora.pl\/index.php\/wp-json\/wp\/v2\/users\/8"}],"replies":[{"embeddable":true,"href":"https:\/\/zde.wfosigw.zgora.pl\/index.php\/wp-json\/wp\/v2\/comments?post=968"}],"version-history":[{"count":1,"href":"https:\/\/zde.wfosigw.zgora.pl\/index.php\/wp-json\/wp\/v2\/posts\/968\/revisions"}],"predecessor-version":[{"id":969,"href":"https:\/\/zde.wfosigw.zgora.pl\/index.php\/wp-json\/wp\/v2\/posts\/968\/revisions\/969"}],"wp:featuredmedia":[{"embeddable":true,"href":"https:\/\/zde.wfosigw.zgora.pl\/index.php\/wp-json\/wp\/v2\/media\/964"}],"wp:attachment":[{"href":"https:\/\/zde.wfosigw.zgora.pl\/index.php\/wp-json\/wp\/v2\/media?parent=968"}],"wp:term":[{"taxonomy":"category","embeddable":true,"href":"https:\/\/zde.wfosigw.zgora.pl\/index.php\/wp-json\/wp\/v2\/categories?post=968"},{"taxonomy":"post_tag","embeddable":true,"href":"https:\/\/zde.wfosigw.zgora.pl\/index.php\/wp-json\/wp\/v2\/tags?post=968"}],"curies":[{"name":"wp","href":"https:\/\/api.w.org\/{rel}","templated":true}]}}