{"id":971,"date":"2025-09-01T11:39:22","date_gmt":"2025-09-01T10:39:22","guid":{"rendered":"https:\/\/zde.wfosigw.zgora.pl\/?p=971"},"modified":"2025-09-01T11:39:23","modified_gmt":"2025-09-01T10:39:23","slug":"pierwsze-szkolenia-dla-przedstawicieli-lubuskich-gmin-za-nami","status":"publish","type":"post","link":"https:\/\/zde.wfosigw.zgora.pl\/index.php\/2025\/09\/01\/pierwsze-szkolenia-dla-przedstawicieli-lubuskich-gmin-za-nami\/","title":{"rendered":"Pierwsze szkolenia dla przedstawicieli lubuskich gmin za nami!"},"content":{"rendered":"\n<figure class=\"wp-block-image size-full\"><img loading=\"lazy\" decoding=\"async\" width=\"619\" height=\"60\" src=\"https:\/\/zde.wfosigw.zgora.pl\/wp-content\/uploads\/2025\/06\/image.png\" alt=\"\" class=\"wp-image-879\" srcset=\"https:\/\/zde.wfosigw.zgora.pl\/wp-content\/uploads\/2025\/06\/image.png 619w, https:\/\/zde.wfosigw.zgora.pl\/wp-content\/uploads\/2025\/06\/image-300x29.png 300w\" sizes=\"auto, (max-width: 619px) 100vw, 619px\" \/><\/figure>\n\n\n\n<p><\/p>\n\n\n\n<p>Wojew\u00f3dzki Fundusz Ochrony \u015arodowiska i Gospodarki Wodnej w Zielonej G\u00f3rze zainaugurowa\u0142 cykl spotka\u0144 edukacyjnych pod has\u0142em:<\/p>\n\n\n\n<p><strong>\u201eJak dobrze przygotowa\u0107 si\u0119 do termomodernizacji budynku \u2013 podstawy sporz\u0105dzania i weryfikacji audyt\u00f3w energetycznych oraz \u015bwiadectw charakterystyki energetycznej\u201d<\/strong><\/p>\n\n\n\n<p>Za nami pierwsze szkolenie, w kt\u00f3rym udzia\u0142 wzi\u0119li przedstawiciele gmin: Zielona G\u00f3ra, \u015awidnica, Trzebiech\u00f3w, Bojad\u0142a i Zab\u00f3r.<\/p>\n\n\n\n<p>Serdecznie dzi\u0119kujemy wszystkim uczestnikom za aktywno\u015b\u0107 i zaanga\u017cowanie!<\/p>\n\n\n\n<p>To dopiero pocz\u0105tek \u2013 przed nami kolejne spotkania w ramach cyklu. Szkolenia skierowane s\u0105 przede wszystkim do pracownik\u00f3w jednostek samorz\u0105du terytorialnego, w szczeg\u00f3lno\u015bci gmin, kt\u00f3rych chcemy wspiera\u0107 wiedz\u0105 i praktyk\u0105 w takich obszarach jak:<\/p>\n\n\n\n<ul class=\"wp-block-list\">\n<li>termomodernizacja budynk\u00f3w,<\/li>\n\n\n\n<li>sporz\u0105dzanie i weryfikacja audyt\u00f3w energetycznych,<\/li>\n\n\n\n<li>przygotowywanie \u015bwiadectw charakterystyki energetycznej,<\/li>\n<\/ul>\n\n\n\n<p>r\u00f3wnie\u017c w kontek\u015bcie realizacji Programu Czyste Powietrze.<\/p>\n\n\n\n<p><strong>Zapraszamy do udzia\u0142u w kolejnych edycjach!<\/strong><\/p>\n\n\n\n<ul class=\"wp-block-list\">\n<li><strong>2 wrze\u015bnia 2025 r., godz. 10.00, potwierdzenie udzia\u0142u do dnia 27.08.2025 r.,,<\/strong><\/li>\n<\/ul>\n\n\n\n<p>gminy: Krosno Odrza\u0144skie, D\u0105bie, Bobrowice, Bytnica, Maszewo, Gubin Miasto, Gubin Gmina, Cybinka, Torzym, Sul\u0119cin, Rzepin, S\u0142ubice, Brody.<\/p>\n\n\n\n<p><strong>\u015awietlica Wiejska Stary Raduszec, Stary Raduszec 71A, 66-600 Krosno Odrza\u0144skie.<\/strong><\/p>\n\n\n\n<ul class=\"wp-block-list\">\n<li><strong>4 wrze\u015bnia 2025 r., godz. 10.00, potwierdzenie udzia\u0142u do dnia 27.08.2025 r.<\/strong><\/li>\n<\/ul>\n\n\n\n<p>gminy: Nowa S\u00f3l &#8211; Miasto, Nowa S\u00f3l Gmina, Oty\u0144, Ko\u017cuch\u00f3w, Nowe Miasteczko, Bytom Odrza\u0144ski, Siedlisko, Kolsko, Szlichtyngowa, Wschowa, S\u0142awa.<\/p>\n\n\n\n<p><strong>Centrum Aktywno\u015bci Spo\u0142ecznej ul. Kasprowicza 12, 67-100 Nowa S\u00f3l.<\/strong><\/p>\n\n\n\n<ul class=\"wp-block-list\">\n<li><strong>16 wrze\u015bnia 2025 r., godz. 10.00, potwierdzenie udzia\u0142u do dnia 10.09.2025 r.,<\/strong><\/li>\n<\/ul>\n\n\n\n<p>gminy: Dobiegniew, Strzelce Kraje\u0144skie, Drezdenko, Stare Kurowo, Zwierzyn, K\u0142odawa, Santok, Deszczno, Bogdaniec, Witnica, Kostrzyn nad Odr\u0105, Lubiszyn, Gorz\u00f3w Wlkp., S\u0142o\u0144sk, Krzeszyce, Lubniewice, Bledzew, Skwierzyna, G\u00f3rzyca, O\u015bno Lubuskie.<\/p>\n\n\n\n<p><strong>Urz\u0105d Miasta w Gorzowie Wlkp. Sala sesyjna, ul. Sikorskiego 4, 66-400 Gorz\u00f3w Wlkp.<\/strong><\/p>\n\n\n\n<ul class=\"wp-block-list\">\n<li><strong>18 wrze\u015bnia, 2025 r., godz. 10.00, potwierdzenie udzia\u0142u do dnia 10.09.2025 r.,<\/strong><\/li>\n<\/ul>\n\n\n\n<p>gminy: Sk\u0105pe, Szczaniec, Zb\u0105szynek, \u015awiebodzin, Lubrza, \u0141ag\u00f3w, Trzciel, Mi\u0119dzyrzecz, Pszczew, Przytoczna.<\/p>\n\n\n\n<p><strong>Sala sesyjna ratusza, Plac Jana Paw\u0142a II 1, 66-200 \u015awiebodzin<\/strong><\/p>\n\n\n\n<ul class=\"wp-block-list\">\n<li><strong>23 wrze\u015bnia 2025 r., godz. 10.00, potwierdzenie udzia\u0142u do dnia 10.09.2025 r.,<\/strong><\/li>\n<\/ul>\n\n\n\n<p>gminy: Brze\u017anica, Niegos\u0142awice, Szprotawa, Ma\u0142omice, \u017baga\u0144 Miasto, \u017baga\u0144 Gmina, I\u0142owa, Gozdnica, Wymiarki, \u017bary Miasto, \u017bary Gmina, Jasie\u0144, Lubsko, Tuplice, Trzebiel, \u0141\u0119knica, Przew\u00f3z, Lipinki \u0141u\u017cyckie.<\/p>\n\n\n\n<p><strong>Sala konferencyjna w \u017baga\u0144skim Pa\u0142acu Kultury, ul. Jana Paw\u0142a II 7, 68-100 \u017baga\u0144.<\/strong><\/p>\n\n\n\n<figure class=\"wp-block-gallery has-nested-images columns-default is-cropped wp-block-gallery-1 is-layout-flex wp-block-gallery-is-layout-flex\">\n<figure class=\"wp-block-image size-large\"><img loading=\"lazy\" decoding=\"async\" width=\"640\" height=\"1024\" data-id=\"975\" src=\"https:\/\/zde.wfosigw.zgora.pl\/wp-content\/uploads\/2025\/09\/539383488_1278147310769471_5436261325678376958_n-640x1024.jpg\" alt=\"\" class=\"wp-image-975\" srcset=\"https:\/\/zde.wfosigw.zgora.pl\/wp-content\/uploads\/2025\/09\/539383488_1278147310769471_5436261325678376958_n-640x1024.jpg 640w, https:\/\/zde.wfosigw.zgora.pl\/wp-content\/uploads\/2025\/09\/539383488_1278147310769471_5436261325678376958_n-188x300.jpg 188w, https:\/\/zde.wfosigw.zgora.pl\/wp-content\/uploads\/2025\/09\/539383488_1278147310769471_5436261325678376958_n-768x1229.jpg 768w, https:\/\/zde.wfosigw.zgora.pl\/wp-content\/uploads\/2025\/09\/539383488_1278147310769471_5436261325678376958_n-960x1536.jpg 960w, https:\/\/zde.wfosigw.zgora.pl\/wp-content\/uploads\/2025\/09\/539383488_1278147310769471_5436261325678376958_n.jpg 1000w\" sizes=\"auto, (max-width: 640px) 100vw, 640px\" \/><\/figure>\n\n\n\n<figure class=\"wp-block-image size-large\"><img loading=\"lazy\" decoding=\"async\" width=\"1024\" height=\"768\" data-id=\"974\" src=\"https:\/\/zde.wfosigw.zgora.pl\/wp-content\/uploads\/2025\/09\/539133643_1278029950781207_5495354814044597757_n-1024x768.jpg\" alt=\"\" class=\"wp-image-974\" srcset=\"https:\/\/zde.wfosigw.zgora.pl\/wp-content\/uploads\/2025\/09\/539133643_1278029950781207_5495354814044597757_n-1024x768.jpg 1024w, https:\/\/zde.wfosigw.zgora.pl\/wp-content\/uploads\/2025\/09\/539133643_1278029950781207_5495354814044597757_n-300x225.jpg 300w, https:\/\/zde.wfosigw.zgora.pl\/wp-content\/uploads\/2025\/09\/539133643_1278029950781207_5495354814044597757_n-768x576.jpg 768w, https:\/\/zde.wfosigw.zgora.pl\/wp-content\/uploads\/2025\/09\/539133643_1278029950781207_5495354814044597757_n-1536x1152.jpg 1536w, https:\/\/zde.wfosigw.zgora.pl\/wp-content\/uploads\/2025\/09\/539133643_1278029950781207_5495354814044597757_n.jpg 1600w\" sizes=\"auto, (max-width: 1024px) 100vw, 1024px\" \/><\/figure>\n\n\n\n<figure class=\"wp-block-image size-large\"><img loading=\"lazy\" decoding=\"async\" width=\"1024\" height=\"768\" data-id=\"973\" src=\"https:\/\/zde.wfosigw.zgora.pl\/wp-content\/uploads\/2025\/09\/538601873_1278030067447862_4338242045866116524_n-1024x768.jpg\" alt=\"\" class=\"wp-image-973\" srcset=\"https:\/\/zde.wfosigw.zgora.pl\/wp-content\/uploads\/2025\/09\/538601873_1278030067447862_4338242045866116524_n-1024x768.jpg 1024w, https:\/\/zde.wfosigw.zgora.pl\/wp-content\/uploads\/2025\/09\/538601873_1278030067447862_4338242045866116524_n-300x225.jpg 300w, https:\/\/zde.wfosigw.zgora.pl\/wp-content\/uploads\/2025\/09\/538601873_1278030067447862_4338242045866116524_n-768x576.jpg 768w, https:\/\/zde.wfosigw.zgora.pl\/wp-content\/uploads\/2025\/09\/538601873_1278030067447862_4338242045866116524_n-1536x1152.jpg 1536w, https:\/\/zde.wfosigw.zgora.pl\/wp-content\/uploads\/2025\/09\/538601873_1278030067447862_4338242045866116524_n.jpg 2040w\" sizes=\"auto, (max-width: 1024px) 100vw, 1024px\" \/><\/figure>\n\n\n\n<figure class=\"wp-block-image size-large\"><img loading=\"lazy\" decoding=\"async\" width=\"1024\" height=\"768\" data-id=\"972\" src=\"https:\/\/zde.wfosigw.zgora.pl\/wp-content\/uploads\/2025\/09\/540533906_1278029680781234_6297496550195750065_n-1024x768.jpg\" alt=\"\" class=\"wp-image-972\" srcset=\"https:\/\/zde.wfosigw.zgora.pl\/wp-content\/uploads\/2025\/09\/540533906_1278029680781234_6297496550195750065_n-1024x768.jpg 1024w, https:\/\/zde.wfosigw.zgora.pl\/wp-content\/uploads\/2025\/09\/540533906_1278029680781234_6297496550195750065_n-300x225.jpg 300w, https:\/\/zde.wfosigw.zgora.pl\/wp-content\/uploads\/2025\/09\/540533906_1278029680781234_6297496550195750065_n-768x576.jpg 768w, https:\/\/zde.wfosigw.zgora.pl\/wp-content\/uploads\/2025\/09\/540533906_1278029680781234_6297496550195750065_n-1536x1152.jpg 1536w, https:\/\/zde.wfosigw.zgora.pl\/wp-content\/uploads\/2025\/09\/540533906_1278029680781234_6297496550195750065_n.jpg 1600w\" sizes=\"auto, (max-width: 1024px) 100vw, 1024px\" \/><\/figure>\n<\/figure>\n","protected":false},"excerpt":{"rendered":"<p>Wojew\u00f3dzki Fundusz Ochrony \u015arodowiska i Gospodarki Wodnej w Zielonej G\u00f3rze zainaugurowa\u0142 cykl spotka\u0144 edukacyjnych pod has\u0142em: \u201eJak dobrze przygotowa\u0107 si\u0119 do termomodernizacji budynku \u2013 podstawy sporz\u0105dzania i weryfikacji audyt\u00f3w energetycznych oraz \u015bwiadectw charakterystyki energetycznej\u201d Za nami pierwsze szkolenie, w kt\u00f3rym udzia\u0142 wzi\u0119li przedstawiciele gmin: Zielona G\u00f3ra, \u015awidnica, Trzebiech\u00f3w, Bojad\u0142a i Zab\u00f3r. Serdecznie dzi\u0119kujemy wszystkim uczestnikom&hellip;&nbsp;<a href=\"https:\/\/zde.wfosigw.zgora.pl\/index.php\/2025\/09\/01\/pierwsze-szkolenia-dla-przedstawicieli-lubuskich-gmin-za-nami\/\" rel=\"bookmark\">Dowiedz si\u0119 wi\u0119cej &raquo;<span class=\"screen-reader-text\">Pierwsze szkolenia dla przedstawicieli lubuskich gmin za nami!<\/span><\/a><\/p>\n","protected":false},"author":3,"featured_media":973,"comment_status":"closed","ping_status":"closed","sticky":false,"template":"","format":"standard","meta":{"neve_meta_sidebar":"","neve_meta_container":"","neve_meta_enable_content_width":"","neve_meta_content_width":0,"neve_meta_title_alignment":"","neve_meta_author_avatar":"","neve_post_elements_order":"","neve_meta_disable_header":"","neve_meta_disable_footer":"","neve_meta_disable_title":"","_themeisle_gutenberg_block_has_review":false,"footnotes":""},"categories":[8],"tags":[],"class_list":["post-971","post","type-post","status-publish","format-standard","has-post-thumbnail","hentry","category-aktualnosci"],"_links":{"self":[{"href":"https:\/\/zde.wfosigw.zgora.pl\/index.php\/wp-json\/wp\/v2\/posts\/971","targetHints":{"allow":["GET"]}}],"collection":[{"href":"https:\/\/zde.wfosigw.zgora.pl\/index.php\/wp-json\/wp\/v2\/posts"}],"about":[{"href":"https:\/\/zde.wfosigw.zgora.pl\/index.php\/wp-json\/wp\/v2\/types\/post"}],"author":[{"embeddable":true,"href":"https:\/\/zde.wfosigw.zgora.pl\/index.php\/wp-json\/wp\/v2\/users\/3"}],"replies":[{"embeddable":true,"href":"https:\/\/zde.wfosigw.zgora.pl\/index.php\/wp-json\/wp\/v2\/comments?post=971"}],"version-history":[{"count":1,"href":"https:\/\/zde.wfosigw.zgora.pl\/index.php\/wp-json\/wp\/v2\/posts\/971\/revisions"}],"predecessor-version":[{"id":976,"href":"https:\/\/zde.wfosigw.zgora.pl\/index.php\/wp-json\/wp\/v2\/posts\/971\/revisions\/976"}],"wp:featuredmedia":[{"embeddable":true,"href":"https:\/\/zde.wfosigw.zgora.pl\/index.php\/wp-json\/wp\/v2\/media\/973"}],"wp:attachment":[{"href":"https:\/\/zde.wfosigw.zgora.pl\/index.php\/wp-json\/wp\/v2\/media?parent=971"}],"wp:term":[{"taxonomy":"category","embeddable":true,"href":"https:\/\/zde.wfosigw.zgora.pl\/index.php\/wp-json\/wp\/v2\/categories?post=971"},{"taxonomy":"post_tag","embeddable":true,"href":"https:\/\/zde.wfosigw.zgora.pl\/index.php\/wp-json\/wp\/v2\/tags?post=971"}],"curies":[{"name":"wp","href":"https:\/\/api.w.org\/{rel}","templated":true}]}}