{"id":991,"date":"2025-09-08T11:44:13","date_gmt":"2025-09-08T10:44:13","guid":{"rendered":"https:\/\/zde.wfosigw.zgora.pl\/?p=991"},"modified":"2025-09-08T11:44:14","modified_gmt":"2025-09-08T10:44:14","slug":"26-lubuskie-swieto-plonow-pelne-ekologicznych-inspiracji","status":"publish","type":"post","link":"https:\/\/zde.wfosigw.zgora.pl\/index.php\/2025\/09\/08\/26-lubuskie-swieto-plonow-pelne-ekologicznych-inspiracji\/","title":{"rendered":"26 Lubuskie \u015awi\u0119to Plon\u00f3w pe\u0142ne ekologicznych inspiracji"},"content":{"rendered":"\n<figure class=\"wp-block-image size-full\"><img loading=\"lazy\" decoding=\"async\" width=\"619\" height=\"60\" src=\"https:\/\/zde.wfosigw.zgora.pl\/wp-content\/uploads\/2025\/06\/image.png\" alt=\"\" class=\"wp-image-879\" srcset=\"https:\/\/zde.wfosigw.zgora.pl\/wp-content\/uploads\/2025\/06\/image.png 619w, https:\/\/zde.wfosigw.zgora.pl\/wp-content\/uploads\/2025\/06\/image-300x29.png 300w\" sizes=\"auto, (max-width: 619px) 100vw, 619px\" \/><\/figure>\n\n\n\n<p>W minion\u0105 sobot\u0119 mieli\u015bmy ogromn\u0105 przyjemno\u015b\u0107 uczestniczy\u0107 w 26. Lubuskim \u015awi\u0119cie Plon\u00f3w w Nowym Kurowie. Wydarzenie odby\u0142o si\u0119 z naszym udzia\u0142em \u2013 stoiskiem WFO\u015aiGW w Zielonej G\u00f3rze oraz Projektu Doradztwa Energetycznego.<\/p>\n\n\n\n<p>Rozmach wydarzenia i zainteresowanie uczestnik\u00f3w przesz\u0142y nasze naj\u015bmielsze oczekiwania. Dzi\u0119kujemy wszystkim, kt\u00f3rzy odwiedzili nasze stoisko i zaanga\u017cowali si\u0119 w rozmowy na temat ochrony \u015brodowiska.<\/p>\n\n\n\n<p>Podczas wydarzenia:<\/p>\n\n\n\n<ul class=\"wp-block-list\">\n<li>odpowiadali\u015bmy na pytania dotycz\u0105ce Programu \u201eCzyste Powietrze\u201d,<\/li>\n\n\n\n<li>zach\u0119cali\u015bmy do poszerzania wiedzy ekologicznej,<\/li>\n\n\n\n<li>rozdawali\u015bmy materia\u0142y informacyjne, kt\u00f3re \u2013 mamy nadziej\u0119 \u2013 b\u0119d\u0105 inspiracj\u0105 do dalszych dzia\u0142a\u0144 na rzecz \u015brodowiska.<\/li>\n<\/ul>\n\n\n\n<p>Na naszym stoisku mo\u017cna by\u0142o znale\u017a\u0107:<\/p>\n\n\n\n<ul class=\"wp-block-list\">\n<li>informacje o programie \u201eCzyste Powietrze\u201d, Projekcie Doradztwa Energetycznego oraz innych inicjatywach ekologicznych,<\/li>\n\n\n\n<li>stref\u0119 wypoczynku dla odwiedzaj\u0105cych,<\/li>\n\n\n\n<li>k\u0105cik kreatywny dla dzieci z kolorowankami,<\/li>\n\n\n\n<li>konkursy z nagrodami o tematyce ekologicznej,<\/li>\n\n\n\n<li>\u015bwie\u017ce owoce dost\u0119pne dla ka\u017cdego uczestnika.<\/li>\n<\/ul>\n\n\n\n<p>To by\u0142a \u015bwietna okazja, by po\u0142\u0105czy\u0107 edukacj\u0119 ekologiczn\u0105 z przyjazn\u0105 atmosfer\u0105 i wsp\u00f3lnym \u015bwi\u0119towaniem.<\/p>\n\n\n\n<p>Serdecznie dzi\u0119kujemy Wojew\u00f3dztwu Lubuskiemu za zaproszenie i wzorow\u0105 organizacj\u0119 wydarzenia.<\/p>\n\n\n\n<p>Do zobaczenia na kolejnych spotkaniach po\u015bwi\u0119conych \u015brodowisku i zr\u00f3wnowa\u017conemu rozwojowi!<\/p>\n\n\n\n<p class=\"has-text-align-center\"><strong>Og\u00f3lnopolski Projekt Doradztwa Energetycznego<\/strong> to operacja o znaczeniu strategicznym, kt\u00f3ra wnosi istotny wk\u0142ad w realizacj\u0119 cel\u00f3w programu FEnIKS 2021\u20132027.<\/p>\n\n\n\n<p class=\"has-text-align-center\"><strong>Partner wiod\u0105cy:<\/strong> NFO\u015aiGW w Warszawie we wsp\u00f3\u0142pracy z 16 WFO\u015aiGW.<\/p>\n\n\n\n<p class=\"has-text-align-center\"><a href=\"https:\/\/www.facebook.com\/hashtag\/funduszeeuropejskie?__eep__=6&amp;__cft__%5b0%5d=AZX_mGXzI29o87ENpYKLJsrGfFyFHsxi-Ptw5eJP3GOlcoh-I37x389j69vs-s7mB9rx32diqYE2WA3u8jGwf1eDoutQ2Ms8X_D2xD42OSlhGi94Gr-5985EMG8cYDnb3GK1Zt8O6E5vNir8cMQ3WFxFtA7Lz3gN6m8gUDyMmC7C-4BI4j3OuFS9U1PFl4DVJHw&amp;__tn__=*NK-R\">#FunduszeEuropejskie<\/a>&nbsp;<a href=\"https:\/\/www.facebook.com\/hashtag\/funduszeeu?__eep__=6&amp;__cft__%5b0%5d=AZX_mGXzI29o87ENpYKLJsrGfFyFHsxi-Ptw5eJP3GOlcoh-I37x389j69vs-s7mB9rx32diqYE2WA3u8jGwf1eDoutQ2Ms8X_D2xD42OSlhGi94Gr-5985EMG8cYDnb3GK1Zt8O6E5vNir8cMQ3WFxFtA7Lz3gN6m8gUDyMmC7C-4BI4j3OuFS9U1PFl4DVJHw&amp;__tn__=*NK-R\">#FunduszeEU<\/a><\/p>\n\n\n\n<figure class=\"wp-block-gallery has-nested-images columns-default is-cropped wp-block-gallery-1 is-layout-flex wp-block-gallery-is-layout-flex\">\n<figure class=\"wp-block-image size-large\"><img loading=\"lazy\" decoding=\"async\" width=\"1024\" height=\"768\" data-id=\"997\" src=\"https:\/\/zde.wfosigw.zgora.pl\/wp-content\/uploads\/2025\/09\/20250906_130234-1024x768.jpg\" alt=\"\" class=\"wp-image-997\" srcset=\"https:\/\/zde.wfosigw.zgora.pl\/wp-content\/uploads\/2025\/09\/20250906_130234-1024x768.jpg 1024w, https:\/\/zde.wfosigw.zgora.pl\/wp-content\/uploads\/2025\/09\/20250906_130234-300x225.jpg 300w, https:\/\/zde.wfosigw.zgora.pl\/wp-content\/uploads\/2025\/09\/20250906_130234-768x576.jpg 768w, https:\/\/zde.wfosigw.zgora.pl\/wp-content\/uploads\/2025\/09\/20250906_130234-1536x1152.jpg 1536w, https:\/\/zde.wfosigw.zgora.pl\/wp-content\/uploads\/2025\/09\/20250906_130234-2048x1536.jpg 2048w\" sizes=\"auto, (max-width: 1024px) 100vw, 1024px\" \/><\/figure>\n\n\n\n<figure class=\"wp-block-image size-large\"><img loading=\"lazy\" decoding=\"async\" width=\"1024\" height=\"768\" data-id=\"996\" src=\"https:\/\/zde.wfosigw.zgora.pl\/wp-content\/uploads\/2025\/09\/20250906_130328-1024x768.jpg\" alt=\"\" class=\"wp-image-996\" srcset=\"https:\/\/zde.wfosigw.zgora.pl\/wp-content\/uploads\/2025\/09\/20250906_130328-1024x768.jpg 1024w, https:\/\/zde.wfosigw.zgora.pl\/wp-content\/uploads\/2025\/09\/20250906_130328-300x225.jpg 300w, https:\/\/zde.wfosigw.zgora.pl\/wp-content\/uploads\/2025\/09\/20250906_130328-768x576.jpg 768w, https:\/\/zde.wfosigw.zgora.pl\/wp-content\/uploads\/2025\/09\/20250906_130328-1536x1152.jpg 1536w, https:\/\/zde.wfosigw.zgora.pl\/wp-content\/uploads\/2025\/09\/20250906_130328-2048x1536.jpg 2048w\" sizes=\"auto, (max-width: 1024px) 100vw, 1024px\" \/><\/figure>\n\n\n\n<figure class=\"wp-block-image size-large\"><img loading=\"lazy\" decoding=\"async\" width=\"768\" height=\"1024\" data-id=\"995\" src=\"https:\/\/zde.wfosigw.zgora.pl\/wp-content\/uploads\/2025\/09\/IMG-20250908-WA0007-768x1024.jpg\" alt=\"\" class=\"wp-image-995\" srcset=\"https:\/\/zde.wfosigw.zgora.pl\/wp-content\/uploads\/2025\/09\/IMG-20250908-WA0007-768x1024.jpg 768w, https:\/\/zde.wfosigw.zgora.pl\/wp-content\/uploads\/2025\/09\/IMG-20250908-WA0007-225x300.jpg 225w, https:\/\/zde.wfosigw.zgora.pl\/wp-content\/uploads\/2025\/09\/IMG-20250908-WA0007-1152x1536.jpg 1152w, https:\/\/zde.wfosigw.zgora.pl\/wp-content\/uploads\/2025\/09\/IMG-20250908-WA0007.jpg 1512w\" sizes=\"auto, (max-width: 768px) 100vw, 768px\" \/><\/figure>\n\n\n\n<figure class=\"wp-block-image size-large\"><img loading=\"lazy\" decoding=\"async\" width=\"1024\" height=\"768\" data-id=\"992\" src=\"https:\/\/zde.wfosigw.zgora.pl\/wp-content\/uploads\/2025\/09\/IMG-20250908-WA00021-1024x768.jpg\" alt=\"\" class=\"wp-image-992\" srcset=\"https:\/\/zde.wfosigw.zgora.pl\/wp-content\/uploads\/2025\/09\/IMG-20250908-WA00021-1024x768.jpg 1024w, https:\/\/zde.wfosigw.zgora.pl\/wp-content\/uploads\/2025\/09\/IMG-20250908-WA00021-300x225.jpg 300w, https:\/\/zde.wfosigw.zgora.pl\/wp-content\/uploads\/2025\/09\/IMG-20250908-WA00021-768x576.jpg 768w, https:\/\/zde.wfosigw.zgora.pl\/wp-content\/uploads\/2025\/09\/IMG-20250908-WA00021-1536x1152.jpg 1536w, https:\/\/zde.wfosigw.zgora.pl\/wp-content\/uploads\/2025\/09\/IMG-20250908-WA00021.jpg 2016w\" sizes=\"auto, (max-width: 1024px) 100vw, 1024px\" \/><\/figure>\n\n\n\n<figure class=\"wp-block-image size-large\"><img loading=\"lazy\" decoding=\"async\" width=\"768\" height=\"1024\" data-id=\"994\" src=\"https:\/\/zde.wfosigw.zgora.pl\/wp-content\/uploads\/2025\/09\/IMG-20250908-WA0005-768x1024.jpg\" alt=\"\" class=\"wp-image-994\" srcset=\"https:\/\/zde.wfosigw.zgora.pl\/wp-content\/uploads\/2025\/09\/IMG-20250908-WA0005-768x1024.jpg 768w, https:\/\/zde.wfosigw.zgora.pl\/wp-content\/uploads\/2025\/09\/IMG-20250908-WA0005-225x300.jpg 225w, https:\/\/zde.wfosigw.zgora.pl\/wp-content\/uploads\/2025\/09\/IMG-20250908-WA0005-1152x1536.jpg 1152w, https:\/\/zde.wfosigw.zgora.pl\/wp-content\/uploads\/2025\/09\/IMG-20250908-WA0005.jpg 1512w\" sizes=\"auto, (max-width: 768px) 100vw, 768px\" \/><\/figure>\n<\/figure>\n","protected":false},"excerpt":{"rendered":"<p>W minion\u0105 sobot\u0119 mieli\u015bmy ogromn\u0105 przyjemno\u015b\u0107 uczestniczy\u0107 w 26. Lubuskim \u015awi\u0119cie Plon\u00f3w w Nowym Kurowie. Wydarzenie odby\u0142o si\u0119 z naszym udzia\u0142em \u2013 stoiskiem WFO\u015aiGW w Zielonej G\u00f3rze oraz Projektu Doradztwa Energetycznego. Rozmach wydarzenia i zainteresowanie uczestnik\u00f3w przesz\u0142y nasze naj\u015bmielsze oczekiwania. Dzi\u0119kujemy wszystkim, kt\u00f3rzy odwiedzili nasze stoisko i zaanga\u017cowali si\u0119 w rozmowy na temat ochrony \u015brodowiska.&hellip;&nbsp;<a href=\"https:\/\/zde.wfosigw.zgora.pl\/index.php\/2025\/09\/08\/26-lubuskie-swieto-plonow-pelne-ekologicznych-inspiracji\/\" rel=\"bookmark\">Dowiedz si\u0119 wi\u0119cej &raquo;<span class=\"screen-reader-text\">26 Lubuskie \u015awi\u0119to Plon\u00f3w pe\u0142ne ekologicznych inspiracji<\/span><\/a><\/p>\n","protected":false},"author":3,"featured_media":997,"comment_status":"closed","ping_status":"closed","sticky":false,"template":"","format":"standard","meta":{"neve_meta_sidebar":"","neve_meta_container":"","neve_meta_enable_content_width":"","neve_meta_content_width":0,"neve_meta_title_alignment":"","neve_meta_author_avatar":"","neve_post_elements_order":"","neve_meta_disable_header":"","neve_meta_disable_footer":"","neve_meta_disable_title":"","_themeisle_gutenberg_block_has_review":false,"footnotes":""},"categories":[8],"tags":[],"class_list":["post-991","post","type-post","status-publish","format-standard","has-post-thumbnail","hentry","category-aktualnosci"],"_links":{"self":[{"href":"https:\/\/zde.wfosigw.zgora.pl\/index.php\/wp-json\/wp\/v2\/posts\/991","targetHints":{"allow":["GET"]}}],"collection":[{"href":"https:\/\/zde.wfosigw.zgora.pl\/index.php\/wp-json\/wp\/v2\/posts"}],"about":[{"href":"https:\/\/zde.wfosigw.zgora.pl\/index.php\/wp-json\/wp\/v2\/types\/post"}],"author":[{"embeddable":true,"href":"https:\/\/zde.wfosigw.zgora.pl\/index.php\/wp-json\/wp\/v2\/users\/3"}],"replies":[{"embeddable":true,"href":"https:\/\/zde.wfosigw.zgora.pl\/index.php\/wp-json\/wp\/v2\/comments?post=991"}],"version-history":[{"count":1,"href":"https:\/\/zde.wfosigw.zgora.pl\/index.php\/wp-json\/wp\/v2\/posts\/991\/revisions"}],"predecessor-version":[{"id":998,"href":"https:\/\/zde.wfosigw.zgora.pl\/index.php\/wp-json\/wp\/v2\/posts\/991\/revisions\/998"}],"wp:featuredmedia":[{"embeddable":true,"href":"https:\/\/zde.wfosigw.zgora.pl\/index.php\/wp-json\/wp\/v2\/media\/997"}],"wp:attachment":[{"href":"https:\/\/zde.wfosigw.zgora.pl\/index.php\/wp-json\/wp\/v2\/media?parent=991"}],"wp:term":[{"taxonomy":"category","embeddable":true,"href":"https:\/\/zde.wfosigw.zgora.pl\/index.php\/wp-json\/wp\/v2\/categories?post=991"},{"taxonomy":"post_tag","embeddable":true,"href":"https:\/\/zde.wfosigw.zgora.pl\/index.php\/wp-json\/wp\/v2\/tags?post=991"}],"curies":[{"name":"wp","href":"https:\/\/api.w.org\/{rel}","templated":true}]}}